{"id":5766,"date":"2024-11-29T02:19:03","date_gmt":"2024-11-29T06:19:03","guid":{"rendered":"https:\/\/agromt.news\/?p=5766"},"modified":"2024-11-29T02:19:03","modified_gmt":"2024-11-29T06:19:03","slug":"rs-conclui-97-da-colheita-de-trigo","status":"publish","type":"post","link":"https:\/\/agromt.news\/?p=5766","title":{"rendered":"RS conclui 97% da colheita de trigo"},"content":{"rendered":"<p> <br \/>\n<\/p>\n<div>\n<div class=\"row\">\n<div class=\"col-lg col-infos mt-3 mt-lg-0\">\n<div class=\"section-sub-title\">\n<p itemprop=\"description\">&#13;<br \/>\n                                Produtividade enfrenta impacto clim\u00e1tico&#13;\n                            <\/p>\n<\/p><\/div>\n<div class=\"container\">\n<div class=\"row\">\n<div class=\"col-lg p-0\">\n<div>\n<div class=\"block-news-main-infos mt-3 text-start\">\n<p>                                            <strong class=\"fn\" itemprop=\"author\" style=\"color: rgb(112, 112, 112); \">&#13;<br \/>\n                                                <a href=\"https:\/\/www.agrolink.com.br\/noticias\/javascript:;\" class=\"text-uppercase\" target=\"_blank\" style=\"color: rgb(112, 112, 112); \" rel=\"noopener\">Agrolink<\/a>&#13;<br \/>\n&#13;<br \/>\n                                                    &#8211; Seane Lennon&#13;<br \/>\n&#13;<br \/>\n                                            <\/strong><br \/>\n                                        <\/p>\n<p>                                            <abbr><time datetime=\"2024-11-28T18:00\" itemprop=\"datePublished dateModified\">Publicado em 28\/11\/2024 \u00e0s 18:00h.<\/time><\/abbr><br \/>\n                                            <\/p><\/div>\n<\/p><\/div>\n<\/p><\/div>\n<div class=\"col-lg p-0 text-lg-end\">\n<div>\n<div id=\"mdEnviarPagina\" class=\"modal fade\" role=\"dialog\">\n<div class=\"modal-dialog\">\n<div class=\"modal-content\">\n<div class=\"modal-body\">\n<p><strong>Estimado usu\u00e1rio.<\/strong><br \/>Preencha o formul\u00e1rio abaixo para remeter a p\u00e1gina.<\/p>\n<\/p><\/div>\n<\/p><\/div>\n<\/p><\/div>\n<\/div><\/div>\n<\/p><\/div>\n<\/p><\/div>\n<\/p><\/div>\n<\/p><\/div>\n<\/p><\/div>\n<div class=\"row justify-content-md-center mt-3\">\n<div class=\"col-lg-auto col-image  block-news-main-image d-none d-md-block\">\n<p>                            <img decoding=\"async\" src=\"https:\/\/www.agrolink.com.br\/upload\/imagens-resizes\/9db6cfa5c9904a838e561406620c8a71_858x483.jpg\" class=\"lazyload \"\/><br \/>\n                                            <span class=\"publicity-photo d-block mt-1\">Foto: Canva<\/span><\/p><\/div>\n<\/p><\/div>\n<div class=\"section-description section-description-noticias mt-3\">\n<p style=\"text-align:justify\">O Informativo Conjuntural divulgado nesta quinta-feira (28) pela Emater\/RS-Ascar aponta que 97% da \u00e1rea cultivada com <a href=\"https:\/\/www.agrolink.com.br\/culturas\/trigo\/?utm_source=agrolink-detalhe-noticia&amp;utm_medium=detalhe-noticia&amp;utm_campaign=links-internos\" target=\"_blank\" rel=\"noopener\">trigo<\/a>\u00a0j\u00e1 foi colhida no Rio Grande do Sul. A opera\u00e7\u00e3o est\u00e1 praticamente conclu\u00edda em grande parte do estado, restando apenas lavouras em fase final de matura\u00e7\u00e3o fisiol\u00f3gica, localizadas principalmente nas regi\u00f5es da Campanha, Sul e Campos de Cima da Serra. Essas \u00e1reas possuem caracter\u00edsticas clim\u00e1ticas espec\u00edficas que resultam em plantio e colheita tardios.&#13;\n<\/p>\n<p style=\"text-align:justify\">A produtividade e a qualidade dos gr\u00e3os t\u00eam apresentado varia\u00e7\u00f5es entre as regi\u00f5es, o que pode impactar negativamente o rendimento estadual. No Noroeste, Planalto M\u00e9dio, Centro e Metade Sul, os resultados ficaram aqu\u00e9m das expectativas iniciais devido \u00e0s chuvas prolongadas, que dificultaram o manejo fitossanit\u00e1rio, favoreceram o surgimento de pat\u00f3genos e interferiram no momento da colheita.&#13;\n<\/p>\n<p><a href=\"https:\/\/www.whatsapp.com\/channel\/0029Va6ABTpIHphIQkFBgA12\" target=\"_blank\" rel=\"noopener\">Clique para seguir o canal do Agrolink no WhatsApp<\/a><\/p>\n<p style=\"text-align:justify\">Por outro lado, a regi\u00e3o Nordeste do estado vive um cen\u00e1rio mais favor\u00e1vel, com uma safra considerada bem-sucedida. A \u00e1rea total cultivada com trigo no Rio Grande do Sul alcan\u00e7ou 1.322.167 hectares, e a produtividade estimada \u00e9 de 3.116 kg\/ha. Contudo, essa proje\u00e7\u00e3o ser\u00e1 revisada ao t\u00e9rmino da safra.&#13;\n<\/p>\n<p style=\"text-align:justify\">Em rela\u00e7\u00e3o \u00e0 comercializa\u00e7\u00e3o, o levantamento semanal da Emater\/RS-Ascar revelou uma redu\u00e7\u00e3o de 2,33% no pre\u00e7o m\u00e9dio da saca de 60 quilos com PH 78, que caiu de R$ 68,15 para R$ 66,56.<\/p>\n<\/p><\/div>\n<\/p><\/div>\n<p><script data-cfasync=\"false\">\n    !function (f, b, e, v, n, t, s) {\n        if (f.fbq) return; n = f.fbq = function () {\n            n.callMethod ?\n                n.callMethod.apply(n, arguments) : n.queue.push(arguments)\n        };\n        if (!f._fbq) f._fbq = n; n.push = n; n.loaded = !0; n.version = '2.0';\n        n.queue = []; t = b.createElement(e); t.async = !0;\n        t.src = v; s = b.getElementsByTagName(e)[0];\n        s.parentNode.insertBefore(t, s)\n    }(window, document, 'script',\n        'https:\/\/connect.facebook.net\/en_US\/fbevents.js');\n    fbq('init', '522546078623747');\n    fbq('track', 'PageView');\n<\/script><br \/>\n<br \/><br \/>\n<br \/><a href=\"https:\/\/www.agrolink.com.br\/noticias\/rs-conclui-97--da-colheita-de-trigo_497208.html\">Source link <\/a><\/p>\n","protected":false},"excerpt":{"rendered":"<p>&#13; Produtividade enfrenta impacto clim\u00e1tico&#13; &#13; Agrolink&#13; &#13; &#8211; Seane Lennon&#13; &#13; Publicado em 28\/11\/2024 \u00e0s 18:00h. Estimado usu\u00e1rio.Preencha o<\/p>\n","protected":false},"author":1,"featured_media":5767,"comment_status":"open","ping_status":"open","sticky":false,"template":"","format":"standard","meta":{"_monsterinsights_skip_tracking":false,"_monsterinsights_sitenote_active":false,"_monsterinsights_sitenote_note":"","_monsterinsights_sitenote_category":0,"_uf_show_specific_survey":0,"_uf_disable_surveys":false,"footnotes":""},"categories":[8,1,14],"tags":[],"class_list":["post-5766","post","type-post","status-publish","format-standard","has-post-thumbnail","hentry","category-agro","category-news","category-politica-agro"],"_links":{"self":[{"href":"https:\/\/agromt.news\/index.php?rest_route=\/wp\/v2\/posts\/5766"}],"collection":[{"href":"https:\/\/agromt.news\/index.php?rest_route=\/wp\/v2\/posts"}],"about":[{"href":"https:\/\/agromt.news\/index.php?rest_route=\/wp\/v2\/types\/post"}],"author":[{"embeddable":true,"href":"https:\/\/agromt.news\/index.php?rest_route=\/wp\/v2\/users\/1"}],"replies":[{"embeddable":true,"href":"https:\/\/agromt.news\/index.php?rest_route=%2Fwp%2Fv2%2Fcomments&post=5766"}],"version-history":[{"count":0,"href":"https:\/\/agromt.news\/index.php?rest_route=\/wp\/v2\/posts\/5766\/revisions"}],"wp:featuredmedia":[{"embeddable":true,"href":"https:\/\/agromt.news\/index.php?rest_route=\/wp\/v2\/media\/5767"}],"wp:attachment":[{"href":"https:\/\/agromt.news\/index.php?rest_route=%2Fwp%2Fv2%2Fmedia&parent=5766"}],"wp:term":[{"taxonomy":"category","embeddable":true,"href":"https:\/\/agromt.news\/index.php?rest_route=%2Fwp%2Fv2%2Fcategories&post=5766"},{"taxonomy":"post_tag","embeddable":true,"href":"https:\/\/agromt.news\/index.php?rest_route=%2Fwp%2Fv2%2Ftags&post=5766"}],"curies":[{"name":"wp","href":"https:\/\/api.w.org\/{rel}","templated":true}]}}