{"id":5762,"date":"2024-11-28T22:27:01","date_gmt":"2024-11-29T02:27:01","guid":{"rendered":"https:\/\/agromt.news\/?p=5762"},"modified":"2024-11-28T22:27:01","modified_gmt":"2024-11-29T02:27:01","slug":"deficit-hidrico-impacta-milho-silagem-no-rs","status":"publish","type":"post","link":"https:\/\/agromt.news\/?p=5762","title":{"rendered":"D\u00e9ficit h\u00eddrico impacta milho silagem no RS"},"content":{"rendered":"<p> <br \/>\n<\/p>\n<div>\n<div class=\"row\">\n<div class=\"col-lg col-infos mt-3 mt-lg-0\">\n<div class=\"section-sub-title\">\n<p itemprop=\"description\">&#13;<br \/>\n                                Potencial produtivo \u00e9 mantido&#13;\n                            <\/p>\n<\/p><\/div>\n<div class=\"container\">\n<div class=\"row\">\n<div class=\"col-lg p-0\">\n<div>\n<div class=\"block-news-main-infos mt-3 text-start\">\n<p>                                            <strong class=\"fn\" itemprop=\"author\" style=\"color: rgb(112, 112, 112); \">&#13;<br \/>\n                                                <a href=\"https:\/\/www.agrolink.com.br\/noticias\/javascript:;\" class=\"text-uppercase\" target=\"_blank\" style=\"color: rgb(112, 112, 112); \" rel=\"noopener\">Agrolink<\/a>&#13;<br \/>\n&#13;<br \/>\n                                                    &#8211; Seane Lennon&#13;<br \/>\n&#13;<br \/>\n                                            <\/strong><br \/>\n                                        <\/p>\n<p>                                            <abbr><time datetime=\"2024-11-28T18:19\" itemprop=\"datePublished dateModified\">Publicado em 28\/11\/2024 \u00e0s 18:19h.<\/time><\/abbr><br \/>\n                                            <\/p><\/div>\n<\/p><\/div>\n<\/p><\/div>\n<div class=\"col-lg p-0 text-lg-end\">\n<div>\n<div id=\"mdEnviarPagina\" class=\"modal fade\" role=\"dialog\">\n<div class=\"modal-dialog\">\n<div class=\"modal-content\">\n<div class=\"modal-body\">\n<p><strong>Estimado usu\u00e1rio.<\/strong><br \/>Preencha o formul\u00e1rio abaixo para remeter a p\u00e1gina.<\/p>\n<\/p><\/div>\n<\/p><\/div>\n<\/p><\/div>\n<\/div><\/div>\n<\/p><\/div>\n<\/p><\/div>\n<\/p><\/div>\n<\/p><\/div>\n<\/p><\/div>\n<div class=\"row justify-content-md-center mt-3\">\n<div class=\"col-lg-auto col-image  block-news-main-image d-none d-md-block\">\n<p>                            <img decoding=\"async\" src=\"https:\/\/www.agrolink.com.br\/upload\/imagens-resizes\/ed71a46812774268902c5a2f067d8735_858x483.jpg\" class=\"lazyload \"\/><br \/>\n                                            <span class=\"publicity-photo d-block mt-1\">Foto: Canva<\/span><\/p><\/div>\n<\/p><\/div>\n<div class=\"section-description section-description-noticias mt-3\">\n<p style=\"text-align:justify\">O Informativo Conjuntural divulgado nesta quinta-feira (28) pela Emater\/RS-Ascar trouxe uma avalia\u00e7\u00e3o positiva sobre o <a href=\"https:\/\/www.agrolink.com.br\/culturas\/milho?utm_source=agrolink-detalhe-noticia&amp;utm_medium=detalhe-noticia&amp;utm_campaign=links-internos&#9;\" target=\"_blank\" rel=\"noopener\">milho<\/a> destinado \u00e0 silagem no Rio Grande do Sul. Apesar do baixo regime h\u00eddrico, o potencial produtivo das lavouras tem se mantido elevado, com perdas mais apenas em \u00e1reas de sequeiro que enfrentam um longo per\u00edodo sem chuvas, principalmente nas regi\u00f5es Noroeste e Centro do estado.&#13;\n<\/p>\n<p style=\"text-align:justify\">Atualmente, 43% das lavouras est\u00e3o em desenvolvimento vegetativo, enquanto 57% encontram-se em fases reprodutivas: 30% em flora\u00e7\u00e3o, 25% em enchimento de gr\u00e3os e 2% em matura\u00e7\u00e3o inicial. Para a safra 2024\/2025, a Emater\/RS-Ascar projeta uma \u00e1rea cultivada de 357.311 hectares, com produtividade m\u00e9dia estimada em 39.457 kg\/ha.&#13;\n<\/p>\n<p style=\"text-align:justify\"><a href=\"https:\/\/www.whatsapp.com\/channel\/0029Va6ABTpIHphIQkFBgA12\" target=\"_blank\" rel=\"noopener\">Clique para seguir o canal do Agrolink no WhatsApp<\/a><\/p>\n<p style=\"text-align:justify\">Nas regi\u00f5es administrativas, os resultados variam. Em Erechim, h\u00e1 prepara\u00e7\u00e3o para o in\u00edcio da colheita, com expectativa de 40 t\/ha de massa vegetal ensilada, considerada muito satisfat\u00f3ria. Em Frederico Westphalen, 10% das lavouras est\u00e3o em desenvolvimento vegetativo, 40% em flora\u00e7\u00e3o e 50% em enchimento de gr\u00e3os, com produtividade estimada em 41 t\/ha.&#13;\n<\/p>\n<p style=\"text-align:justify\">Na regi\u00e3o de Pelotas, o plantio atingiu 43% da \u00e1rea projetada, com maior parte das lavouras em fase vegetativa. J\u00e1 em Santa Maria, o plantio alcan\u00e7ou 70%, mas o d\u00e9ficit h\u00eddrico tem causado perdas na produtividade.<\/p>\n<\/p><\/div>\n<\/p><\/div>\n<p><script data-cfasync=\"false\">\n    !function (f, b, e, v, n, t, s) {\n        if (f.fbq) return; n = f.fbq = function () {\n            n.callMethod ?\n                n.callMethod.apply(n, arguments) : n.queue.push(arguments)\n        };\n        if (!f._fbq) f._fbq = n; n.push = n; n.loaded = !0; n.version = '2.0';\n        n.queue = []; t = b.createElement(e); t.async = !0;\n        t.src = v; s = b.getElementsByTagName(e)[0];\n        s.parentNode.insertBefore(t, s)\n    }(window, document, 'script',\n        'https:\/\/connect.facebook.net\/en_US\/fbevents.js');\n    fbq('init', '522546078623747');\n    fbq('track', 'PageView');\n<\/script><br \/>\n<br \/><br \/>\n<br \/><a href=\"https:\/\/www.agrolink.com.br\/noticias\/deficit-hidrico-impacta-milho-silagem-no-rs_497210.html\">Source link <\/a><\/p>\n","protected":false},"excerpt":{"rendered":"<p>&#13; Potencial produtivo \u00e9 mantido&#13; &#13; Agrolink&#13; &#13; &#8211; Seane Lennon&#13; &#13; Publicado em 28\/11\/2024 \u00e0s 18:19h. Estimado usu\u00e1rio.Preencha o<\/p>\n","protected":false},"author":1,"featured_media":1994,"comment_status":"open","ping_status":"open","sticky":false,"template":"","format":"standard","meta":{"_monsterinsights_skip_tracking":false,"_monsterinsights_sitenote_active":false,"_monsterinsights_sitenote_note":"","_monsterinsights_sitenote_category":0,"_uf_show_specific_survey":0,"_uf_disable_surveys":false,"footnotes":""},"categories":[8,1,14],"tags":[],"class_list":["post-5762","post","type-post","status-publish","format-standard","has-post-thumbnail","hentry","category-agro","category-news","category-politica-agro"],"_links":{"self":[{"href":"https:\/\/agromt.news\/index.php?rest_route=\/wp\/v2\/posts\/5762"}],"collection":[{"href":"https:\/\/agromt.news\/index.php?rest_route=\/wp\/v2\/posts"}],"about":[{"href":"https:\/\/agromt.news\/index.php?rest_route=\/wp\/v2\/types\/post"}],"author":[{"embeddable":true,"href":"https:\/\/agromt.news\/index.php?rest_route=\/wp\/v2\/users\/1"}],"replies":[{"embeddable":true,"href":"https:\/\/agromt.news\/index.php?rest_route=%2Fwp%2Fv2%2Fcomments&post=5762"}],"version-history":[{"count":0,"href":"https:\/\/agromt.news\/index.php?rest_route=\/wp\/v2\/posts\/5762\/revisions"}],"wp:featuredmedia":[{"embeddable":true,"href":"https:\/\/agromt.news\/index.php?rest_route=\/wp\/v2\/media\/1994"}],"wp:attachment":[{"href":"https:\/\/agromt.news\/index.php?rest_route=%2Fwp%2Fv2%2Fmedia&parent=5762"}],"wp:term":[{"taxonomy":"category","embeddable":true,"href":"https:\/\/agromt.news\/index.php?rest_route=%2Fwp%2Fv2%2Fcategories&post=5762"},{"taxonomy":"post_tag","embeddable":true,"href":"https:\/\/agromt.news\/index.php?rest_route=%2Fwp%2Fv2%2Ftags&post=5762"}],"curies":[{"name":"wp","href":"https:\/\/api.w.org\/{rel}","templated":true}]}}