{"id":5760,"date":"2024-11-28T20:35:22","date_gmt":"2024-11-29T00:35:22","guid":{"rendered":"https:\/\/agromt.news\/?p=5760"},"modified":"2024-11-28T20:35:22","modified_gmt":"2024-11-29T00:35:22","slug":"medidas-do-pacote-fiscal-devem-diminuir-os-recursos-do-proagro-diz-daoud","status":"publish","type":"post","link":"https:\/\/agromt.news\/?p=5760","title":{"rendered":"Medidas do pacote fiscal devem diminuir os recursos do Proagro, diz Daoud"},"content":{"rendered":"<p> <br \/>\n<br \/><img decoding=\"async\" src=\"https:\/\/agromt.news\/wp-content\/uploads\/2024\/11\/Medidas-do-pacote-fiscal-devem-diminuir-os-recursos-do-Proagro.jpeg\" \/><\/p>\n<div>\n<p>O governo federal desembolsou R$ 10,3 bilh\u00f5es em recursos ao Banco Central para custear o Programa de Garantia da Atividade Agropecu\u00e1ria (Proagro) em 2023. Neste ano, a estimativa de disp\u00eandio \u00e9 de R$ 12 bilh\u00f5es. <\/p>\n<figure class=\"wp-block-embed is-type-video is-provider-youtube wp-block-embed-youtube wp-embed-aspect-16-9 wp-has-aspect-ratio\">\n<p>\n<iframe title=\"Pacote fiscal | Medidas anunciadas devem impactar recursos do Proagro\" width=\"800\" height=\"450\" src=\"https:\/\/www.youtube.com\/embed\/I9ZjTjrJmgA?feature=oembed\" frameborder=\"0\" allow=\"accelerometer; autoplay; clipboard-write; encrypted-media; gyroscope; picture-in-picture; web-share\" referrerpolicy=\"strict-origin-when-cross-origin\" allowfullscreen><\/iframe><noscript><iframe title=\"Pacote fiscal | Medidas anunciadas devem impactar recursos do Proagro\" width=\"800\" height=\"450\" src=\"https:\/\/www.youtube.com\/embed\/I9ZjTjrJmgA?feature=oembed\" frameborder=\"0\" allow=\"accelerometer; autoplay; clipboard-write; encrypted-media; gyroscope; picture-in-picture; web-share\" referrerpolicy=\"strict-origin-when-cross-origin\" allowfullscreen><\/iframe><\/noscript>\n<\/p>\n<\/figure>\n<p>Contudo, o novo pacote de ajuste fiscal anunciado nessa quarta-feira (27) pelo ministro da Fazenda, Fernando Haddad, coloca a ferramenta de pagamento de financiamentos rurais de custeio agr\u00edcola dentro das regras. <\/p>\n<p>Em entrevista concedida \u00e0 imprensa nesta quinta-feira (28), Haddad ressaltou que o Banco Central envia ao governo a conta do Proagro independentemente de limite or\u00e7ament\u00e1rio, o que causa constrangimento na execu\u00e7\u00e3o or\u00e7ament\u00e1ria por conta do descasamento entre o que \u00e9 autorizado e o que \u00e9 calculado. <\/p>\n<\/div>\n<div>\n<p>\u201cEstamos eliminando esse dispositivo, ou seja, o que \u00e9 autorizado tem que estar or\u00e7ado previamente, n\u00e3o pode ser autorizado um gasto sem que ele esteja previamente or\u00e7ado, ent\u00e3o colocaremos o Proagro dentro do regime geral do or\u00e7amento da Uni\u00e3o\u201d.<\/p>\n<h2 class=\"wp-block-heading\" id=\"h-perdas-no-proagro\">Perdas no Proagro<\/h2>\n<p>Diante desta realidade, o comentarista do <strong><a href=\"https:\/\/www.canalrural.com.br\/tag\/daoud\/\">Canal Rural Miguel Daoud<\/a><\/strong> alerta que haver\u00e1, dentro do Proagro, uma adequa\u00e7\u00e3o de concess\u00e3o do seguro agr\u00edcola. \u201cMuitos dos produtores que hoje teriam esse seguro, n\u00e3o v\u00e3o ter mais porque o Proagro passar\u00e1 a ter limites\u201d.<\/p>\n<p>\u201cAssim, muitos produtores rurais ficar\u00e3o fora da garantia securit\u00e1ria do Plano Safra, em que se precisaria ter seguro dada a intensidade dos eventos clim\u00e1ticos do pa\u00eds. Ent\u00e3o, nesse sentido, a perda do produtor rural ao acesso \u00e0s garantias vai ser muito grande\u201d, enfatiza Daoud.<\/p>\n<\/p><\/div>\n<p><br \/>\n<br \/><a href=\"https:\/\/www.canalrural.com.br\/economia\/medidas-do-pacote-fiscal-devem-diminuir-os-recursos-do-proagro-diz-daoud\/\">Source link <\/a><\/p>\n","protected":false},"excerpt":{"rendered":"<p>O governo federal desembolsou R$ 10,3 bilh\u00f5es em recursos ao Banco Central para custear o Programa de Garantia da Atividade<\/p>\n","protected":false},"author":1,"featured_media":5761,"comment_status":"open","ping_status":"open","sticky":false,"template":"","format":"standard","meta":{"_monsterinsights_skip_tracking":false,"_monsterinsights_sitenote_active":false,"_monsterinsights_sitenote_note":"","_monsterinsights_sitenote_category":0,"_uf_show_specific_survey":0,"_uf_disable_surveys":false,"footnotes":""},"categories":[1],"tags":[],"class_list":["post-5760","post","type-post","status-publish","format-standard","has-post-thumbnail","hentry","category-news"],"_links":{"self":[{"href":"https:\/\/agromt.news\/index.php?rest_route=\/wp\/v2\/posts\/5760"}],"collection":[{"href":"https:\/\/agromt.news\/index.php?rest_route=\/wp\/v2\/posts"}],"about":[{"href":"https:\/\/agromt.news\/index.php?rest_route=\/wp\/v2\/types\/post"}],"author":[{"embeddable":true,"href":"https:\/\/agromt.news\/index.php?rest_route=\/wp\/v2\/users\/1"}],"replies":[{"embeddable":true,"href":"https:\/\/agromt.news\/index.php?rest_route=%2Fwp%2Fv2%2Fcomments&post=5760"}],"version-history":[{"count":0,"href":"https:\/\/agromt.news\/index.php?rest_route=\/wp\/v2\/posts\/5760\/revisions"}],"wp:featuredmedia":[{"embeddable":true,"href":"https:\/\/agromt.news\/index.php?rest_route=\/wp\/v2\/media\/5761"}],"wp:attachment":[{"href":"https:\/\/agromt.news\/index.php?rest_route=%2Fwp%2Fv2%2Fmedia&parent=5760"}],"wp:term":[{"taxonomy":"category","embeddable":true,"href":"https:\/\/agromt.news\/index.php?rest_route=%2Fwp%2Fv2%2Fcategories&post=5760"},{"taxonomy":"post_tag","embeddable":true,"href":"https:\/\/agromt.news\/index.php?rest_route=%2Fwp%2Fv2%2Ftags&post=5760"}],"curies":[{"name":"wp","href":"https:\/\/api.w.org\/{rel}","templated":true}]}}