{"id":5758,"date":"2024-11-28T20:16:51","date_gmt":"2024-11-29T00:16:51","guid":{"rendered":"https:\/\/agromt.news\/?p=5758"},"modified":"2024-11-28T20:16:51","modified_gmt":"2024-11-29T00:16:51","slug":"indicacoes-geograficas-e-marcas-coletivas-sao-destaques-em-sao-paulo","status":"publish","type":"post","link":"https:\/\/agromt.news\/?p=5758","title":{"rendered":"Indica\u00e7\u00f5es Geogr\u00e1ficas e Marcas Coletivas s\u00e3o destaques em S\u00e3o Paulo"},"content":{"rendered":"<p> <br \/>\n<\/p>\n<div>\n<p>Com expositores de diversas regi\u00f5es do pa\u00eds, o VI Evento Internacional de Indica\u00e7\u00f5es Geogr\u00e1ficas e Marcas Coletivas \u2013 <a href=\"https:\/\/sebrae.com.br\/sites\/PortalSebrae\/origens\">Origens Brasileiras<\/a> re\u00fane pequenos produtores e especialistas nacionais e internacionais para fortalecer os neg\u00f3cios de pequenos produtores regionais, expandir o mercado brasileiro e apresentar os diversos artigos j\u00e1 certificados como mel, farinha de mandioca, queijos, balas de banana, artesanatos e<a href=\"https:\/\/www.canalrural.com.br\/agricultura\/concurso-premia-os-melhores-graos-de-cafe-de-sao-paulo\/\"> caf\u00e9<\/a>.<\/p>\n<p>\u00a0\u201cO nosso objetivo \u00e9 conectar esses produtores ao mercado, mostrando a originalidade e o valor agregado nos produtos. \u00c9 uma oportunidade de trocar conhecimentos com especialistas nacionais e internacionais no tema das origens\u201d, destacou Paulo Renato Cabral, gerente de inova\u00e7\u00e3o do Sebrae Nacional.<\/p>\n<figure class=\"wp-block-image size-large\"><img fetchpriority=\"high\" decoding=\"async\" width=\"1024\" height=\"768\" alt=\"Homem em p\u00e9 com o fundo de plantas \" class=\"wp-image-4078242\"  data-lazy- src=\"https:\/\/agromt.news\/wp-content\/uploads\/2024\/11\/Indicacoes-Geograficas-e-Marcas-Coletivas-sao-destaques-em-Sao-Paulo.jpeg\"\/><img decoding=\"async\" width=\"1024\" height=\"768\" src=\"https:\/\/agromt.news\/wp-content\/uploads\/2024\/11\/Indicacoes-Geograficas-e-Marcas-Coletivas-sao-destaques-em-Sao-Paulo.jpeg\" alt=\"Homem em p\u00e9 com o fundo de plantas \" class=\"wp-image-4078242\"  \/><figcaption class=\"wp-element-caption\">Paulo Renato Cabral, gerente de inova\u00e7\u00e3o do Sebrae Nacional. Foto: Ludmila Santana <\/figcaption><\/figure>\n<p>Entre os participantes desta sexta edi\u00e7\u00e3o, est\u00e1 Ana Trindade, cafeicultora de Minas Gerais, apresentando o Caf\u00e9 Canastra, que \u00e9 produzido pelo sistema agroflorestal e tem a Identifica\u00e7\u00e3o Geogr\u00e1fica (IG) desde 2023, \u201cquando imaginar\u00edamos participar de uma feira como essa? S\u00f3 mesmo com ajuda do Sebrae. Ent\u00e3o, falei com o Valdemar, que \u00e9 meu vizinho e tamb\u00e9m cultiva o gr\u00e3o, e viemos a S\u00e3o Paulo mostrar nossos produtos\u201d, afirmou Trindade.<\/p>\n<p>Quem tamb\u00e9m veio de longe e com muita expectativa foi o produtor de farinha de mandioca, Jos\u00e9 Oliveira do Nascimento, que tamb\u00e9m tem sua certifica\u00e7\u00e3o da IG. Oliveira veio do Acre especialmente para apresentar o seu produto e est\u00e1 otimista com os futuros neg\u00f3cios que podem surgir na capital paulista: \u201cMinha expectativa \u00e9 divulgar o nosso produto e expandir as vendas, quem sabe at\u00e9 para o exterior\u201d, afirmou o produtor, que veio da cidade de Cruzeiro do Sul.<\/p>\n<h2 class=\"wp-block-heading\" id=\"h-indicacoes-geograficas-e-as-marcas-coletivas-brasileiras\"><strong>Indica\u00e7\u00f5es Geogr\u00e1ficas e as Marcas Coletivas brasileiras<\/strong><\/h2>\n<p>Hulda Giesbrecht, gerente de projetos do Sebrae, explicou a diferen\u00e7a entre as certifica\u00e7\u00f5es: \u00a0\u201cAs<a href=\"https:\/\/sebrae.com.br\/sites\/PortalSebrae\/artigos\/indicacoes-geograficas-brasileiras,01da047daa691810VgnVCM100000d701210aRCRD\"> IGs <\/a>certificam produtos de territ\u00f3rios espec\u00edficos, garantindo caracter\u00edsticas \u00fanicas relacionadas ao local de origem. J\u00e1 as marcas coletivas s\u00e3o registradas por grupos de produtores e destacam padr\u00f5es de qualidade compartilhados, sem a necessidade de uma delimita\u00e7\u00e3o geogr\u00e1fica\u201d, afirmou\u00a0 Giesbrecht.<\/p>\n<\/div>\n<div>\n<p>Como \u00e9 o caso de Angela Bach, que faz parte da Marca Coletiva, Queijo do Sudoeste, no Paran\u00e1. A concess\u00e3o foi autorizada pelo Instituto Nacional de Propriedade Industrial (INPI) e garante a certifica\u00e7\u00e3o a outros 20 associados. Al\u00e9m disso, Bach tem tamb\u00e9m o selo ARTE:<\/p>\n<figure class=\"wp-block-image size-large\"><img decoding=\"async\" width=\"1024\" height=\"718\" alt=\"Uma mulher segurando em p\u00e9 segurando e mostrando o queijo que produz\" class=\"wp-image-4078243\"  data-lazy- src=\"https:\/\/agromt.news\/wp-content\/uploads\/2024\/11\/Indicacoes-Geograficas-e-Marcas-Coletivas-sao-destaques-em-Sao-Paulo.png\"\/><img loading=\"lazy\" decoding=\"async\" width=\"1024\" height=\"718\" src=\"https:\/\/agromt.news\/wp-content\/uploads\/2024\/11\/Indicacoes-Geograficas-e-Marcas-Coletivas-sao-destaques-em-Sao-Paulo.png\" alt=\"Uma mulher segurando em p\u00e9 segurando e mostrando o queijo que produz\" class=\"wp-image-4078243\"  \/><figcaption class=\"wp-element-caption\">Angela Bach<\/figcaption><\/figure>\n<h2 class=\"wp-block-heading\" id=\"h-origens-do-cafe\"><strong>Origens do Caf\u00e9<\/strong><\/h2>\n<p>\u201cNosso diferencial est\u00e1 na fabrica\u00e7\u00e3o: o queijo \u00e9 produzido logo ap\u00f3s a ordenha, o que faz o gosto ficar muito melhor\u201d, afirma a produtora, que faz parte da terceira gera\u00e7\u00e3o familiar na queijaria. \u201cAtualmente, produzimos cerca de 700 quilos de queijos por m\u00eas\u201d, finalizou Angela .<\/p>\n<p>No evento, tamb\u00e9m foi lan\u00e7ada a \u201c<strong>Plataforma Origens Controladas do Caf\u00e9<\/strong>\u201c, uma ferramenta inovadora que garante a rastreabilidade completa do produto. \u201cA plataforma oferece informa\u00e7\u00f5es essenciais para produtores, compradores e consumidores, garantindo autenticidade e a valoriza\u00e7\u00e3o dos caf\u00e9s certificados\u201d, explicou Giesbrecht, destacando que o encontro vai at\u00e9 sexta-feira (29), com ingressos gratuitos e dispon\u00edveis na plataforma <a href=\"https:\/\/www.sympla.com.br\/evento\/origens-brasileiras-vi-evento-internacional-de-indicacoes-geograficas-e-marcas-coletivas\/2679460?referrer=www.gov.br\">Sympla<\/a>.<\/p>\n<ul class=\"wp-block-list\">\n<li><strong><em>Participe do Porteira Aberta Empreender: envie perguntas, sugest\u00f5es e conte sua hist\u00f3ria de empreendedorismo pelo\u00a0<\/em><\/strong><a href=\"https:\/\/api.whatsapp.com\/send?phone=5511932796720&amp;PorteiraAbertaEmpreender=SuaMensagem\"><strong><em>WhatsApp<\/em><\/strong><\/a>.<\/li>\n<\/ul>\n<p>O VI Evento Internacional de Indica\u00e7\u00f5es Geogr\u00e1ficas e Marcas Coletivas em S\u00e3o Paulo \u00e9 uma realiza\u00e7\u00e3o do Sebrae, em parceria com Minist\u00e9rio do Desenvolvimento, Ind\u00fastria e Com\u00e9rcio (MDIC), Instituto Nacional da Propriedade Industrial (INPI), Embaixada da Fran\u00e7a \/ INPI Fran\u00e7a, Associa\u00e7\u00e3o Brasileira das Indica\u00e7\u00f5es Geogr\u00e1ficas (Abrig),\u00a0 Instituto da Propriedade Intelectual da Uni\u00e3o Europeia (EUIPO) \/ AL-INVEST Verde DPI e Organiza\u00e7\u00e3o Mundial da Propriedade Intelectual (Ompi).\u00a0<\/p>\n<\/p><\/div>\n<p><br \/>\n<br \/><a href=\"https:\/\/www.canalrural.com.br\/empreendedorismo\/indicacoes-geograficas-e-marcas-coletivas-sao-destaques-em-sao-paulo\/\">Source link <\/a><\/p>\n","protected":false},"excerpt":{"rendered":"<p>Com expositores de diversas regi\u00f5es do pa\u00eds, o VI Evento Internacional de Indica\u00e7\u00f5es Geogr\u00e1ficas e Marcas Coletivas \u2013 Origens Brasileiras<\/p>\n","protected":false},"author":1,"featured_media":5759,"comment_status":"open","ping_status":"open","sticky":false,"template":"","format":"standard","meta":{"_monsterinsights_skip_tracking":false,"_monsterinsights_sitenote_active":false,"_monsterinsights_sitenote_note":"","_monsterinsights_sitenote_category":0,"_uf_show_specific_survey":0,"_uf_disable_surveys":false,"footnotes":""},"categories":[1],"tags":[],"class_list":["post-5758","post","type-post","status-publish","format-standard","has-post-thumbnail","hentry","category-news"],"_links":{"self":[{"href":"https:\/\/agromt.news\/index.php?rest_route=\/wp\/v2\/posts\/5758"}],"collection":[{"href":"https:\/\/agromt.news\/index.php?rest_route=\/wp\/v2\/posts"}],"about":[{"href":"https:\/\/agromt.news\/index.php?rest_route=\/wp\/v2\/types\/post"}],"author":[{"embeddable":true,"href":"https:\/\/agromt.news\/index.php?rest_route=\/wp\/v2\/users\/1"}],"replies":[{"embeddable":true,"href":"https:\/\/agromt.news\/index.php?rest_route=%2Fwp%2Fv2%2Fcomments&post=5758"}],"version-history":[{"count":0,"href":"https:\/\/agromt.news\/index.php?rest_route=\/wp\/v2\/posts\/5758\/revisions"}],"wp:featuredmedia":[{"embeddable":true,"href":"https:\/\/agromt.news\/index.php?rest_route=\/wp\/v2\/media\/5759"}],"wp:attachment":[{"href":"https:\/\/agromt.news\/index.php?rest_route=%2Fwp%2Fv2%2Fmedia&parent=5758"}],"wp:term":[{"taxonomy":"category","embeddable":true,"href":"https:\/\/agromt.news\/index.php?rest_route=%2Fwp%2Fv2%2Fcategories&post=5758"},{"taxonomy":"post_tag","embeddable":true,"href":"https:\/\/agromt.news\/index.php?rest_route=%2Fwp%2Fv2%2Ftags&post=5758"}],"curies":[{"name":"wp","href":"https:\/\/api.w.org\/{rel}","templated":true}]}}