{"id":5657,"date":"2024-11-27T10:40:46","date_gmt":"2024-11-27T14:40:46","guid":{"rendered":"https:\/\/agromt.news\/?p=5657"},"modified":"2024-11-27T10:40:46","modified_gmt":"2024-11-27T14:40:46","slug":"bola-para-frente-diz-favaro-apos-retratacao-do-ceo-do-carrefour","status":"publish","type":"post","link":"https:\/\/agromt.news\/?p=5657","title":{"rendered":"&#8216;Bola para frente&#8217;, diz F\u00e1varo, ap\u00f3s retrata\u00e7\u00e3o do CEO do Carrefour"},"content":{"rendered":"<p> <br \/>\n<br \/><img decoding=\"async\" src=\"https:\/\/agromt.news\/wp-content\/uploads\/2024\/11\/Bola-para-frente-diz-Favaro-apos-retratacao-do-CEO-do.jpg\" \/><\/p>\n<div>\n<p>O ministro da Agricultura, Carlos F\u00e1varo, afirmou que o epis\u00f3dio envolvendo o CEO global do <strong><a href=\"http:\/\/www.canalrural.com.br\/tag\/carrefour\/\">Carrefour<\/a><\/strong>, Alexandre Bompard, est\u00e1 resolvido ap\u00f3s a divulga\u00e7\u00e3o de carta com pedido de retrata\u00e7\u00e3o. Ao anunciar na semana passada que o grupo deixaria de abastecer suas lojas na Fran\u00e7a com carne do Mercosul, Bompard colocou em d\u00favida as regras de sanidade do produto. <\/p>\n<blockquote class=\"wp-block-quote is-layout-flow wp-block-quote-is-layout-flow\">\n<p>\u201cO CEO global do Carrefour compreendeu que errou e se retratou. Agora, \u00e9 bola para frente. Caso encerrado\u201d, declarou o ministro, antes de participar de evento em S\u00e3o Paulo.<\/p>\n<\/blockquote>\n<p>F\u00e1varo tamb\u00e9m avaliou que as declara\u00e7\u00f5es n\u00e3o dever\u00e3o atrapalhar o andamento das negocia\u00e7\u00f5es para a assinatura de um acordo de livre-com\u00e9rcio entre o Mercosul e a Uni\u00e3o Europeia \u2013 que foi o pano de fundo do an\u00fancio feito por Bompard, em meio a protestos de produtores franceses. \u201cSabemos que a Fran\u00e7a \u00e9 contra o acordo, mas precisamos ver se conseguir\u00e1, sozinha, impedir algo que a Uni\u00e3o Europeia e o Mercosul desejam\u201d, respondeu ele.<\/p>\n<\/div>\n<div>\n<p>Sobre o fato de a varejista ter mantido a decis\u00e3o de n\u00e3o adquirir carne do Mercosul, F\u00e1varo minimizou o efeito. \u201cN\u00e3o h\u00e1 problema algum. A rea\u00e7\u00e3o brasileira n\u00e3o foi pelo fato de eles decidirem de quem comprar. Todos t\u00eam liberdade de escolher de quem comprar, assim como voc\u00ea escolhe onde compra sua camisa ou seus \u00f3culos. Se querem pagar mais caro e, como disseram, preferem comprar dos franceses, \u00e9 uma decis\u00e3o deles.\u201d<\/p>\n<p>A Associa\u00e7\u00e3o Brasileira de Prote\u00edna Animal (ABPA) tamb\u00e9m disse que o epis\u00f3dio est\u00e1 \u201cencerrado\u201d. Em rea\u00e7\u00e3o \u00e0s declara\u00e7\u00f5es anteriores de Bompard, fornecedores do Carrefour no Brasil haviam suspendido novas entregas, movimento que ganhou o apoio p\u00fablico do ministro da Agricultura.<\/p>\n<h2 class=\"wp-block-heading\" id=\"h-confusao\">\u2018Confus\u00e3o\u2019<\/h2>\n<p>Na carta apresentada ao governo brasileiro, Bompard diz que seu an\u00fancio causou \u201cconfus\u00e3o\u201d. \u201cSe a comunica\u00e7\u00e3o do Carrefour Fran\u00e7a gerou confus\u00e3o e pode ter sido interpretada como questionamento de nossa parceria com a agricultura brasileira e como uma cr\u00edtica a ela, pedimos desculpas\u201d, escreveu ele.<\/p>\n<p>O executivo destaca que, na Fran\u00e7a, o Carrefour compra quase toda a carne utilizada nas suas atividades dos produtores franceses. \u201cE assim seguiremos fazendo. A decis\u00e3o do Carrefour Fran\u00e7a n\u00e3o teve como objetivo mudar as regras de um mercado amplamente estruturado em suas cadeias de abastecimento locais, que segue as prefer\u00eancias regionais de nossos clientes. Com essa decis\u00e3o, quisemos assegurar aos agricultores franceses, que atravessam uma grave crise, a perenidade do nosso apoio e das nossas compras locais\u201d, explicou Bompard.<\/p>\n<p>No Brasil, segundo ele, tamb\u00e9m o grupo Carrefour compra quase toda a carne necess\u00e1ria para as suas atividades de produtores locais. \u201cE seguiremos fazendo assim. S\u00e3o os mesmos valores de criar ra\u00edzes e parceria que inspiram h\u00e1 50 anos nossa rela\u00e7\u00e3o com o setor agropecu\u00e1rio brasileiro, cujo profissionalismo, cuidado \u00e0 terra e produtores conhecemos.\u201d<\/p>\n<\/p><\/div>\n<p><br \/>\n<br \/><a href=\"https:\/\/www.canalrural.com.br\/pecuaria\/bola-para-frente-diz-favaro-apos-retratacao-do-ceo-do-carrefour\/\">Source link <\/a><\/p>\n","protected":false},"excerpt":{"rendered":"<p>O ministro da Agricultura, Carlos F\u00e1varo, afirmou que o epis\u00f3dio envolvendo o CEO global do Carrefour, Alexandre Bompard, est\u00e1 resolvido<\/p>\n","protected":false},"author":1,"featured_media":3283,"comment_status":"open","ping_status":"open","sticky":false,"template":"","format":"standard","meta":{"_monsterinsights_skip_tracking":false,"_monsterinsights_sitenote_active":false,"_monsterinsights_sitenote_note":"","_monsterinsights_sitenote_category":0,"_uf_show_specific_survey":0,"_uf_disable_surveys":false,"footnotes":""},"categories":[1],"tags":[],"class_list":["post-5657","post","type-post","status-publish","format-standard","has-post-thumbnail","hentry","category-news"],"_links":{"self":[{"href":"https:\/\/agromt.news\/index.php?rest_route=\/wp\/v2\/posts\/5657"}],"collection":[{"href":"https:\/\/agromt.news\/index.php?rest_route=\/wp\/v2\/posts"}],"about":[{"href":"https:\/\/agromt.news\/index.php?rest_route=\/wp\/v2\/types\/post"}],"author":[{"embeddable":true,"href":"https:\/\/agromt.news\/index.php?rest_route=\/wp\/v2\/users\/1"}],"replies":[{"embeddable":true,"href":"https:\/\/agromt.news\/index.php?rest_route=%2Fwp%2Fv2%2Fcomments&post=5657"}],"version-history":[{"count":0,"href":"https:\/\/agromt.news\/index.php?rest_route=\/wp\/v2\/posts\/5657\/revisions"}],"wp:featuredmedia":[{"embeddable":true,"href":"https:\/\/agromt.news\/index.php?rest_route=\/wp\/v2\/media\/3283"}],"wp:attachment":[{"href":"https:\/\/agromt.news\/index.php?rest_route=%2Fwp%2Fv2%2Fmedia&parent=5657"}],"wp:term":[{"taxonomy":"category","embeddable":true,"href":"https:\/\/agromt.news\/index.php?rest_route=%2Fwp%2Fv2%2Fcategories&post=5657"},{"taxonomy":"post_tag","embeddable":true,"href":"https:\/\/agromt.news\/index.php?rest_route=%2Fwp%2Fv2%2Ftags&post=5657"}],"curies":[{"name":"wp","href":"https:\/\/api.w.org\/{rel}","templated":true}]}}