{"id":5651,"date":"2024-11-27T07:41:55","date_gmt":"2024-11-27T11:41:55","guid":{"rendered":"https:\/\/agromt.news\/?p=5651"},"modified":"2024-11-27T07:41:55","modified_gmt":"2024-11-27T11:41:55","slug":"precos-da-carne-bovina-seguem-em-alta","status":"publish","type":"post","link":"https:\/\/agromt.news\/?p=5651","title":{"rendered":"Pre\u00e7os da carne bovina seguem em alta"},"content":{"rendered":"<p> <br \/>\n<\/p>\n<div>\n<p style=\"text-align:justify\">De acordo com a edi\u00e7\u00e3o de novembro do Agro em Dados, publica\u00e7\u00e3o da Secretaria de Agricultura, Pecu\u00e1ria e Abastecimento de Goi\u00e1s, em outubro de 2024, o mercado da carne bovina registrou um aumento expressivo nas cota\u00e7\u00f5es, reflexo de fatores como a escassez de animais prontos para abate e a demanda aquecida, tanto interna quanto externa. Desde junho, os pre\u00e7os v\u00eam se elevando, impulsionados por uma recupera\u00e7\u00e3o lenta das <a href=\"https:\/\/www.agrolink.com.br\/culturas\/pastagens?utm_source=agrolink-detalhe-noticia&amp;utm_medium=detalhe-noticia&amp;utm_campaign=links-internos\" target=\"_blank\" rel=\"noopener\">pastagens<\/a>, mesmo com o in\u00edcio das chuvas.&#13;\n<\/p>\n<p style=\"text-align:justify\">A baixa oferta de animais terminados, aliada a escalas curtas de abate nos frigor\u00edficos, tem restringido a oferta de carne no mercado consumidor. Por outro lado, as exporta\u00e7\u00f5es brasileiras seguem em alta, com destaque para o aquecimento da demanda internacional, que sustenta os pre\u00e7os.<\/p>\n<p style=\"text-align:justify\">Entretanto, no mercado dom\u00e9stico, o pre\u00e7o elevado da carne bovina pode favorecer o consumo de prote\u00ednas mais acess\u00edveis, como carne su\u00edna e de frango, nos pr\u00f3ximos meses, conforme o boletim.<\/p>\n<p style=\"text-align:justify\"><a href=\"https:\/\/www.whatsapp.com\/channel\/0029Va6ABTpIHphIQkFBgA12\" target=\"_blank\" rel=\"noopener\">Clique para seguir o canal do Agrolink no WhatsApp<\/a><\/p>\n<p style=\"text-align:justify\">No cen\u00e1rio internacional, o governo do Marrocos concedeu ao Brasil uma cota de 20 mil toneladas de carne bovina com isen\u00e7\u00e3o total de impostos. O pa\u00eds norte-africano, que j\u00e1 intensificava suas compras desde 2022, importou US$ 5,8 milh\u00f5es da prote\u00edna brasileira entre janeiro e setembro deste ano. A medida pode fortalecer o com\u00e9rcio de produtos agropecu\u00e1rios brasileiros e beneficiar estados exportadores como Goi\u00e1s, que j\u00e1 mant\u00e9m rela\u00e7\u00f5es comerciais com outros pa\u00edses africanos, como Egito e Arg\u00e9lia.&#13;\n<\/p>\n<p style=\"text-align:justify\">Segundo o Agro em Dados, a\u00a0carne bovina brasileira enfrenta desafios para se adequar \u00e0s normas europeias de rastreabilidade previstas para 2025. A legisla\u00e7\u00e3o EUDR exige o controle total da cadeia produtiva, desde o nascimento dos animais. A China, outro grande importador da prote\u00edna, tamb\u00e9m adotar\u00e1 padr\u00f5es semelhantes, com os primeiros embarques de carne totalmente rastreada previstos para o pr\u00f3ximo ano. Essas exig\u00eancias devem sustentar os pre\u00e7os enquanto as propriedades se adaptam \u00e0s novas regulamenta\u00e7\u00f5es.<\/p>\n<p style=\"text-align:justify\">No mercado interno, o pre\u00e7o do bezerro alcan\u00e7ou R$ 2.409,01 no final de outubro, o maior valor j\u00e1 registrado para o m\u00eas, representando um aumento de 5,2% na m\u00e9dia mensal em rela\u00e7\u00e3o a 2023, segundo o Cepea. A procura por boi magro pelos confinadores, entusiasmados com os pre\u00e7os atuais e futuros do boi gordo, deve continuar pressionando os valores para cima.&#13;\n<\/p>\n<\/p><\/div>\n<p><script data-cfasync=\"false\">\n    !function (f, b, e, v, n, t, s) {\n        if (f.fbq) return; n = f.fbq = function () {\n            n.callMethod ?\n                n.callMethod.apply(n, arguments) : n.queue.push(arguments)\n        };\n        if (!f._fbq) f._fbq = n; n.push = n; n.loaded = !0; n.version = '2.0';\n        n.queue = []; t = b.createElement(e); t.async = !0;\n        t.src = v; s = b.getElementsByTagName(e)[0];\n        s.parentNode.insertBefore(t, s)\n    }(window, document, 'script',\n        'https:\/\/connect.facebook.net\/en_US\/fbevents.js');\n    fbq('init', '522546078623747');\n    fbq('track', 'PageView');\n<\/script><br \/>\n<br \/><br \/>\n<br \/><a href=\"https:\/\/www.agrolink.com.br\/noticias\/precos-da-carne-bovina-seguem-em-alta_497129.html\">Source link <\/a><\/p>\n","protected":false},"excerpt":{"rendered":"<p>De acordo com a edi\u00e7\u00e3o de novembro do Agro em Dados, publica\u00e7\u00e3o da Secretaria de Agricultura, Pecu\u00e1ria e Abastecimento de<\/p>\n","protected":false},"author":1,"featured_media":5028,"comment_status":"open","ping_status":"open","sticky":false,"template":"","format":"standard","meta":{"_monsterinsights_skip_tracking":false,"_monsterinsights_sitenote_active":false,"_monsterinsights_sitenote_note":"","_monsterinsights_sitenote_category":0,"_uf_show_specific_survey":0,"_uf_disable_surveys":false,"footnotes":""},"categories":[8,1,14],"tags":[],"class_list":["post-5651","post","type-post","status-publish","format-standard","has-post-thumbnail","hentry","category-agro","category-news","category-politica-agro"],"_links":{"self":[{"href":"https:\/\/agromt.news\/index.php?rest_route=\/wp\/v2\/posts\/5651"}],"collection":[{"href":"https:\/\/agromt.news\/index.php?rest_route=\/wp\/v2\/posts"}],"about":[{"href":"https:\/\/agromt.news\/index.php?rest_route=\/wp\/v2\/types\/post"}],"author":[{"embeddable":true,"href":"https:\/\/agromt.news\/index.php?rest_route=\/wp\/v2\/users\/1"}],"replies":[{"embeddable":true,"href":"https:\/\/agromt.news\/index.php?rest_route=%2Fwp%2Fv2%2Fcomments&post=5651"}],"version-history":[{"count":0,"href":"https:\/\/agromt.news\/index.php?rest_route=\/wp\/v2\/posts\/5651\/revisions"}],"wp:featuredmedia":[{"embeddable":true,"href":"https:\/\/agromt.news\/index.php?rest_route=\/wp\/v2\/media\/5028"}],"wp:attachment":[{"href":"https:\/\/agromt.news\/index.php?rest_route=%2Fwp%2Fv2%2Fmedia&parent=5651"}],"wp:term":[{"taxonomy":"category","embeddable":true,"href":"https:\/\/agromt.news\/index.php?rest_route=%2Fwp%2Fv2%2Fcategories&post=5651"},{"taxonomy":"post_tag","embeddable":true,"href":"https:\/\/agromt.news\/index.php?rest_route=%2Fwp%2Fv2%2Ftags&post=5651"}],"curies":[{"name":"wp","href":"https:\/\/api.w.org\/{rel}","templated":true}]}}