{"id":5649,"date":"2024-11-27T07:25:14","date_gmt":"2024-11-27T11:25:14","guid":{"rendered":"https:\/\/agromt.news\/?p=5649"},"modified":"2024-11-27T07:25:14","modified_gmt":"2024-11-27T11:25:14","slug":"prosa-agro-itau-bba-perspectivas-para-a-industria-da-soja-e-a-lei","status":"publish","type":"post","link":"https:\/\/agromt.news\/?p=5649","title":{"rendered":"Prosa Agro Ita\u00fa BBA | Perspectivas para a ind\u00fastria da soja e a Lei&#8230;"},"content":{"rendered":"<p> <br \/>\n<\/p>\n<div>\n<p>Aten\u00e7\u00e3o: Esse conte\u00fado foi produzido pela equipe do Ita\u00fa BBA e gentilmente cedido para republica\u00e7\u00e3o no site Not\u00edcias Agr\u00edcolas<\/p>\n<div class=\"materia\">\n<p><iframe frameborder=\"0\" height=\"352\" src=\"https:\/\/open.spotify.com\/embed\/episode\/5QWhHhvPpA5RY71byffEGw?utm_source=generator\" width=\"100%\"><\/iframe><\/p>\n<p>Neste epis\u00f3dio do Prosa Agro, recebemos o Andr\u00e9 Nassar, fundador da consultoria Agroicone, presidente da Associa\u00e7\u00e3o Brasileira da Ind\u00fastria de \u00d3leos Vegetais (ABIOVE), que compartilhou conosco sua perspectiva para o pr\u00f3ximo ano da ind\u00fastria de soja no Brasil.<\/p>\n<p>Al\u00e9m disso, dividiu a sua vis\u00e3o sobre os desafios e oportunidades que a elei\u00e7\u00e3o americana ir\u00e1 trazer ao agroneg\u00f3cio brasileiro e os paralelos da situa\u00e7\u00e3o atual com a \u201cguerra comercial\u201d dos EUA com a China em 2018.<\/p>\n<p>Discutimos as oportunidades que a Lei \u201cCombust\u00edvel do Futuro\u201d traz para o agroneg\u00f3cio como um todo, al\u00e9m do potencial de aumentar o beneficiamento da soja dentro do pa\u00eds. Falamos tamb\u00e9m sobre como o Brasil precisa se posicionar na discuss\u00e3o internacional sobre os combust\u00edveis de baixo carbono, como o combust\u00edvel sustent\u00e1vel de avia\u00e7\u00e3o (SAF), o diesel verde (HVO) e o combust\u00edvel mar\u00edtimo.<\/p>\n<\/p><\/div>\n<div class=\"grupo-whatsapp\">\n      J\u00e1 segue nosso Canal oficial no WhatsApp? <a href=\"https:\/\/bit.ly\/Canal_NA\" target=\"_blank\" rel=\"noopener\"><strong>Clique Aqui<\/strong><\/a> para receber em primeira m\u00e3o as principais not\u00edcias do agroneg\u00f3cio\n    <\/div>\n<\/p><\/div>\n<p><script async defer src=\"https:\/\/connect.facebook.net\/en_US\/sdk.js\" type=\"2664e9597ab2bced961fe1f7-text\/javascript\"><\/script><script type=\"2664e9597ab2bced961fe1f7-text\/javascript\">\n  !function(f,b,e,v,n,t,s)\n  {if(f.fbq)return;n=f.fbq=function(){n.callMethod?\n    n.callMethod.apply(n,arguments):n.queue.push(arguments)};\n    if(!f._fbq)f._fbq=n;n.push=n;n.loaded=!0;n.version='2.0';\n    n.queue=[];t=b.createElement(e);t.async=!0;\n    t.src=v;s=b.getElementsByTagName(e)[0];\n    s.parentNode.insertBefore(t,s)}(window, document,'script',\n    'https:\/\/connect.facebook.net\/en_US\/fbevents.js');\n  fbq('init', '153495679422335');\n  fbq('track', 'PageView');\n<\/script><br \/>\n<br \/><br \/>\n<br \/><a href=\"https:\/\/www.noticiasagricolas.com.br\/noticias\/agronegocio\/389175-prosa-agro-itau-bba-perspectivas-para-a-industria-da-soja-e-a-lei-combustivel-do-futuro.html\">Source link <\/a><\/p>\n","protected":false},"excerpt":{"rendered":"<p>Aten\u00e7\u00e3o: Esse conte\u00fado foi produzido pela equipe do Ita\u00fa BBA e gentilmente cedido para republica\u00e7\u00e3o no site Not\u00edcias Agr\u00edcolas Neste<\/p>\n","protected":false},"author":1,"featured_media":5650,"comment_status":"open","ping_status":"open","sticky":false,"template":"","format":"standard","meta":{"_monsterinsights_skip_tracking":false,"_monsterinsights_sitenote_active":false,"_monsterinsights_sitenote_note":"","_monsterinsights_sitenote_category":0,"_uf_show_specific_survey":0,"_uf_disable_surveys":false,"footnotes":""},"categories":[8,1,14,16],"tags":[],"class_list":["post-5649","post","type-post","status-publish","format-standard","has-post-thumbnail","hentry","category-agro","category-news","category-politica-agro","category-safra"],"_links":{"self":[{"href":"https:\/\/agromt.news\/index.php?rest_route=\/wp\/v2\/posts\/5649"}],"collection":[{"href":"https:\/\/agromt.news\/index.php?rest_route=\/wp\/v2\/posts"}],"about":[{"href":"https:\/\/agromt.news\/index.php?rest_route=\/wp\/v2\/types\/post"}],"author":[{"embeddable":true,"href":"https:\/\/agromt.news\/index.php?rest_route=\/wp\/v2\/users\/1"}],"replies":[{"embeddable":true,"href":"https:\/\/agromt.news\/index.php?rest_route=%2Fwp%2Fv2%2Fcomments&post=5649"}],"version-history":[{"count":0,"href":"https:\/\/agromt.news\/index.php?rest_route=\/wp\/v2\/posts\/5649\/revisions"}],"wp:featuredmedia":[{"embeddable":true,"href":"https:\/\/agromt.news\/index.php?rest_route=\/wp\/v2\/media\/5650"}],"wp:attachment":[{"href":"https:\/\/agromt.news\/index.php?rest_route=%2Fwp%2Fv2%2Fmedia&parent=5649"}],"wp:term":[{"taxonomy":"category","embeddable":true,"href":"https:\/\/agromt.news\/index.php?rest_route=%2Fwp%2Fv2%2Fcategories&post=5649"},{"taxonomy":"post_tag","embeddable":true,"href":"https:\/\/agromt.news\/index.php?rest_route=%2Fwp%2Fv2%2Ftags&post=5649"}],"curies":[{"name":"wp","href":"https:\/\/api.w.org\/{rel}","templated":true}]}}