{"id":5645,"date":"2024-11-27T05:19:02","date_gmt":"2024-11-27T09:19:02","guid":{"rendered":"https:\/\/agromt.news\/?p=5645"},"modified":"2024-11-27T05:19:02","modified_gmt":"2024-11-27T09:19:02","slug":"agricultura-pode-lucrar-com-sustentabilidade","status":"publish","type":"post","link":"https:\/\/agromt.news\/?p=5645","title":{"rendered":"agricultura pode lucrar com sustentabilidade"},"content":{"rendered":"<p> <br \/>\n<\/p>\n<div>\n<div class=\"row\">\n<div class=\"col-lg col-infos mt-3 mt-lg-0\">\n<div class=\"section-sub-title\">\n<p itemprop=\"description\">&#13;<br \/>\n                                Na ter\u00e7a-feira (19), a C\u00e2mara dos Deputados aprovou o PL 182\/2024&#13;\n                            <\/p>\n<\/p><\/div>\n<div class=\"container\">\n<div class=\"row\">\n<div class=\"col-lg p-0 text-lg-end\">\n<div>\n<div id=\"mdEnviarPagina\" class=\"modal fade\" role=\"dialog\">\n<div class=\"modal-dialog\">\n<div class=\"modal-content\">\n<div class=\"modal-body\">\n<p><strong>Estimado usu\u00e1rio.<\/strong><br \/>Preencha o formul\u00e1rio abaixo para remeter a p\u00e1gina.<\/p>\n<\/p><\/div>\n<\/p><\/div>\n<\/p><\/div>\n<\/div><\/div>\n<\/p><\/div>\n<\/p><\/div>\n<\/p><\/div>\n<\/p><\/div>\n<\/p><\/div>\n<div class=\"row justify-content-md-center mt-3\">\n<div class=\"col-lg-auto col-image  block-news-main-image d-none d-md-block\">\n<p>                            <img decoding=\"async\" src=\"https:\/\/www.agrolink.com.br\/upload\/imagens-resizes\/dead066d2f214ba281bd1268c5c2ed0d_858x483.jpg\" class=\"lazyload \"\/><br \/>\n                                            <span class=\"publicity-photo d-block mt-1\">Foto: Canva<\/span><\/p><\/div>\n<\/p><\/div>\n<div class=\"section-description section-description-noticias mt-3\">\n<p style=\"text-align:justify\">O mercado de cr\u00e9ditos de <a href=\"https:\/\/www.agrolink.com.br\/carbono\/\" target=\"_blank\" rel=\"noopener\">carbono<\/a> est\u00e1 se consolidando como uma oportunidade rent\u00e1vel para produtores rurais brasileiros que adotam pr\u00e1ticas sustent\u00e1veis em suas propriedades. Com a crescente demanda por solu\u00e7\u00f5es que reduzam emiss\u00f5es de gases do efeito estufa, iniciativas como o plantio direto, o uso de bioinsumos e o manejo adequado do solo t\u00eam gerado resultados positivos para o meio ambiente e para o bolso do agricultor.&#13;\n<\/p>\n<p style=\"text-align:justify\">Especialistas afirmam que o Brasil, com sua vasta \u00e1rea agr\u00edcola, possui um enorme potencial para se tornar l\u00edder na comercializa\u00e7\u00e3o de cr\u00e9ditos de carbono, especialmente com o avan\u00e7o de tecnologias de medi\u00e7\u00e3o e certifica\u00e7\u00e3o.\u00a0 A ado\u00e7\u00e3o dessas pr\u00e1ticas ainda enfrenta desafios, como a necessidade de capacita\u00e7\u00e3o e investimentos iniciais. Contudo, iniciativas p\u00fablicas e privadas est\u00e3o disponibilizando recursos e programas de incentivo para acelerar essa transi\u00e7\u00e3o.<\/p>\n<p style=\"text-align:justify\"><strong>MAIS<\/strong><\/p>\n<p style=\"text-align:justify\">Na ter\u00e7a-feira (19), a C\u00e2mara dos Deputados aprovou o Projeto de Lei 182\/2024, com 336 votos a favor e 38 contra. A proposta visa contribuir para a redu\u00e7\u00e3o das emiss\u00f5es de gases de efeito estufa (GEE) no Brasil, consolidando o mercado de carbono no pa\u00eds.\u00a0&#13;\n<\/p>\n<p style=\"text-align:justify\">A Frente Parlamentar da Agropecu\u00e1ria (FPA) teve papel fundamental na garantia de prote\u00e7\u00f5es para os produtores rurais, que possuem ativos ambientais em suas propriedades e podem gerar cr\u00e9ditos de carbono. A FPA tamb\u00e9m assegurou a proibi\u00e7\u00e3o da venda antecipada de cr\u00e9ditos em programas jurisdicionais relacionados a \u00e1reas privadas.<\/p>\n<p style=\"text-align:justify\">A bancada da FPA trabalhou para garantir que os produtores possam constituir e vender cr\u00e9ditos de carbono em programas privados, promovendo uma economia verde que beneficie o setor agropecu\u00e1rio. Pedro Lupion (PP-PR), presidente da FPA, destacou que o mercado de carbono deve ser uma oportunidade para o produtor rural, criando uma nova fonte de renda e ao mesmo tempo contribuindo para a preserva\u00e7\u00e3o ambiental.&#13;\n<\/p>\n<p style=\"text-align:justify\">O deputado Aliel Machado (PV-PR), relator do projeto, ressaltou a import\u00e2ncia do di\u00e1logo com a FPA para garantir um texto que respeite a propriedade privada, ao mesmo tempo em que promove avan\u00e7os tecnol\u00f3gicos e ambientais. A proposta agora segue para san\u00e7\u00e3o presidencial, podendo representar uma importante conquista para a sustentabilidade e a agricultura no Brasil.<\/p>\n<\/p><\/div>\n<\/p><\/div>\n<p><script data-cfasync=\"false\">\n    !function (f, b, e, v, n, t, s) {\n        if (f.fbq) return; n = f.fbq = function () {\n            n.callMethod ?\n                n.callMethod.apply(n, arguments) : n.queue.push(arguments)\n        };\n        if (!f._fbq) f._fbq = n; n.push = n; n.loaded = !0; n.version = '2.0';\n        n.queue = []; t = b.createElement(e); t.async = !0;\n        t.src = v; s = b.getElementsByTagName(e)[0];\n        s.parentNode.insertBefore(t, s)\n    }(window, document, 'script',\n        'https:\/\/connect.facebook.net\/en_US\/fbevents.js');\n    fbq('init', '522546078623747');\n    fbq('track', 'PageView');\n<\/script><br \/>\n<br \/><br \/>\n<br \/><a href=\"https:\/\/www.agrolink.com.br\/noticias\/mercado-de-creditos-de-carbono--agricultura-pode-lucrar-com-sustentabilidade_497130.html\">Source link <\/a><\/p>\n","protected":false},"excerpt":{"rendered":"<p>&#13; Na ter\u00e7a-feira (19), a C\u00e2mara dos Deputados aprovou o PL 182\/2024&#13; Estimado usu\u00e1rio.Preencha o formul\u00e1rio abaixo para remeter a<\/p>\n","protected":false},"author":1,"featured_media":5646,"comment_status":"open","ping_status":"open","sticky":false,"template":"","format":"standard","meta":{"_monsterinsights_skip_tracking":false,"_monsterinsights_sitenote_active":false,"_monsterinsights_sitenote_note":"","_monsterinsights_sitenote_category":0,"_uf_show_specific_survey":0,"_uf_disable_surveys":false,"footnotes":""},"categories":[8,1,14],"tags":[],"class_list":["post-5645","post","type-post","status-publish","format-standard","has-post-thumbnail","hentry","category-agro","category-news","category-politica-agro"],"_links":{"self":[{"href":"https:\/\/agromt.news\/index.php?rest_route=\/wp\/v2\/posts\/5645"}],"collection":[{"href":"https:\/\/agromt.news\/index.php?rest_route=\/wp\/v2\/posts"}],"about":[{"href":"https:\/\/agromt.news\/index.php?rest_route=\/wp\/v2\/types\/post"}],"author":[{"embeddable":true,"href":"https:\/\/agromt.news\/index.php?rest_route=\/wp\/v2\/users\/1"}],"replies":[{"embeddable":true,"href":"https:\/\/agromt.news\/index.php?rest_route=%2Fwp%2Fv2%2Fcomments&post=5645"}],"version-history":[{"count":0,"href":"https:\/\/agromt.news\/index.php?rest_route=\/wp\/v2\/posts\/5645\/revisions"}],"wp:featuredmedia":[{"embeddable":true,"href":"https:\/\/agromt.news\/index.php?rest_route=\/wp\/v2\/media\/5646"}],"wp:attachment":[{"href":"https:\/\/agromt.news\/index.php?rest_route=%2Fwp%2Fv2%2Fmedia&parent=5645"}],"wp:term":[{"taxonomy":"category","embeddable":true,"href":"https:\/\/agromt.news\/index.php?rest_route=%2Fwp%2Fv2%2Fcategories&post=5645"},{"taxonomy":"post_tag","embeddable":true,"href":"https:\/\/agromt.news\/index.php?rest_route=%2Fwp%2Fv2%2Ftags&post=5645"}],"curies":[{"name":"wp","href":"https:\/\/api.w.org\/{rel}","templated":true}]}}