{"id":5637,"date":"2024-11-26T20:51:52","date_gmt":"2024-11-27T00:51:52","guid":{"rendered":"https:\/\/agromt.news\/?p=5637"},"modified":"2024-11-26T20:51:52","modified_gmt":"2024-11-27T00:51:52","slug":"assunto-encerrado-diz-abpa-sobre-polemica-com-o-carrefour","status":"publish","type":"post","link":"https:\/\/agromt.news\/?p=5637","title":{"rendered":"&#8216;Assunto encerrado&#8217;, diz ABPA sobre pol\u00eamica com o Carrefour"},"content":{"rendered":"<p> <br \/>\n<br \/><img decoding=\"async\" src=\"https:\/\/agromt.news\/wp-content\/uploads\/2024\/11\/Assunto-encerrado-diz-ABPA-sobre-polemica-com-o-Carrefour.jpg\" \/><\/p>\n<div>\n<p>A Associa\u00e7\u00e3o Brasileira de Prote\u00edna Animal (ABPA) divulgou nota nesta ter\u00e7a-feira (26) em que afirma ter recebido de forma positiva a <strong><a href=\"https:\/\/www.canalrural.com.br\/agricultura\/favaro-recebe-carta-de-desculpas-assinada-pelo-ceo-do-carrefour-na-franca\/\">retrata\u00e7\u00e3o apresentada pelo CEO global do Carrefour<\/a><\/strong>, Alexandre Bompard, ao ministro da Agricultura e Pecu\u00e1ria, Carlos F\u00e1varo.<\/p>\n<p>\u201cEm contraposi\u00e7\u00e3o ao equ\u00edvoco de sua primeira manifesta\u00e7\u00e3o, a nova carta de Bompard faz jus \u00e0 maior organiza\u00e7\u00e3o varejista atuante no Brasil\u201d, diz o texto da entidade.<\/p>\n<p>Para a ABPA, a missiva do executivo deixa \u201cclaro o reconhecimento aos enormes esfor\u00e7os dos produtores brasileiros para a produ\u00e7\u00e3o de prote\u00ednas com elevados padr\u00f5es sanit\u00e1rios e de qualidade, que s\u00e3o fundamentais para a seguran\u00e7a alimentar do Brasil e de mais de 150 pa\u00edses em todo o mundo. Por isto, a ABPA e seus associados consideram o tema encerrado\u201d.<\/p>\n<p>A Associa\u00e7\u00e3o diz que a carta de Bompard vai ao encontro de uma rela\u00e7\u00e3o s\u00f3lida constru\u00edda entre o mercado europeu e o setor exportador de prote\u00edna animal do Brasil, que desde o ano 2000 j\u00e1 exportou cerca de 7,7 milh\u00f5es de toneladas de carne de frango para a Uni\u00e3o Europeia, atendendo aos mais elevados crit\u00e9rios sanit\u00e1rios estabelecidos pelas autoridades do continente, uma parceria que gerou mais de US$ 17 bilh\u00f5es em receitas cambiais para o Brasil, com impactos diretos na gera\u00e7\u00e3o de emprego e renda no interior do pa\u00eds.<\/p>\n<\/div>\n<div>\n<p>\u201cAo mesmo tempo, cabe ressaltar o incontest\u00e1vel apoio do Ministro da Agricultura e Pecu\u00e1ria, Carlos F\u00e1varo, juntamente com Secret\u00e1rio de Rela\u00e7\u00f5es Internacionais, Lu\u00eds Rua, na forte defesa da imagem da cadeia produtiva de prote\u00edna animal do Brasil. As palavras do Ministro e de seu Secret\u00e1rio nortearam os setores neste trabalho conjunto entre Governo e setor privado, em prol da soberania e do respeito ao Brasil como um dos maiores players globais na produ\u00e7\u00e3o de alimentos\u201d.<\/p>\n<h2 class=\"wp-block-heading\" id=\"h-assunto-parece-nao-estar-encerrado\">Assunto parece n\u00e3o estar encerrado<\/h2>\n<p>Apesar da nota de apaziguamento da ABPA, a Confedera\u00e7\u00e3o da Agricultura e Pecu\u00e1ria do Brasil (CNA) afirmou, em nota divulgada nesta ter\u00e7a-feira (26), que vai <strong><a href=\"https:\/\/www.canalrural.com.br\/pecuaria\/cna-vai-adotar-medidas-legais-contra-carrefour-e-empresas-francesas\/\">adotar medidas junto \u00e0 Uni\u00e3o Europeia contra o Grupo Carrefour<\/a><\/strong> e demais empresas francesas que anunciaram que deixariam de comprar carne de pa\u00edses do Mercosul.<\/p>\n<p>\u201cN\u00f3s fomos surpreendidos pela atitude do Carrefour e outras empresas que, de uma hora para outra, procuraram mostrar uma imagem de que a carne que estamos colocando na Europa n\u00e3o \u00e9 uma carne de qualidade, n\u00e3o atende os padr\u00f5es europeus. Isso n\u00e3o \u00e9 verdade porque o Brasil se tornou o maior exportador do mundo, n\u00e3o s\u00f3 atendemos Estados Unidos, Europa, Oriente M\u00e9dio como tamb\u00e9m China e pa\u00edses asi\u00e1ticos. Diante dessa acusa\u00e7\u00e3o, nos vimos obrigados a buscar nosso escrit\u00f3rio em Bruxelas [capital da B\u00e9lgica] e nosso escrit\u00f3rio de advocacia que nos atende em Bruxelas para entrar com as a\u00e7\u00f5es devidas para buscar esclarecimento da verdade\u201d, afirmou o presidente da CNA, Jo\u00e3o Martins.<\/p>\n<p>Outro que se manifestou contr\u00e1rio \u00e0 finaliza\u00e7\u00e3o do imbr\u00f3glio foi o <strong><a href=\"https:\/\/www.canalrural.com.br\/politica\/carta-do-carrefour-foi-muito-fraca-diz-arthur-lira\/\">presidente da C\u00e2mara dos Deputados, Arthur Lira<\/a><\/strong>. \u201cA carta do Carrefour foi muito fraca dado o estrago de imagem que o CEO do Carrefour produziu\u201d, disse nesta ter\u00e7a, ap\u00f3s participar da reuni\u00e3o semanal da Frente Parlamentar da Agropecu\u00e1ria (FPA). \u201c\u00c9 importante n\u00e3o minimizar o que aconteceu\u201d, defendeu Lira.<\/p>\n<\/p><\/div>\n<p><br \/>\n<br \/><a href=\"https:\/\/www.canalrural.com.br\/politica\/assunto-encerrado-diz-abpa-sobre-polemica-com-o-carrefour\/\">Source link <\/a><\/p>\n","protected":false},"excerpt":{"rendered":"<p>A Associa\u00e7\u00e3o Brasileira de Prote\u00edna Animal (ABPA) divulgou nota nesta ter\u00e7a-feira (26) em que afirma ter recebido de forma positiva<\/p>\n","protected":false},"author":1,"featured_media":5638,"comment_status":"open","ping_status":"open","sticky":false,"template":"","format":"standard","meta":{"_monsterinsights_skip_tracking":false,"_monsterinsights_sitenote_active":false,"_monsterinsights_sitenote_note":"","_monsterinsights_sitenote_category":0,"_uf_show_specific_survey":0,"_uf_disable_surveys":false,"footnotes":""},"categories":[1],"tags":[],"class_list":["post-5637","post","type-post","status-publish","format-standard","has-post-thumbnail","hentry","category-news"],"_links":{"self":[{"href":"https:\/\/agromt.news\/index.php?rest_route=\/wp\/v2\/posts\/5637"}],"collection":[{"href":"https:\/\/agromt.news\/index.php?rest_route=\/wp\/v2\/posts"}],"about":[{"href":"https:\/\/agromt.news\/index.php?rest_route=\/wp\/v2\/types\/post"}],"author":[{"embeddable":true,"href":"https:\/\/agromt.news\/index.php?rest_route=\/wp\/v2\/users\/1"}],"replies":[{"embeddable":true,"href":"https:\/\/agromt.news\/index.php?rest_route=%2Fwp%2Fv2%2Fcomments&post=5637"}],"version-history":[{"count":0,"href":"https:\/\/agromt.news\/index.php?rest_route=\/wp\/v2\/posts\/5637\/revisions"}],"wp:featuredmedia":[{"embeddable":true,"href":"https:\/\/agromt.news\/index.php?rest_route=\/wp\/v2\/media\/5638"}],"wp:attachment":[{"href":"https:\/\/agromt.news\/index.php?rest_route=%2Fwp%2Fv2%2Fmedia&parent=5637"}],"wp:term":[{"taxonomy":"category","embeddable":true,"href":"https:\/\/agromt.news\/index.php?rest_route=%2Fwp%2Fv2%2Fcategories&post=5637"},{"taxonomy":"post_tag","embeddable":true,"href":"https:\/\/agromt.news\/index.php?rest_route=%2Fwp%2Fv2%2Ftags&post=5637"}],"curies":[{"name":"wp","href":"https:\/\/api.w.org\/{rel}","templated":true}]}}