{"id":5564,"date":"2024-11-25T16:54:31","date_gmt":"2024-11-25T20:54:31","guid":{"rendered":"https:\/\/agromt.news\/?p=5564"},"modified":"2024-11-25T16:54:31","modified_gmt":"2024-11-25T20:54:31","slug":"produtores-de-frango-tambem-paralisam-vendas-ao-carrefour-diz-favaro","status":"publish","type":"post","link":"https:\/\/agromt.news\/?p=5564","title":{"rendered":"Produtores de frango tamb\u00e9m paralisam vendas ao Carrefour, diz F\u00e1varo"},"content":{"rendered":"<p> <br \/>\n<br \/><img decoding=\"async\" src=\"https:\/\/agromt.news\/wp-content\/uploads\/2024\/11\/Produtores-de-frango-tambem-paralisam-vendas-ao-Carrefour-diz-Favaro.jpg\" \/><\/p>\n<div>\n<p>O ministro da Agricultura e Pecu\u00e1ria <strong><a href=\"https:\/\/www.canalrural.com.br\/tag\/mapa\">(Mapa)<\/a><\/strong>, Carlos F\u00e1varo, disse nesta segunda-feira (25), em entrevista \u00e0 Folha de S. Paulo, que a paralisa\u00e7\u00e3o de venda de frigor\u00edficos brasileiros de carne bovina ao Carrefour se estende, agora, aos produtores de frango. <\/p>\n<p>Segundo ele, o setor de prote\u00edna animal brasileiro manter\u00e1 a medida at\u00e9 o momento em que a rede varejista fizer uma retrata\u00e7\u00e3o global. <\/p>\n<p>O chefe da pasta reafirmou que a decis\u00e3o do setor tem o apoio irrestrito do pr\u00f3prio Minist\u00e9rio e da Associa\u00e7\u00e3o Brasileira das Ind\u00fastrias Exportadoras de Carnes (Abiec), entidade que congrega 43 empresas de prote\u00ednas animais, respons\u00e1veis por 98% do produto negociado internacionalmente.<\/p>\n<p>O imbr\u00f3glio teve in\u00edcio quando o CEO do Carrefour na Fran\u00e7a, Alexandre Bompard, disse que a rede varejista n\u00e3o mais compraria carne advinda do Mercosul, o que inclui o Brasil, alegando quest\u00f5es ambientais e sanit\u00e1rias.<\/p>\n<\/div>\n<div>\n<p>Entidades representativas do setor de prote\u00edna animal, analistas de mercado e o pr\u00f3prio ministro F\u00e1varo j\u00e1 disseram que a medida se tratava, puramente, de protecionismo. Assim, o posicionamento do executivo da empresa francesa seria uma forma de corroborar com o posicionamento de agricultores franceses, que protestam contra o acordo entre Mercosul e Uni\u00e3o Europeia.<\/p>\n<p>\u201cSe ele [o CEO do Carrefour] n\u00e3o quer comprar os produtos brasileiros, \u00e9 simples, n\u00e3o compra [\u2026]. Agora, dizer que n\u00e3o tem qualidade sanit\u00e1ria? Faz 40 anos que a Fran\u00e7a compra carne do Brasil. E faz isso agora? Isso n\u00f3s n\u00e3o vamos admitir, porque o que temos de mais precioso \u00e9 a qualidade sanit\u00e1ria da nossa carne. \u00c9 isso o que nos abriu tantos mercados no mundo\u201d, disse F\u00e1varo, \u00e0 Folha. <\/p>\n<p>Vale lembrar que o Grupo Carrefour Brasil j\u00e1 reconheceu, em nota, os <strong><a href=\"https:\/\/www.canalrural.com.br\/pecuaria\/carrefour-brasil-admite-suspensao-de-fornecimento-de-carne-mas-diz-que-nao-ha-desabastecimento\/\">impactos advindos da ruptura de fornecimento de carnes pela ind\u00fastria nacional<\/a><\/strong>, ap\u00f3s grandes frigor\u00edficos, como JBS, Marfrig e Masterboi, interromperem a entrega de produtos \u00e0s unidades do grupo no pa\u00eds.<\/p>\n<p>Em contato com a reportagem do <strong><a href=\"https:\/\/www.canalrural.com.br\/\">Canal Rural<\/a><\/strong>, a Associa\u00e7\u00e3o Brasileira de Prote\u00edna Animal (ABPA) n\u00e3o quis comentar, no momento, o apoio dos produtores de frango ao embargo.  <\/p>\n<\/p><\/div>\n<p><br \/>\n<br \/><a href=\"https:\/\/www.canalrural.com.br\/entretenimento\/multimidia\/portal-de-videos\/frango-portal-de-videos\/produtores-de-frango-tambem-paralisam-vendas-ao-carrefour-diz-favaro\/\">Source link <\/a><\/p>\n","protected":false},"excerpt":{"rendered":"<p>O ministro da Agricultura e Pecu\u00e1ria (Mapa), Carlos F\u00e1varo, disse nesta segunda-feira (25), em entrevista \u00e0 Folha de S. Paulo,<\/p>\n","protected":false},"author":1,"featured_media":5565,"comment_status":"open","ping_status":"open","sticky":false,"template":"","format":"standard","meta":{"_monsterinsights_skip_tracking":false,"_monsterinsights_sitenote_active":false,"_monsterinsights_sitenote_note":"","_monsterinsights_sitenote_category":0,"_uf_show_specific_survey":0,"_uf_disable_surveys":false,"footnotes":""},"categories":[1],"tags":[],"class_list":["post-5564","post","type-post","status-publish","format-standard","has-post-thumbnail","hentry","category-news"],"_links":{"self":[{"href":"https:\/\/agromt.news\/index.php?rest_route=\/wp\/v2\/posts\/5564"}],"collection":[{"href":"https:\/\/agromt.news\/index.php?rest_route=\/wp\/v2\/posts"}],"about":[{"href":"https:\/\/agromt.news\/index.php?rest_route=\/wp\/v2\/types\/post"}],"author":[{"embeddable":true,"href":"https:\/\/agromt.news\/index.php?rest_route=\/wp\/v2\/users\/1"}],"replies":[{"embeddable":true,"href":"https:\/\/agromt.news\/index.php?rest_route=%2Fwp%2Fv2%2Fcomments&post=5564"}],"version-history":[{"count":0,"href":"https:\/\/agromt.news\/index.php?rest_route=\/wp\/v2\/posts\/5564\/revisions"}],"wp:featuredmedia":[{"embeddable":true,"href":"https:\/\/agromt.news\/index.php?rest_route=\/wp\/v2\/media\/5565"}],"wp:attachment":[{"href":"https:\/\/agromt.news\/index.php?rest_route=%2Fwp%2Fv2%2Fmedia&parent=5564"}],"wp:term":[{"taxonomy":"category","embeddable":true,"href":"https:\/\/agromt.news\/index.php?rest_route=%2Fwp%2Fv2%2Fcategories&post=5564"},{"taxonomy":"post_tag","embeddable":true,"href":"https:\/\/agromt.news\/index.php?rest_route=%2Fwp%2Fv2%2Ftags&post=5564"}],"curies":[{"name":"wp","href":"https:\/\/api.w.org\/{rel}","templated":true}]}}