{"id":5561,"date":"2024-11-25T16:07:28","date_gmt":"2024-11-25T20:07:28","guid":{"rendered":"https:\/\/agromt.news\/?p=5561"},"modified":"2024-11-25T16:07:28","modified_gmt":"2024-11-25T20:07:28","slug":"saiba-como-o-clima-se-comporta","status":"publish","type":"post","link":"https:\/\/agromt.news\/?p=5561","title":{"rendered":"saiba como o clima se comporta"},"content":{"rendered":"<p> <br \/>\n<br \/><img decoding=\"async\" src=\"https:\/\/agromt.news\/wp-content\/uploads\/2024\/10\/previsao-de-250-mm-de-chuva-em-24h-para-estado.jpg\" \/><\/p>\n<div>\n<p>A previs\u00e3o do tempo para as \u00e1reas <a href=\"https:\/\/www.canalrural.com.br\/?s=%C3%A1reas+soja\">produtoras <\/a>de soja no Brasil aponta para uma continuidade de boas condi\u00e7\u00f5es de umidade, com destaque para o avan\u00e7o de chuvas sobre a regi\u00e3o do Matopiba, Mato Grosso e Goi\u00e1s. Essas \u00e1reas recebem boas precipita\u00e7\u00f5es, o que tem sido fundamental para manter a umidade do solo ideal para o desenvolvimento das lavouras de soja.<\/p>\n<p>Por outro lado, o Centro-Sul do pa\u00eds ainda enfrenta a necessidade urgente de mais chuvas, especialmente nas \u00e1reas mais secas, que incluem o sul de Mato Grosso do Sul e o interior de S\u00e3o Paulo. Nos pr\u00f3ximos cinco dias, a tend\u00eancia \u00e9 que a frente fria, que vem avan\u00e7ando da regi\u00e3o Sul, traga volumes de chuva de at\u00e9 50 mm para o Mato Grosso do Sul.<\/p>\n<h2 class=\"wp-block-heading\" id=\"h-o-tempo-no-matopiba-e-regiao-norte\">O tempo no Matopiba e regi\u00e3o Norte <\/h2>\n<p>No Matopiba, que inclui os estados da Bahia, Maranh\u00e3o, Piau\u00ed e Tocantins, a chuva continua sendo um pilar importante para manter a boa umidade do solo. As precipita\u00e7\u00f5es tamb\u00e9m devem avan\u00e7ar para o norte da Bahia e o interior de Pernambuco, com acumulados previstos na casa dos 30 mm. No Tocantins, a chuva se distribui de forma mais moderada, mas ainda assim ser\u00e1 ben\u00e9fica para o desenvolvimento das lavouras. Al\u00e9m disso, as chuvas devem chegar ao estado de Rond\u00f4nia.<\/p>\n<\/div>\n<div>\n<h2 class=\"wp-block-heading\" id=\"h-regiao-sul-temporais-e-acumulo-de-chuva\"><strong>Regi\u00e3o Sul: temporais e ac\u00famulo de chuva <\/strong><\/h2>\n<p>Na regi\u00e3o Sul, os volumes de chuva devem aumentar, especialmente entre ter\u00e7a e quarta-feira, com destaque para Santa Catarina e Paran\u00e1, onde os acumulados podem chegar a 50-80 mm. Esse aumento de precipita\u00e7\u00f5es ajudar\u00e1 a manter a umidade do solo e contribuir\u00e1 para o crescimento saud\u00e1vel das lavouras de soja. No entanto, \u00e9 importante ressaltar que essas chuvas podem vir acompanhadas de temporais, o que pode interromper os trabalhos em campo.<\/p>\n<h2 class=\"wp-block-heading\" id=\"h-sudeste-tempo-mais-seco-e-firme\"><strong>Sudeste: tempo mais seco e firme <\/strong><\/h2>\n<p>No Sudeste, o clima permanece mais firme, com tempo seco predominando no Centro-Norte de Minas Gerais, o que deve acelerar os trabalhos de campo. Por\u00e9m, em S\u00e3o Paulo e no Centro-Sul de Minas Gerais, a expectativa \u00e9 que as chuvas retornem a partir de quinta ou sexta-feira, quando o sistema da regi\u00e3o Sul deve avan\u00e7ar para essas \u00e1reas, trazendo precipita\u00e7\u00f5es que ajudar\u00e3o a melhorar a umidade do solo.<\/p>\n<h2 class=\"wp-block-heading\" id=\"h-projecoes-para-o-dezembro\">Proje\u00e7\u00f5es para o dezembro<\/h2>\n<p>A primeira semana de dezembro promete ser marcada por chuvas volumosas em todas as principais \u00e1reas produtoras de soja. Esse cen\u00e1rio \u00e9 positivo para a agricultura, pois ajuda a reverter o quadro de d\u00e9ficit h\u00eddrico, especialmente em estados como Mato Grosso do Sul, S\u00e3o Paulo e Paran\u00e1. As chuvas intensas devem colaborar para a recupera\u00e7\u00e3o das lavouras e garantir um bom desenvolvimento da soja para a pr\u00f3xima safra.<\/p>\n<figure class=\"wp-block-embed is-type-video is-provider-youtube wp-block-embed-youtube wp-embed-aspect-16-9 wp-has-aspect-ratio\">\n<p>\n<iframe title=\"Tempestade e tempo seco: saiba como o clima se comporta\" width=\"800\" height=\"450\" src=\"https:\/\/www.youtube.com\/embed\/wqys1RSWXFA?feature=oembed\" frameborder=\"0\" allow=\"accelerometer; autoplay; clipboard-write; encrypted-media; gyroscope; picture-in-picture; web-share\" referrerpolicy=\"strict-origin-when-cross-origin\" allowfullscreen><\/iframe><noscript><iframe title=\"Tempestade e tempo seco: saiba como o clima se comporta\" width=\"800\" height=\"450\" src=\"https:\/\/www.youtube.com\/embed\/wqys1RSWXFA?feature=oembed\" frameborder=\"0\" allow=\"accelerometer; autoplay; clipboard-write; encrypted-media; gyroscope; picture-in-picture; web-share\" referrerpolicy=\"strict-origin-when-cross-origin\" allowfullscreen><\/iframe><\/noscript>\n<\/p>\n<\/figure><\/div>\n<p><br \/>\n<br \/><a href=\"https:\/\/www.canalrural.com.br\/agricultura\/projeto-soja-brasil\/tempestade-e-tempo-seco-saiba-como-o-clima-se-comporta\/\">Source link <\/a><\/p>\n","protected":false},"excerpt":{"rendered":"<p>A previs\u00e3o do tempo para as \u00e1reas produtoras de soja no Brasil aponta para uma continuidade de boas condi\u00e7\u00f5es de<\/p>\n","protected":false},"author":1,"featured_media":3592,"comment_status":"open","ping_status":"open","sticky":false,"template":"","format":"standard","meta":{"_monsterinsights_skip_tracking":false,"_monsterinsights_sitenote_active":false,"_monsterinsights_sitenote_note":"","_monsterinsights_sitenote_category":0,"_uf_show_specific_survey":0,"_uf_disable_surveys":false,"footnotes":""},"categories":[1],"tags":[],"class_list":["post-5561","post","type-post","status-publish","format-standard","has-post-thumbnail","hentry","category-news"],"_links":{"self":[{"href":"https:\/\/agromt.news\/index.php?rest_route=\/wp\/v2\/posts\/5561"}],"collection":[{"href":"https:\/\/agromt.news\/index.php?rest_route=\/wp\/v2\/posts"}],"about":[{"href":"https:\/\/agromt.news\/index.php?rest_route=\/wp\/v2\/types\/post"}],"author":[{"embeddable":true,"href":"https:\/\/agromt.news\/index.php?rest_route=\/wp\/v2\/users\/1"}],"replies":[{"embeddable":true,"href":"https:\/\/agromt.news\/index.php?rest_route=%2Fwp%2Fv2%2Fcomments&post=5561"}],"version-history":[{"count":0,"href":"https:\/\/agromt.news\/index.php?rest_route=\/wp\/v2\/posts\/5561\/revisions"}],"wp:featuredmedia":[{"embeddable":true,"href":"https:\/\/agromt.news\/index.php?rest_route=\/wp\/v2\/media\/3592"}],"wp:attachment":[{"href":"https:\/\/agromt.news\/index.php?rest_route=%2Fwp%2Fv2%2Fmedia&parent=5561"}],"wp:term":[{"taxonomy":"category","embeddable":true,"href":"https:\/\/agromt.news\/index.php?rest_route=%2Fwp%2Fv2%2Fcategories&post=5561"},{"taxonomy":"post_tag","embeddable":true,"href":"https:\/\/agromt.news\/index.php?rest_route=%2Fwp%2Fv2%2Ftags&post=5561"}],"curies":[{"name":"wp","href":"https:\/\/api.w.org\/{rel}","templated":true}]}}