{"id":5556,"date":"2024-11-25T14:55:22","date_gmt":"2024-11-25T18:55:22","guid":{"rendered":"https:\/\/agromt.news\/?p=5556"},"modified":"2024-11-25T14:55:22","modified_gmt":"2024-11-25T18:55:22","slug":"pedido-de-criacao-de-comissao-externa-para-investigar-carrefour-e-protocolado","status":"publish","type":"post","link":"https:\/\/agromt.news\/?p=5556","title":{"rendered":"Pedido de cria\u00e7\u00e3o de comiss\u00e3o externa para investigar Carrefour \u00e9 protocolado"},"content":{"rendered":"<p> <br \/>\n<br \/><img decoding=\"async\" src=\"https:\/\/agromt.news\/wp-content\/uploads\/2024\/11\/Lojas-24h.jpg\" \/><\/p>\n<div>\n<p>A deputada federal Marussa Boldrin, vice-presidente da Frente Parlamentar da Agricultura (FPA) no centro-oeste e o deputado federal Alceu Moreira assinaram o pedido de cria\u00e7\u00e3o de uma comiss\u00e3o externa para investigar o Carrefour. <\/p>\n<p>O requerimento 4595\/2024 tem como objetivo avaliar a conduta e as den\u00fancias contra a rede varejista no Brasil.<\/p>\n<p>\u201cNa semana passada fomos surpreendidos com a declara\u00e7\u00e3o do CEO do Carrefour [na Fran\u00e7a] anunciando que iria parar de comercializar a carne do Brasil e de outros pa\u00edses do Mercosul. A carne brasileira, assim como outras prote\u00ednas animais do Mercosul, \u00e9 reconhecida mundialmente pela qualidade e pelos altos padr\u00f5es de seguran\u00e7a alimentar\u201d, diz Marussa, em nota.<\/p>\n<blockquote class=\"wp-block-quote is-layout-flow wp-block-quote-is-layout-flow\">\n<p>\u201cEmpresas brasileiras possuem rigorosos controles sanit\u00e1rios e ambientais, certificados por organiza\u00e7\u00f5es internacionais respeitadas. Proibir a importa\u00e7\u00e3o desses produtos com base em argumentos superficiais ou desatualizados \u00e9 ignorar d\u00e9cadas de esfor\u00e7os e investimentos do setor agropecu\u00e1rio para atender \u00e0s demandas globais de sustentabilidade e qualidade\u201d, afirma a deputada Marussa Boldrin.<\/p>\n<\/blockquote>\n<\/div>\n<div>\n<h2 class=\"wp-block-heading\" id=\"h-antecedentes-do-carrefour\">Antecedentes do Carrefour<\/h2>\n<p>Marussa ainda cita os antecedentes \u201cgraves\u201d da rede de supermercados francesa ligados a viola\u00e7\u00f5es raciais, ambientais e trabalhistas.<\/p>\n<p>\u201cA Fran\u00e7a compra carne do Brasil h\u00e1 40 anos. Esse protecionismo europeu exagerado, principalmente da Fran\u00e7a com o Brasil, tem que ter uma resposta dos produtores brasileiros\u201d, afirmou.<\/p>\n<h2 class=\"wp-block-heading\" id=\"h-boicote-dos-frigorificos\">Boicote dos frigor\u00edficos<\/h2>\n<p>Na semana passada, os frigor\u00edficos brasileiros <strong><a href=\"https:\/\/www.canalrural.com.br\/pecuaria\/suspensao-de-fornecimento-de-carnes-ja-atinge-150-lojas-do-grupo-carrefour\/\">pararam de fornecer carne ao Carrefour<\/a><\/strong> depois da decis\u00e3o da empresa francesa de parar de comercializar a carne do Mercosul. <\/p>\n<p>Entre os frigor\u00edficos que suspenderam o fornecimento do produto est\u00e3o a JBS, Marfrig e Masterboi.<\/p>\n<\/p><\/div>\n<p><br \/>\n<br \/><a href=\"https:\/\/www.canalrural.com.br\/politica\/pedido-de-criacao-de-comissao-externa-para-investigar-carrefour-e-protocolado\/\">Source link <\/a><\/p>\n","protected":false},"excerpt":{"rendered":"<p>A deputada federal Marussa Boldrin, vice-presidente da Frente Parlamentar da Agricultura (FPA) no centro-oeste e o deputado federal Alceu Moreira<\/p>\n","protected":false},"author":1,"featured_media":5331,"comment_status":"open","ping_status":"open","sticky":false,"template":"","format":"standard","meta":{"_monsterinsights_skip_tracking":false,"_monsterinsights_sitenote_active":false,"_monsterinsights_sitenote_note":"","_monsterinsights_sitenote_category":0,"_uf_show_specific_survey":0,"_uf_disable_surveys":false,"footnotes":""},"categories":[1],"tags":[],"class_list":["post-5556","post","type-post","status-publish","format-standard","has-post-thumbnail","hentry","category-news"],"_links":{"self":[{"href":"https:\/\/agromt.news\/index.php?rest_route=\/wp\/v2\/posts\/5556"}],"collection":[{"href":"https:\/\/agromt.news\/index.php?rest_route=\/wp\/v2\/posts"}],"about":[{"href":"https:\/\/agromt.news\/index.php?rest_route=\/wp\/v2\/types\/post"}],"author":[{"embeddable":true,"href":"https:\/\/agromt.news\/index.php?rest_route=\/wp\/v2\/users\/1"}],"replies":[{"embeddable":true,"href":"https:\/\/agromt.news\/index.php?rest_route=%2Fwp%2Fv2%2Fcomments&post=5556"}],"version-history":[{"count":0,"href":"https:\/\/agromt.news\/index.php?rest_route=\/wp\/v2\/posts\/5556\/revisions"}],"wp:featuredmedia":[{"embeddable":true,"href":"https:\/\/agromt.news\/index.php?rest_route=\/wp\/v2\/media\/5331"}],"wp:attachment":[{"href":"https:\/\/agromt.news\/index.php?rest_route=%2Fwp%2Fv2%2Fmedia&parent=5556"}],"wp:term":[{"taxonomy":"category","embeddable":true,"href":"https:\/\/agromt.news\/index.php?rest_route=%2Fwp%2Fv2%2Fcategories&post=5556"},{"taxonomy":"post_tag","embeddable":true,"href":"https:\/\/agromt.news\/index.php?rest_route=%2Fwp%2Fv2%2Ftags&post=5556"}],"curies":[{"name":"wp","href":"https:\/\/api.w.org\/{rel}","templated":true}]}}