{"id":5553,"date":"2024-11-25T13:18:32","date_gmt":"2024-11-25T17:18:32","guid":{"rendered":"https:\/\/agromt.news\/?p=5553"},"modified":"2024-11-25T13:18:32","modified_gmt":"2024-11-25T17:18:32","slug":"trigo-de-inverno-sofre-impactos-climaticos-na-europa-e-ucrania","status":"publish","type":"post","link":"https:\/\/agromt.news\/?p=5553","title":{"rendered":"Trigo de inverno sofre impactos clim\u00e1ticos na Europa e Ucr\u00e2nia"},"content":{"rendered":"<p> <br \/>\n<\/p>\n<div>\n<div class=\"row\">\n<div class=\"col-lg col-infos mt-3 mt-lg-0\">\n<div class=\"section-sub-title\">\n<p itemprop=\"description\">&#13;<br \/>\n                                China prev\u00ea aumento na \u00e1rea semeada&#13;\n                            <\/p>\n<\/p><\/div>\n<div class=\"container\">\n<div class=\"row\">\n<div class=\"col-lg p-0\">\n<div>\n<div class=\"block-news-main-infos mt-3 text-start\">\n<p>                                            <strong class=\"fn\" itemprop=\"author\" style=\"color: rgb(112, 112, 112); \">&#13;<br \/>\n                                                <a href=\"https:\/\/www.agrolink.com.br\/noticias\/javascript:;\" class=\"text-uppercase\" target=\"_blank\" style=\"color: rgb(112, 112, 112); \" rel=\"noopener\">Agrolink<\/a>&#13;<br \/>\n&#13;<br \/>\n                                                    &#8211; Seane Lennon&#13;<br \/>\n&#13;<br \/>\n                                            <\/strong><br \/>\n                                        <\/p>\n<p>                                            <abbr><time datetime=\"2024-11-22T18:56\" itemprop=\"datePublished dateModified\">Publicado em 22\/11\/2024 \u00e0s 18:56h.<\/time><\/abbr><br \/>\n                                            <\/p><\/div>\n<\/p><\/div>\n<\/p><\/div>\n<div class=\"col-lg p-0 text-lg-end\">\n<div>\n<div id=\"mdEnviarPagina\" class=\"modal fade\" role=\"dialog\">\n<div class=\"modal-dialog\">\n<div class=\"modal-content\">\n<div class=\"modal-body\">\n<p><strong>Estimado usu\u00e1rio.<\/strong><br \/>Preencha o formul\u00e1rio abaixo para remeter a p\u00e1gina.<\/p>\n<\/p><\/div>\n<\/p><\/div>\n<\/p><\/div>\n<\/div><\/div>\n<\/p><\/div>\n<\/p><\/div>\n<\/p><\/div>\n<\/p><\/div>\n<\/p><\/div>\n<div class=\"row justify-content-md-center mt-3\">\n<div class=\"col-lg-auto col-image  block-news-main-image d-none d-md-block\">\n<p>                            <img decoding=\"async\" src=\"https:\/\/www.agrolink.com.br\/upload\/imagens-resizes\/54e93a77edd045bb92f02967beea3c2c_858x483.jpg\" class=\"lazyload \"\/><br \/>\n                                            <span class=\"publicity-photo d-block mt-1\">Foto: Canva<\/span><\/p><\/div>\n<\/p><\/div>\n<div class=\"section-description section-description-noticias mt-3\">\n<p style=\"text-align:justify\">De acordo com a an\u00e1lise divulgada na edi\u00e7\u00e3o de novembro do Global Crop Monitor (GEOGLAM), a\u00a0safra global de <a href=\"https:\/\/www.agrolink.com.br\/culturas\/trigo\/?utm_source=agrolink-detalhe-noticia&amp;utm_medium=detalhe-noticia&amp;utm_campaign=links-internos\" target=\"_blank\" rel=\"noopener\">trigo<\/a> de inverno est\u00e1 sendo marcada por condi\u00e7\u00f5es clim\u00e1ticas adversas. A situa\u00e7\u00e3o varia entre regi\u00f5es, com impactos\u00a0em algumas \u00e1reas produtoras.&#13;\n<\/p>\n<p style=\"text-align:justify\">Na Uni\u00e3o Europeia, o excesso de chuvas no oeste e sul atrasou o in\u00edcio da semeadura. No Reino Unido, o cen\u00e1rio \u00e9 similar, com os trabalhos de campo comprometidos pelas chuvas intensas de setembro e pela colheita tardia das safras de ver\u00e3o. J\u00e1 na T\u00fcrkiye, o plantio avan\u00e7a em condi\u00e7\u00f5es favor\u00e1veis.&#13;\n<\/p>\n<p style=\"text-align:justify\"><a href=\"https:\/\/www.agrolink.com.br\/agrotempo?utm_source=agrolink-detalhe-noticia&amp;utm_medium=detalhe-noticia&amp;utm_campaign=links-internos\" target=\"_blank\" rel=\"noopener\">Veja mais informa\u00e7\u00f5es sobre o clima em Agrotempo<\/a><\/p>\n<p style=\"text-align:justify\">Na Ucr\u00e2nia, a persistente seca em \u00e1reas orientais atrasou o desenvolvimento do trigo de inverno, que apresenta um atraso de 2 a 3 semanas em seu ciclo fenol\u00f3gico. Na Federa\u00e7\u00e3o Russa, a semeadura tamb\u00e9m sofre com condi\u00e7\u00f5es predominantemente secas, apesar das chuvas recentes.&#13;\n<\/p>\n<p style=\"text-align:justify\"><a href=\"https:\/\/www.whatsapp.com\/channel\/0029Va6ABTpIHphIQkFBgA12\" target=\"_blank\" rel=\"noopener\">Clique para seguir o canal do Agrolink no WhatsApp<\/a><\/p>\n<p style=\"text-align:justify\">Nos Estados Unidos, a semeadura e emerg\u00eancia do trigo de inverno progridem, embora as Grandes Plan\u00edcies enfrentem \u00e1reas de seca. No Canad\u00e1, o plantio come\u00e7a com boas condi\u00e7\u00f5es clim\u00e1ticas.<\/p>\n<p style=\"text-align:justify\">Na Argentina, as recentes chuvas melhoraram as condi\u00e7\u00f5es nas \u00e1reas agr\u00edcolas centrais e em Buenos Aires. No entanto, a seca prolongada nas regi\u00f5es norte e centro-oeste deve reduzir os rendimentos.<\/p>\n<p style=\"text-align:justify\">Na Austr\u00e1lia, as condi\u00e7\u00f5es s\u00e3o excepcionais em Nova Gales do Sul e Queensland, mas secas e geadas severas impactaram negativamente os rendimentos em Austr\u00e1lia do Sul e Victoria.<\/p>\n<p style=\"text-align:justify\">Na China, a semeadura do trigo de inverno est\u00e1 concluindo com a expectativa de um aumento na \u00e1rea plantada em rela\u00e7\u00e3o ao ano anterior, conforme a an\u00e1lise.<\/p>\n<\/p><\/div>\n<\/p><\/div>\n<p><script data-cfasync=\"false\">\n    !function (f, b, e, v, n, t, s) {\n        if (f.fbq) return; n = f.fbq = function () {\n            n.callMethod ?\n                n.callMethod.apply(n, arguments) : n.queue.push(arguments)\n        };\n        if (!f._fbq) f._fbq = n; n.push = n; n.loaded = !0; n.version = '2.0';\n        n.queue = []; t = b.createElement(e); t.async = !0;\n        t.src = v; s = b.getElementsByTagName(e)[0];\n        s.parentNode.insertBefore(t, s)\n    }(window, document, 'script',\n        'https:\/\/connect.facebook.net\/en_US\/fbevents.js');\n    fbq('init', '522546078623747');\n    fbq('track', 'PageView');\n<\/script><br \/>\n<br \/><br \/>\n<br \/><a href=\"https:\/\/www.agrolink.com.br\/noticias\/trigo-de-inverno-sofre-impactos-climaticos-na-europa-e-ucrania_497055.html\">Source link <\/a><\/p>\n","protected":false},"excerpt":{"rendered":"<p>&#13; China prev\u00ea aumento na \u00e1rea semeada&#13; &#13; Agrolink&#13; &#13; &#8211; Seane Lennon&#13; &#13; Publicado em 22\/11\/2024 \u00e0s 18:56h. Estimado<\/p>\n","protected":false},"author":1,"featured_media":955,"comment_status":"open","ping_status":"open","sticky":false,"template":"","format":"standard","meta":{"_monsterinsights_skip_tracking":false,"_monsterinsights_sitenote_active":false,"_monsterinsights_sitenote_note":"","_monsterinsights_sitenote_category":0,"_uf_show_specific_survey":0,"_uf_disable_surveys":false,"footnotes":""},"categories":[8,1,14],"tags":[],"class_list":["post-5553","post","type-post","status-publish","format-standard","has-post-thumbnail","hentry","category-agro","category-news","category-politica-agro"],"_links":{"self":[{"href":"https:\/\/agromt.news\/index.php?rest_route=\/wp\/v2\/posts\/5553"}],"collection":[{"href":"https:\/\/agromt.news\/index.php?rest_route=\/wp\/v2\/posts"}],"about":[{"href":"https:\/\/agromt.news\/index.php?rest_route=\/wp\/v2\/types\/post"}],"author":[{"embeddable":true,"href":"https:\/\/agromt.news\/index.php?rest_route=\/wp\/v2\/users\/1"}],"replies":[{"embeddable":true,"href":"https:\/\/agromt.news\/index.php?rest_route=%2Fwp%2Fv2%2Fcomments&post=5553"}],"version-history":[{"count":0,"href":"https:\/\/agromt.news\/index.php?rest_route=\/wp\/v2\/posts\/5553\/revisions"}],"wp:featuredmedia":[{"embeddable":true,"href":"https:\/\/agromt.news\/index.php?rest_route=\/wp\/v2\/media\/955"}],"wp:attachment":[{"href":"https:\/\/agromt.news\/index.php?rest_route=%2Fwp%2Fv2%2Fmedia&parent=5553"}],"wp:term":[{"taxonomy":"category","embeddable":true,"href":"https:\/\/agromt.news\/index.php?rest_route=%2Fwp%2Fv2%2Fcategories&post=5553"},{"taxonomy":"post_tag","embeddable":true,"href":"https:\/\/agromt.news\/index.php?rest_route=%2Fwp%2Fv2%2Ftags&post=5553"}],"curies":[{"name":"wp","href":"https:\/\/api.w.org\/{rel}","templated":true}]}}