{"id":5493,"date":"2024-11-24T10:36:20","date_gmt":"2024-11-24T14:36:20","guid":{"rendered":"https:\/\/agromt.news\/?p=5493"},"modified":"2024-11-24T10:36:20","modified_gmt":"2024-11-24T14:36:20","slug":"ceo-do-grupo-frances-tereos-se-posiciona-contra-acordo-entre-mercosul-e-uniao-europeia","status":"publish","type":"post","link":"https:\/\/agromt.news\/?p=5493","title":{"rendered":"CEO do grupo franc\u00eas Tereos se posiciona contra acordo entre Mercosul e Uni\u00e3o Europeia"},"content":{"rendered":"<p> <br \/>\n<br \/><img decoding=\"async\" src=\"https:\/\/agromt.news\/wp-content\/uploads\/2024\/11\/CEO-do-grupo-frances-Tereos-se-posiciona-contra-acordo-entre.png\" \/><\/p>\n<div>\n<p>Em postagem nas redes sociais, o CEO do grupo sucroalcooleiro franc\u00eas Tereos, Olivier Leducq, se posicionou contra a aprova\u00e7\u00e3o do acordo comercial entre a Uni\u00e3o Europeia e o <strong><a href=\"http:\/\/www.canalrural.com.br\/tag\/mercosul\/\">Mercosul <\/a><\/strong>sob os termos atuais. De acordo com ele, o texto criaria uma \u201cconcorr\u00eancia desleal\u201d entre os produtos agr\u00edcolas franceses e os do bloco do qual o Brasil faz parte.<\/p>\n<p>\u201cNo momento em que nossos colaboradores est\u00e3o focados na implementa\u00e7\u00e3o de pr\u00e1ticas de agricultura regenerativa, como nossas exporta\u00e7\u00f5es agr\u00edcolas conseguir\u00e3o fazer frente \u00e0 concorr\u00eancia desleal de produtos importados que n\u00e3o cumprem as mesmas normas ambientais e sociais?\u201d, disse ele em postagem no LinkedIn.<\/p>\n<p>O executivo disse ser contra a assinatura do acordo no estado atual, posi\u00e7\u00e3o endossada pelo presidente franc\u00eas, Emmanuel Macron, que alega buscar prote\u00e7\u00e3o ao setor agr\u00edcola do pa\u00eds.<\/p>\n<p>\u201cApelamos \u00e0 Fran\u00e7a para que continue a apoiar essa posi\u00e7\u00e3o e a mobilizar outros Estados-membros para garantir que este acordo n\u00e3o seja imposto pela Comiss\u00e3o Europeia\u201d, diz Leducq. \u201cOs impactos no setor sucroalcooleiro seriam significativos. E n\u00e3o vale brandir cl\u00e1usulas-espelho como garantia de prote\u00e7\u00e3o: elas s\u00e3o inexequ\u00edveis.\u201d<\/p>\n<\/div>\n<div>\n<p>A Tereos \u00e9 sediada na Fran\u00e7a, mas tem opera\u00e7\u00f5es em outros pa\u00edses. No Brasil, \u00e9 dona do a\u00e7\u00facar Guarani, e \u00e9 a segunda maior produtora de a\u00e7\u00facar do Pa\u00eds.<\/p>\n<p>Procurada, a Tereos afirmou que a postagem do CEO se refere apenas \u201c\u00e0 necessidade de uma discuss\u00e3o mais aprofundada sobre as diferen\u00e7as regulat\u00f3rias que impactam a competitividade econ\u00f4mica entre os dois blocos comerciais\u201d. De acordo com a empresa, n\u00e3o foi um questionamento \u00e0 qualidade dos produtos ou ao comprometimento do Brasil e do Mercosul com pr\u00e1ticas sustent\u00e1veis.<\/p>\n<p>\u201cO Grupo Tereos tem orgulho de sua presen\u00e7a mundial e de suas opera\u00e7\u00f5es no Brasil, onde atua h\u00e1 mais de 24 anos no processamento de mat\u00e9rias-primas vegetais. Mais de 60% de sua produ\u00e7\u00e3o total no Pa\u00eds \u00e9 exportada, respaldada por rigorosas certifica\u00e7\u00f5es internacionais de qualidade e sustentabilidade socioambiental\u201d, disse a companhia, que afirmou ainda seguir comprometida com as normas e legisla\u00e7\u00f5es das regi\u00f5es em que opera.<\/p>\n<p>Em alguns coment\u00e1rios, o CEO da Tereos afirmou n\u00e3o ter se referido a um \u00fanico pa\u00eds. \u201c\u00c9 importante esclarecer que as preocupa\u00e7\u00f5es expressas no post n\u00e3o s\u00e3o sobre a qualidade da agricultura brasileira, mas sim sobre a disparidade entre padr\u00f5es ambientais e sociais entre a Uni\u00e3o Europeia e pa\u00edses do Mercosul, entre eles o Brasil\u201d, afirmou ele em uma das respostas.<\/p>\n<p>A postagem de Leducq foi feita em paralelo \u00e0 repercuss\u00e3o do an\u00fancio do presidente do Grupo Carrefour, Alexandre Bompard, de que a rede n\u00e3o vender\u00e1 carnes procedentes do Mercosul em suas lojas na Fran\u00e7a. O an\u00fancio provocou uma crise, e como mostrou o Broadcast, levou frigor\u00edficos brasileiros a suspenderem entregas para o Carrefour Brasil, uma das maiores opera\u00e7\u00f5es do Grupo no mundo.<\/p>\n<\/p><\/div>\n<p><br \/>\n<br \/><a href=\"https:\/\/www.canalrural.com.br\/agricultura\/ceo-do-grupo-frances-tereos-se-posiciona-contra-acordo-entre-mercosul-e-uniao-europeia\/\">Source link <\/a><\/p>\n","protected":false},"excerpt":{"rendered":"<p>Em postagem nas redes sociais, o CEO do grupo sucroalcooleiro franc\u00eas Tereos, Olivier Leducq, se posicionou contra a aprova\u00e7\u00e3o do<\/p>\n","protected":false},"author":1,"featured_media":5494,"comment_status":"open","ping_status":"open","sticky":false,"template":"","format":"standard","meta":{"_monsterinsights_skip_tracking":false,"_monsterinsights_sitenote_active":false,"_monsterinsights_sitenote_note":"","_monsterinsights_sitenote_category":0,"_uf_show_specific_survey":0,"_uf_disable_surveys":false,"footnotes":""},"categories":[1],"tags":[],"class_list":["post-5493","post","type-post","status-publish","format-standard","has-post-thumbnail","hentry","category-news"],"_links":{"self":[{"href":"https:\/\/agromt.news\/index.php?rest_route=\/wp\/v2\/posts\/5493"}],"collection":[{"href":"https:\/\/agromt.news\/index.php?rest_route=\/wp\/v2\/posts"}],"about":[{"href":"https:\/\/agromt.news\/index.php?rest_route=\/wp\/v2\/types\/post"}],"author":[{"embeddable":true,"href":"https:\/\/agromt.news\/index.php?rest_route=\/wp\/v2\/users\/1"}],"replies":[{"embeddable":true,"href":"https:\/\/agromt.news\/index.php?rest_route=%2Fwp%2Fv2%2Fcomments&post=5493"}],"version-history":[{"count":0,"href":"https:\/\/agromt.news\/index.php?rest_route=\/wp\/v2\/posts\/5493\/revisions"}],"wp:featuredmedia":[{"embeddable":true,"href":"https:\/\/agromt.news\/index.php?rest_route=\/wp\/v2\/media\/5494"}],"wp:attachment":[{"href":"https:\/\/agromt.news\/index.php?rest_route=%2Fwp%2Fv2%2Fmedia&parent=5493"}],"wp:term":[{"taxonomy":"category","embeddable":true,"href":"https:\/\/agromt.news\/index.php?rest_route=%2Fwp%2Fv2%2Fcategories&post=5493"},{"taxonomy":"post_tag","embeddable":true,"href":"https:\/\/agromt.news\/index.php?rest_route=%2Fwp%2Fv2%2Ftags&post=5493"}],"curies":[{"name":"wp","href":"https:\/\/api.w.org\/{rel}","templated":true}]}}