{"id":5486,"date":"2024-11-24T05:20:17","date_gmt":"2024-11-24T09:20:17","guid":{"rendered":"https:\/\/agromt.news\/?p=5486"},"modified":"2024-11-24T05:20:17","modified_gmt":"2024-11-24T09:20:17","slug":"chances-de-la-nina-diminuem","status":"publish","type":"post","link":"https:\/\/agromt.news\/?p=5486","title":{"rendered":"Chances de La Ni\u00f1a diminuem"},"content":{"rendered":"<p> <br \/>\n<\/p>\n<div>\n<div class=\"row\">\n<div class=\"col-lg col-infos mt-3 mt-lg-0\">\n<div class=\"section-sub-title\">\n<p itemprop=\"description\">&#13;<br \/>\n                                Prado enfatiza que \u00e9 essencial continuar monitorando as condi\u00e7\u00f5es clim\u00e1ticas&#13;\n                            <\/p>\n<\/p><\/div>\n<div class=\"container\">\n<div class=\"row\">\n<div class=\"col-lg p-0\">\n<div>\n<div class=\"block-news-main-infos mt-3 text-start\">\n<p>                                            <strong class=\"fn\" itemprop=\"author\" style=\"color: rgb(112, 112, 112); \">&#13;<br \/>\n                                                <a href=\"https:\/\/www.agrolink.com.br\/noticias\/javascript:;\" class=\"text-uppercase\" target=\"_blank\" style=\"color: rgb(112, 112, 112); \" rel=\"noopener\">Agrolink<\/a>&#13;<br \/>\n&#13;<br \/>\n                                                    &#8211; Leonardo Gottems&#13;<br \/>\n&#13;<br \/>\n                                            <\/strong><br \/>\n                                        <\/p>\n<p>                                            <abbr><time datetime=\"2024-11-22T16:40\" itemprop=\"datePublished dateModified\">Publicado em 22\/11\/2024 \u00e0s 16:40h.<\/time><\/abbr><br \/>\n                                            <\/p><\/div>\n<\/p><\/div>\n<\/p><\/div>\n<div class=\"col-lg p-0 text-lg-end\">\n<div>\n<div id=\"mdEnviarPagina\" class=\"modal fade\" role=\"dialog\">\n<div class=\"modal-dialog\">\n<div class=\"modal-content\">\n<div class=\"modal-body\">\n<p><strong>Estimado usu\u00e1rio.<\/strong><br \/>Preencha o formul\u00e1rio abaixo para remeter a p\u00e1gina.<\/p>\n<\/p><\/div>\n<\/p><\/div>\n<\/p><\/div>\n<\/div><\/div>\n<\/p><\/div>\n<\/p><\/div>\n<\/p><\/div>\n<\/p><\/div>\n<\/p><\/div>\n<div class=\"row justify-content-md-center mt-3\">\n<div class=\"col-lg-auto col-image  block-news-main-image d-none d-md-block\">\n<p>                            <img decoding=\"async\" src=\"https:\/\/www.agrolink.com.br\/upload\/imagens-resizes\/52851a5a150d4722a5f546dcc099333f_858x483.jpg\" class=\"lazyload \" alt=\"Nos \u00faltimos 30 dias, foram registradas chuvas regulares em grande parte do Brasi\"\/><br \/>\n                                            <span class=\"d-block mt-1\">Nos \u00faltimos 30 dias, foram registradas chuvas regulares em grande parte do Brasi &#8211; Foto: NOAA<\/span><\/p><\/div>\n<\/p><\/div>\n<div class=\"section-description section-description-noticias mt-3\">\n<p>Conforme an\u00e1lise de Antonio Prado G. B. Neto, CEO da Pirecal e palestrante, baseada na \u00faltima publica\u00e7\u00e3o da NOAA (National Oceanic &amp; Atmospheric Administration), as chances de ocorr\u00eancia do fen\u00f4meno La Ni\u00f1a para o per\u00edodo de outubro a dezembro diminu\u00edram. Os dados, apresentados em sua coluna Caf\u00e9 com Prado, mostram que a probabilidade, que j\u00e1 chegou a 80%, agora \u00e9 de 57%. Esse cen\u00e1rio aponta para uma menor influ\u00eancia desse evento clim\u00e1tico na safra 2024\/2025.\u00a0&#13;\n<\/p>\n<p>Nos \u00faltimos 30 dias, foram registradas chuvas regulares em grande parte do Brasil. Embora o in\u00edcio das precipita\u00e7\u00f5es tenha ocorrido com atraso, Prado destaca que, ap\u00f3s come\u00e7arem, as chuvas se estabeleceram de forma consistente, contribuindo para o planejamento das pr\u00f3ximas safras agr\u00edcolas. Esse comportamento clim\u00e1tico beneficia principalmente as regi\u00f5es agr\u00edcolas que dependem de umidade adequada para o desenvolvimento das culturas. \u00a0<\/p>\n<p>Prado enfatiza que \u00e9 essencial continuar monitorando as condi\u00e7\u00f5es clim\u00e1ticas para ajustar as previs\u00f5es da safra 2024\/2025. A calibra\u00e7\u00e3o constante, com base nas informa\u00e7\u00f5es atualizadas, \u00e9 fundamental para mitigar riscos e otimizar as opera\u00e7\u00f5es no campo. \u00a0&#13;\n<\/p>\n<p>Essa an\u00e1lise refor\u00e7a a import\u00e2ncia de observar os indicadores clim\u00e1ticos com aten\u00e7\u00e3o, especialmente em per\u00edodos cr\u00edticos para a agricultura brasileira. A regulariza\u00e7\u00e3o das chuvas traz al\u00edvio ao setor, mas os sinais do enfraquecimento da La Ni\u00f1a continuar\u00e3o sendo avaliados nos pr\u00f3ximos meses.<\/p>\n<p>\u201cA cada m\u00eas a probabilidade de uma La Nina fica mais distante. As chances que ja chegaram a 80% hoje est\u00e3o em 57% para ocorrer entre outubro a dezembro. \u00a0O que estamos vendo nos \u00faltimos 30 dias, s\u00e3o chuvas regulares em grande parte do Brasil. Apesar das chuvas chegarem um pouco mais atrasada do que de costume, mas depois que chegou ficou\u201d, escreveu.&#13;\n<\/p>\n<\/p><\/div>\n<\/p><\/div>\n<p><script data-cfasync=\"false\">\n    !function (f, b, e, v, n, t, s) {\n        if (f.fbq) return; n = f.fbq = function () {\n            n.callMethod ?\n                n.callMethod.apply(n, arguments) : n.queue.push(arguments)\n        };\n        if (!f._fbq) f._fbq = n; n.push = n; n.loaded = !0; n.version = '2.0';\n        n.queue = []; t = b.createElement(e); t.async = !0;\n        t.src = v; s = b.getElementsByTagName(e)[0];\n        s.parentNode.insertBefore(t, s)\n    }(window, document, 'script',\n        'https:\/\/connect.facebook.net\/en_US\/fbevents.js');\n    fbq('init', '522546078623747');\n    fbq('track', 'PageView');\n<\/script><br \/>\n<br \/><br \/>\n<br \/><a href=\"https:\/\/www.agrolink.com.br\/noticias\/chances-de-la-nina-diminuem_497048.html\">Source link <\/a><\/p>\n","protected":false},"excerpt":{"rendered":"<p>&#13; Prado enfatiza que \u00e9 essencial continuar monitorando as condi\u00e7\u00f5es clim\u00e1ticas&#13; &#13; Agrolink&#13; &#13; &#8211; Leonardo Gottems&#13; &#13; Publicado em<\/p>\n","protected":false},"author":1,"featured_media":1364,"comment_status":"open","ping_status":"open","sticky":false,"template":"","format":"standard","meta":{"_monsterinsights_skip_tracking":false,"_monsterinsights_sitenote_active":false,"_monsterinsights_sitenote_note":"","_monsterinsights_sitenote_category":0,"_uf_show_specific_survey":0,"_uf_disable_surveys":false,"footnotes":""},"categories":[8,1,14],"tags":[],"class_list":["post-5486","post","type-post","status-publish","format-standard","has-post-thumbnail","hentry","category-agro","category-news","category-politica-agro"],"_links":{"self":[{"href":"https:\/\/agromt.news\/index.php?rest_route=\/wp\/v2\/posts\/5486"}],"collection":[{"href":"https:\/\/agromt.news\/index.php?rest_route=\/wp\/v2\/posts"}],"about":[{"href":"https:\/\/agromt.news\/index.php?rest_route=\/wp\/v2\/types\/post"}],"author":[{"embeddable":true,"href":"https:\/\/agromt.news\/index.php?rest_route=\/wp\/v2\/users\/1"}],"replies":[{"embeddable":true,"href":"https:\/\/agromt.news\/index.php?rest_route=%2Fwp%2Fv2%2Fcomments&post=5486"}],"version-history":[{"count":0,"href":"https:\/\/agromt.news\/index.php?rest_route=\/wp\/v2\/posts\/5486\/revisions"}],"wp:featuredmedia":[{"embeddable":true,"href":"https:\/\/agromt.news\/index.php?rest_route=\/wp\/v2\/media\/1364"}],"wp:attachment":[{"href":"https:\/\/agromt.news\/index.php?rest_route=%2Fwp%2Fv2%2Fmedia&parent=5486"}],"wp:term":[{"taxonomy":"category","embeddable":true,"href":"https:\/\/agromt.news\/index.php?rest_route=%2Fwp%2Fv2%2Fcategories&post=5486"},{"taxonomy":"post_tag","embeddable":true,"href":"https:\/\/agromt.news\/index.php?rest_route=%2Fwp%2Fv2%2Ftags&post=5486"}],"curies":[{"name":"wp","href":"https:\/\/api.w.org\/{rel}","templated":true}]}}