{"id":5482,"date":"2024-11-24T00:52:03","date_gmt":"2024-11-24T04:52:03","guid":{"rendered":"https:\/\/agromt.news\/?p=5482"},"modified":"2024-11-24T00:52:03","modified_gmt":"2024-11-24T04:52:03","slug":"garantia-para-credito-a-produtores-afetados-pela-enchente","status":"publish","type":"post","link":"https:\/\/agromt.news\/?p=5482","title":{"rendered":"Garantia para cr\u00e9dito a produtores afetados pela enchente"},"content":{"rendered":"<p> <br \/>\n<\/p>\n<div>\n<div class=\"row\">\n<div class=\"col-lg col-infos mt-3 mt-lg-0\">\n<div class=\"section-sub-title\">\n<p itemprop=\"description\">&#13;<br \/>\n                                A iniciativa faz parte do conjunto de a\u00e7\u00f5es do BB para apoiar a recupera\u00e7\u00e3o do estado&#13;\n                            <\/p>\n<\/p><\/div>\n<div class=\"container\">\n<div class=\"row\">\n<div class=\"col-lg p-0\">\n<div>\n<div class=\"block-news-main-infos mt-3 text-start\">\n<p>                                            <strong class=\"fn\" itemprop=\"author\" style=\"color: rgb(112, 112, 112); \">&#13;<br \/>\n                                                <a href=\"https:\/\/www.agrolink.com.br\/noticias\/javascript:;\" class=\"text-uppercase\" target=\"_blank\" style=\"color: rgb(112, 112, 112); \" rel=\"noopener\">Agrolink<\/a>&#13;<br \/>\n&#13;<br \/>\n                                                    &#8211; Leonardo Gottems&#13;<br \/>\n&#13;<br \/>\n                                            <\/strong><br \/>\n                                        <\/p>\n<p>                                            <abbr><time datetime=\"2024-11-22T17:14\" itemprop=\"datePublished dateModified\">Publicado em 22\/11\/2024 \u00e0s 17:14h.<\/time><\/abbr><br \/>\n                                            <\/p><\/div>\n<\/p><\/div>\n<\/p><\/div>\n<div class=\"col-lg p-0 text-lg-end\">\n<div>\n<div id=\"mdEnviarPagina\" class=\"modal fade\" role=\"dialog\">\n<div class=\"modal-dialog\">\n<div class=\"modal-content\">\n<div class=\"modal-body\">\n<p><strong>Estimado usu\u00e1rio.<\/strong><br \/>Preencha o formul\u00e1rio abaixo para remeter a p\u00e1gina.<\/p>\n<\/p><\/div>\n<\/p><\/div>\n<\/p><\/div>\n<\/div><\/div>\n<\/p><\/div>\n<\/p><\/div>\n<\/p><\/div>\n<\/p><\/div>\n<\/p><\/div>\n<div class=\"row justify-content-md-center mt-3\">\n<div class=\"col-lg-auto col-image  block-news-main-image d-none d-md-block\">\n<p>                            <img decoding=\"async\" src=\"https:\/\/www.agrolink.com.br\/upload\/imagens-resizes\/c0d3aea84ba24e64b1ae9e86086c112f_858x483.jpg\" class=\"lazyload \" alt=\"O uso do FGO foi viabilizado pelo aporte de R$ 600 milh\u00f5es realizado pelo Governo Federal\"\/><br \/>\n                                            <span class=\"d-block mt-1\">O uso do FGO foi viabilizado pelo aporte de R$ 600 milh\u00f5es realizado pelo Governo Federal &#8211; Foto: Pixabay<\/span><\/p><\/div>\n<\/p><\/div>\n<div class=\"section-description section-description-noticias mt-3\">\n<p>O Banco do Brasil (BB) lan\u00e7ou uma solu\u00e7\u00e3o in\u00e9dita ao disponibilizar o Fundo de Garantia de Opera\u00e7\u00f5es (FGO) para cobrir at\u00e9 100% das contrata\u00e7\u00f5es das linhas Pronaf Mais Alimentos e Pronamp Investimento. A medida \u00e9 voltada a produtores rurais do Rio Grande do Sul que sofreram perdas materiais nas enchentes de maio de 2024, em munic\u00edpios com estado de calamidade ou emerg\u00eancia reconhecidos pelo Governo Federal, com base na Medida Provis\u00f3ria 1.216, na Lei 14.981 e portarias correlatas. \u00a0&#13;\n<\/p>\n<p>A iniciativa faz parte do conjunto de a\u00e7\u00f5es do BB para apoiar a recupera\u00e7\u00e3o do estado, que incluem ajuda humanit\u00e1ria, prorroga\u00e7\u00e3o de d\u00edvidas e concess\u00e3o de cr\u00e9dito emergencial. At\u00e9 agora, foram liberados R$ 1,1 bilh\u00e3o em empr\u00e9stimos com subven\u00e7\u00e3o federal, beneficiando mais de 9 mil agricultores familiares e m\u00e9dios produtores. Al\u00e9m disso, no Plano Safra 2023\/24, o BB j\u00e1 desembolsou mais de R$ 11 bilh\u00f5es no RS, abrangendo linhas voltadas \u00e0 cadeia produtiva do agroneg\u00f3cio e ao financiamento de t\u00edtulos. \u00a0<\/p>\n<p>O uso do FGO foi viabilizado pelo aporte de R$ 600 milh\u00f5es realizado pelo Governo Federal, o que facilita a constitui\u00e7\u00e3o de garantias e amplia o acesso ao cr\u00e9dito para produtores que enfrentam dificuldades financeiras. A iniciativa j\u00e1 gerou resultados, com as primeiras opera\u00e7\u00f5es contratadas e grande aceita\u00e7\u00e3o pelos clientes. \u00a0&#13;\n<\/p>\n<p>Segundo Luiz Gustavo Braz Lage, vice-presidente de agroneg\u00f3cios e agricultura familiar do BB, \u201cessa solu\u00e7\u00e3o inovadora de cr\u00e9dito rural amparado no fundo garantidor, j\u00e1 tendo sido contratadas as primeiras opera\u00e7\u00f5es nesta modalidade, gerando \u00f3tima receptividade e satisfa\u00e7\u00e3o pelos clientes. O FGO impulsiona o cr\u00e9dito e a atua\u00e7\u00e3o do BB no \u00e2mbito das a\u00e7\u00f5es governamentais de apoio, atendendo as demandas dos produtores rurais para desenvolver os investimentos necess\u00e1rios para a continuidade das atividades e dos neg\u00f3cios\u201d. Mais informa\u00e7\u00f5es podem ser obtidas nas ag\u00eancias do BB no estado. \u00a0<br \/>&#13;<br \/>\n\u00a0<\/p>\n<\/p><\/div>\n<\/p><\/div>\n<p><script data-cfasync=\"false\">\n    !function (f, b, e, v, n, t, s) {\n        if (f.fbq) return; n = f.fbq = function () {\n            n.callMethod ?\n                n.callMethod.apply(n, arguments) : n.queue.push(arguments)\n        };\n        if (!f._fbq) f._fbq = n; n.push = n; n.loaded = !0; n.version = '2.0';\n        n.queue = []; t = b.createElement(e); t.async = !0;\n        t.src = v; s = b.getElementsByTagName(e)[0];\n        s.parentNode.insertBefore(t, s)\n    }(window, document, 'script',\n        'https:\/\/connect.facebook.net\/en_US\/fbevents.js');\n    fbq('init', '522546078623747');\n    fbq('track', 'PageView');\n<\/script><br \/>\n<br \/><br \/>\n<br \/><a href=\"https:\/\/www.agrolink.com.br\/noticias\/garantia-para-credito-a-produtores-afetados-pela-enchente_497050.html\">Source link <\/a><\/p>\n","protected":false},"excerpt":{"rendered":"<p>&#13; A iniciativa faz parte do conjunto de a\u00e7\u00f5es do BB para apoiar a recupera\u00e7\u00e3o do estado&#13; &#13; Agrolink&#13; &#13;<\/p>\n","protected":false},"author":1,"featured_media":5483,"comment_status":"open","ping_status":"open","sticky":false,"template":"","format":"standard","meta":{"_monsterinsights_skip_tracking":false,"_monsterinsights_sitenote_active":false,"_monsterinsights_sitenote_note":"","_monsterinsights_sitenote_category":0,"_uf_show_specific_survey":0,"_uf_disable_surveys":false,"footnotes":""},"categories":[8,1,14],"tags":[],"class_list":["post-5482","post","type-post","status-publish","format-standard","has-post-thumbnail","hentry","category-agro","category-news","category-politica-agro"],"_links":{"self":[{"href":"https:\/\/agromt.news\/index.php?rest_route=\/wp\/v2\/posts\/5482"}],"collection":[{"href":"https:\/\/agromt.news\/index.php?rest_route=\/wp\/v2\/posts"}],"about":[{"href":"https:\/\/agromt.news\/index.php?rest_route=\/wp\/v2\/types\/post"}],"author":[{"embeddable":true,"href":"https:\/\/agromt.news\/index.php?rest_route=\/wp\/v2\/users\/1"}],"replies":[{"embeddable":true,"href":"https:\/\/agromt.news\/index.php?rest_route=%2Fwp%2Fv2%2Fcomments&post=5482"}],"version-history":[{"count":0,"href":"https:\/\/agromt.news\/index.php?rest_route=\/wp\/v2\/posts\/5482\/revisions"}],"wp:featuredmedia":[{"embeddable":true,"href":"https:\/\/agromt.news\/index.php?rest_route=\/wp\/v2\/media\/5483"}],"wp:attachment":[{"href":"https:\/\/agromt.news\/index.php?rest_route=%2Fwp%2Fv2%2Fmedia&parent=5482"}],"wp:term":[{"taxonomy":"category","embeddable":true,"href":"https:\/\/agromt.news\/index.php?rest_route=%2Fwp%2Fv2%2Fcategories&post=5482"},{"taxonomy":"post_tag","embeddable":true,"href":"https:\/\/agromt.news\/index.php?rest_route=%2Fwp%2Fv2%2Ftags&post=5482"}],"curies":[{"name":"wp","href":"https:\/\/api.w.org\/{rel}","templated":true}]}}