{"id":5479,"date":"2024-11-23T22:52:46","date_gmt":"2024-11-24T02:52:46","guid":{"rendered":"https:\/\/agromt.news\/?p=5479"},"modified":"2024-11-23T22:52:46","modified_gmt":"2024-11-24T02:52:46","slug":"42-entidades-da-cadeia-produtiva-do-brasil-repudiam-fala-de-ceo-da-franca","status":"publish","type":"post","link":"https:\/\/agromt.news\/?p=5479","title":{"rendered":"42 entidades da cadeia produtiva do Brasil repudiam fala de CEO da Fran\u00e7a"},"content":{"rendered":"<p> <br \/>\n<br \/><img decoding=\"async\" src=\"https:\/\/agromt.news\/wp-content\/uploads\/2024\/11\/ABPA-critica-protecionismo-apos-fala-de-CEO-do-Carrefour.png\" \/><\/p>\n<div>\n<p>Representantes de 42 entidades ligadas ao setor agropecu\u00e1rio brasileiro manifestaram, neste s\u00e1bado (23), rep\u00fadio \u00e0 decis\u00e3o do <strong><a href=\"http:\/\/www.canalrural.com.br\/tag\/carrefour\/\">Carrefour <\/a><\/strong>na Fran\u00e7a de suspender a compra de carnes produzidas no Mercosul. Em carta aberta, organiza\u00e7\u00f5es como OCB, Abiec, Fiesp, Faep, Aprosoja-MT e Aprosoja-MS afirmam que a medida \u00e9 infundada, desconsidera os princ\u00edpios do livre mercado e desvaloriza a qualidade e a sustentabilidade das carnes brasileiras.<\/p>\n<p>O texto destaca que o Brasil \u00e9 l\u00edder mundial na exporta\u00e7\u00e3o de carne bovina e de frango, atendendo a mais de 160 pa\u00edses, incluindo mercados exigentes como Uni\u00e3o Europeia, Estados Unidos e Jap\u00e3o. A produ\u00e7\u00e3o nacional, segundo a carta, segue rigorosos controles sanit\u00e1rios e padr\u00f5es de qualidade reconhecidos globalmente.<\/p>\n<p>As entidades ressaltam os avan\u00e7os do setor pecu\u00e1rio brasileiro, que aumentou a produtividade em 172% nos \u00faltimos 30 anos, enquanto reduziu a \u00e1rea de pastagem em 16%. O compromisso com pr\u00e1ticas sustent\u00e1veis e a legisla\u00e7\u00e3o ambiental rigorosa tamb\u00e9m foram destacados. O documento menciona que as \u00e1reas preservadas pela agropecu\u00e1ria brasileira somam 282,8 milh\u00f5es de hectares, o equivalente a mais de quatro vezes o territ\u00f3rio da Fran\u00e7a.<\/p>\n<p>A carta argumenta que a exclus\u00e3o dos produtos do Mercosul limita o acesso dos consumidores europeus a alimentos de alta qualidade e sustent\u00e1veis, al\u00e9m de poder gerar infla\u00e7\u00e3o e aumentar as emiss\u00f5es de carbono devido \u00e0 menor efici\u00eancia no transporte de produtos locais.<\/p>\n<p>\u201cSe a carne brasileira n\u00e3o \u00e9 considerada adequada para abastecer o mercado franc\u00eas, fica dif\u00edcil compreender como ela seria adequada para outros mercados\u201d, aponta o texto. As entidades refor\u00e7am o compromisso com a produ\u00e7\u00e3o respons\u00e1vel e cobram transpar\u00eancia e coopera\u00e7\u00e3o de empresas globais como o Carrefour, que t\u00eam opera\u00e7\u00f5es significativas no Brasil e dependem da produ\u00e7\u00e3o nacional para abastecer outros mercados globais.<\/p>\n<h2 class=\"wp-block-heading\" id=\"h-leia-o-documento-na-integra\">Leia o documento na \u00edntegra<\/h2>\n<p><strong><em>Carta aberta de representantes da cadeia produtiva brasileira em resposta ao CEO do Carrefour sobre carnes produzidas no Mercosul<\/em><\/strong><\/p>\n<p><em>N\u00f3s, as entidades representativas da cadeia produtiva brasileira, manifestamos nosso profundo rep\u00fadio \u00e0s declara\u00e7\u00f5es recentes sobre a suspens\u00e3o da compra de carnes do Mercosul pelas lojas Carrefour na Fran\u00e7a. Consideramos esta posi\u00e7\u00e3o n\u00e3o apenas infundada, mas tamb\u00e9m desprovida de coer\u00eancia com os princ\u00edpios do livre mercado, da sustentabilidade e da coopera\u00e7\u00e3o internacional.<\/em><\/p>\n<p><em>A decis\u00e3o anunciada demonstra uma abordagem protecionista que contradiz o papel de uma empresa global com opera\u00e7\u00f5es em mercados diversos e interdependentes. Tal posicionamento, al\u00e9m de desvalorizar a qualidade e a sustentabilidade das carnes produzidas nos pa\u00edses do Mercosul, prejudica o di\u00e1logo e a parceria necess\u00e1ria para enfrentar desafios globais como a seguran\u00e7a alimentar.<\/em><\/p>\n<\/div>\n<div>\n<p><em>O Brasil, por sua vez, \u00e9 refer\u00eancia mundial na produ\u00e7\u00e3o e exporta\u00e7\u00e3o de prote\u00ednas animais. Somos l\u00edderes globais na exporta\u00e7\u00e3o de carne bovina e de frango, e nossa produ\u00e7\u00e3o \u00e9 amplamente reconhecida pela excel\u00eancia, sendo abastecida por rigorosos controles sanit\u00e1rios e padr\u00f5es de qualidade que atendem a mais de 160 pa\u00edses, incluindo mercados exigentes como Uni\u00e3o Europeia, Estados Unidos, Jap\u00e3o e China.<\/em><\/p>\n<p><em>Nos \u00faltimos 30 anos, a pecu\u00e1ria brasileira aumentou sua produtividade em 172%, enquanto reduziu a \u00e1rea de pastagem em 16%. Esses avan\u00e7os foram poss\u00edveis gra\u00e7as a um compromisso cont\u00ednuo com a inova\u00e7\u00e3o, efici\u00eancia produtiva e pr\u00e1ticas sustent\u00e1veis. Al\u00e9m disso, nossa legisla\u00e7\u00e3o ambiental \u00e9 uma das mais rigorosas do mundo, assegurando o equil\u00edbrio entre produ\u00e7\u00e3o agropecu\u00e1ria e preserva\u00e7\u00e3o dos recursos naturais.<\/em><\/p>\n<p><em>As \u00e1reas dedicadas \u00e0 preserva\u00e7\u00e3o da vegeta\u00e7\u00e3o nativa pelo agro brasileiro somam 282,8 milh\u00f5es de hectares, representando 33,2% do territ\u00f3rio do Brasil. Para se ter uma ideia, essa \u00e1rea equivale a um pouco mais de quatro vezes o territ\u00f3rio da Fran\u00e7a ou quase oito vezes o territ\u00f3rio da Alemanha. O Brasil preserva mais do que o dobro da \u00e1rea destinada \u00e0 preserva\u00e7\u00e3o ambiental em compara\u00e7\u00e3o com a Fran\u00e7a, um dado que questiona a postura cr\u00edtica do Carrefour em rela\u00e7\u00e3o \u00e0 nossa produ\u00e7\u00e3o.<\/em><\/p>\n<p><em>A exclus\u00e3o injustificada de produtos do Mercosul do mercado franc\u00eas n\u00e3o apenas subestima a relev\u00e2ncia de nossas exporta\u00e7\u00f5es, mas tamb\u00e9m limita o acesso dos consumidores europeus a produtos de alta qualidade, mais seguros e sustent\u00e1veis. Al\u00e9m disso, tal atitude pode gerar infla\u00e7\u00e3o e aumentar as emiss\u00f5es de carbono devido ao transporte de mercadorias locais menos eficientes.<\/em><\/p>\n<p><em>Se uma carne brasileira n\u00e3o serve para abastecer o Carrefour na Fran\u00e7a, \u00e9 dif\u00edcil entender como ela poderia ser considerada adequada para abastecer qualquer outro mercado. Afinal, se o Brasil, com suas pr\u00e1ticas sustent\u00e1veis, sua legisla\u00e7\u00e3o ambiental rigorosa e sua vasta \u00e1rea de preserva\u00e7\u00e3o, n\u00e3o atenderia aos crit\u00e9rios do Carrefour para o mercado franc\u00eas, ent\u00e3o, provavelmente, n\u00e3o atenderia aos crit\u00e9rios de nenhum outro pa\u00eds.<\/em><\/p>\n<p><em>Reafirmamos nosso compromisso com a produ\u00e7\u00e3o respons\u00e1vel, sustent\u00e1vel e orientada para atender \u00e0s necessidades dos mercados globais. Consideramos que empresas globais como o Carrefour, que operam amplamente no Brasil e dependem de sua produ\u00e7\u00e3o para abastecer mercados de todo o mundo, devem atuar com base em princ\u00edpios de coopera\u00e7\u00e3o, transpar\u00eancia e respeito ao livre mercado.<\/em><\/p>\n<p><em>Subscrevem o presente documento:<\/em><\/p>\n<ol class=\"wp-block-list\">\n<li>ABIEC \u2013 Associa\u00e7\u00e3o Brasileira das Ind\u00fastrias Exportadoras de Carne<\/li>\n<li>ABIFUMO \u2013 Associa\u00e7\u00e3o Brasileira da Ind\u00fastria do Fumo<\/li>\n<li>ABIMAQ \u2013 Associa\u00e7\u00e3o Brasileira da Ind\u00fastria de M\u00e1quinas e Equipamentos<\/li>\n<li>ABIOG\u00c1S \u2013 Associa\u00e7\u00e3o Brasileira do Biog\u00e1s<\/li>\n<li>ABIOVE \u2013 Associa\u00e7\u00e3o Brasileira das Ind\u00fastrias de \u00d3leos Vegetais<\/li>\n<li>ABISOLO \u2013 Associa\u00e7\u00e3o Brasileira das Ind\u00fastrias de Tecnologia em Nutri\u00e7\u00e3o Vegetal<\/li>\n<li>ABPA \u2013 Associa\u00e7\u00e3o Brasileira de Prote\u00edna Animal<\/li>\n<li>ABRAPA \u2013 Associa\u00e7\u00e3o Brasileira dos Produtores de Algod\u00e3o<\/li>\n<li>ABRAFRIGO \u2013 Associa\u00e7\u00e3o Brasileira de Frigor\u00edficos<\/li>\n<li>ABRAFRUTAS \u2013 Associa\u00e7\u00e3o Brasileira dos Produtores Exportadores de Frutas e Derivados<\/li>\n<li>ABRAMILHO \u2013 Associa\u00e7\u00e3o Brasileira dos Produtores de Milho<\/li>\n<li>ABRASEM \u2013 Associa\u00e7\u00e3o Brasileira de Sementes e Mudas<\/li>\n<li>ABRASS \u2013 \u2013 Associa\u00e7\u00e3o Brasileira dos Produtores de Sementes de Soja<\/li>\n<li>ABCS \u2013 Associa\u00e7\u00e3o Brasileira dos Criadores de Su\u00ednos<\/li>\n<li>ABCZ \u2013 Associa\u00e7\u00e3o Brasileira dos Criadores de Zebu<\/li>\n<li>ACRIMAT \u2013 Associa\u00e7\u00e3o dos Criadores de Mato Grosso<\/li>\n<li>ADIAL \u2013 Associa\u00e7\u00e3o Pr\u00f3-Desenvolvimento Industrial do Estado de Goi\u00e1s<\/li>\n<li>AMA BRASIL \u2013 Associa\u00e7\u00e3o dos Misturadores de Adubo do Brasil<\/li>\n<li>ANAPA \u2013 Associa\u00e7\u00e3o Nacional dos Produtores de Alho<\/li>\n<li>ANDAV \u2013 Associa\u00e7\u00e3o Nacional dos Distribuidores de Insumos Agr\u00edcolas e Veterin\u00e1rios<\/li>\n<li>APROSOJA\/MS \u2013 Associa\u00e7\u00e3o dos Produtores de Soja de Mato Grosso do Sul<\/li>\n<li>APROSOJA\/MT \u2013 Associa\u00e7\u00e3o dos Produtores de Soja e Milho do Estado de Mato Grosso<\/li>\n<li>AIPC \u2013 Associa\u00e7\u00e3o das Ind\u00fastrias Processadoras de Cacau<\/li>\n<li>BIOSUL \u2013 Associa\u00e7\u00e3o dos Produtores de Bioenergia de Mato Grosso do Sul<\/li>\n<li>CECAF\u00c9 \u2013 Conselho dos Exportadores de Caf\u00e9 do Brasil<\/li>\n<li>CNA \u2013 Confedera\u00e7\u00e3o da Agricultura e Pecu\u00e1ria do Brasil<\/li>\n<li>CITRUSBR \u2013 Associa\u00e7\u00e3o Nacional dos Exportadores de Sucos C\u00edtricos<\/li>\n<li>CLB \u2013 CropLife Brasil<\/li>\n<li>FAMASUL \u2013 Federa\u00e7\u00e3o da Agricultura e Pecu\u00e1ria de Mato Grosso do Sul<\/li>\n<li>FAEP \u2013 Federa\u00e7\u00e3o da Agricultura do Estado do Paran\u00e1<\/li>\n<li>FEPLANA \u2013 Federa\u00e7\u00e3o dos Plantadores de Cana do Brasil<\/li>\n<li>FIEMT \u2013 Federa\u00e7\u00e3o das Ind\u00fastrias do Estado de Mato Grosso<\/li>\n<li>FIESP \u2013 Federa\u00e7\u00e3o das Ind\u00fastrias do Estado de S\u00e3o Paulo<\/li>\n<li>SINDAG \u2013 Sindicato Nacional das Empresas de Avia\u00e7\u00e3o Agr\u00edcola<\/li>\n<li>SINDAN \u2013 Sindicato Nacional da Ind\u00fastria de Produtos para Sa\u00fade Animal<\/li>\n<li>SINDIRA\u00c7\u00d5ES \u2013 Sindicato Nacional da Ind\u00fastria de Alimenta\u00e7\u00e3o Animal<\/li>\n<li>SINDIVEG \u2013 Sindicato Nacional da Ind\u00fastria de Produtos para Defesa Vegetal<\/li>\n<li>SRB \u2013 Sociedade Rural Brasileira<\/li>\n<li>SUCOS BR \u2013 Associa\u00e7\u00e3o dos Fabricantes de Sucos do Brasil<\/li>\n<li>UNICA \u2013 Uni\u00e3o da Ind\u00fastria de Cana-de-A\u00e7\u00facar<\/li>\n<li>VIVA L\u00c1CTEOS \u2013 Associa\u00e7\u00e3o Brasileira de Latic\u00ednios<\/li>\n<li>OCB \u2013 Organiza\u00e7\u00e3o das Cooperativas Brasileiras<\/li>\n<\/ol><\/div>\n<p><br \/>\n<br \/><a href=\"https:\/\/www.canalrural.com.br\/nacional\/carrefour-42-entidades-da-cadeia-produtiva-do-brasil-repudiam-fala-de-ceo-da-franca\/\">Source link <\/a><\/p>\n","protected":false},"excerpt":{"rendered":"<p>Representantes de 42 entidades ligadas ao setor agropecu\u00e1rio brasileiro manifestaram, neste s\u00e1bado (23), rep\u00fadio \u00e0 decis\u00e3o do Carrefour na Fran\u00e7a<\/p>\n","protected":false},"author":1,"featured_media":5317,"comment_status":"open","ping_status":"open","sticky":false,"template":"","format":"standard","meta":{"_monsterinsights_skip_tracking":false,"_monsterinsights_sitenote_active":false,"_monsterinsights_sitenote_note":"","_monsterinsights_sitenote_category":0,"_uf_show_specific_survey":0,"_uf_disable_surveys":false,"footnotes":""},"categories":[1],"tags":[],"class_list":["post-5479","post","type-post","status-publish","format-standard","has-post-thumbnail","hentry","category-news"],"_links":{"self":[{"href":"https:\/\/agromt.news\/index.php?rest_route=\/wp\/v2\/posts\/5479"}],"collection":[{"href":"https:\/\/agromt.news\/index.php?rest_route=\/wp\/v2\/posts"}],"about":[{"href":"https:\/\/agromt.news\/index.php?rest_route=\/wp\/v2\/types\/post"}],"author":[{"embeddable":true,"href":"https:\/\/agromt.news\/index.php?rest_route=\/wp\/v2\/users\/1"}],"replies":[{"embeddable":true,"href":"https:\/\/agromt.news\/index.php?rest_route=%2Fwp%2Fv2%2Fcomments&post=5479"}],"version-history":[{"count":0,"href":"https:\/\/agromt.news\/index.php?rest_route=\/wp\/v2\/posts\/5479\/revisions"}],"wp:featuredmedia":[{"embeddable":true,"href":"https:\/\/agromt.news\/index.php?rest_route=\/wp\/v2\/media\/5317"}],"wp:attachment":[{"href":"https:\/\/agromt.news\/index.php?rest_route=%2Fwp%2Fv2%2Fmedia&parent=5479"}],"wp:term":[{"taxonomy":"category","embeddable":true,"href":"https:\/\/agromt.news\/index.php?rest_route=%2Fwp%2Fv2%2Fcategories&post=5479"},{"taxonomy":"post_tag","embeddable":true,"href":"https:\/\/agromt.news\/index.php?rest_route=%2Fwp%2Fv2%2Ftags&post=5479"}],"curies":[{"name":"wp","href":"https:\/\/api.w.org\/{rel}","templated":true}]}}