{"id":5478,"date":"2024-11-23T21:53:51","date_gmt":"2024-11-24T01:53:51","guid":{"rendered":"https:\/\/agromt.news\/?p=5478"},"modified":"2024-11-23T21:53:51","modified_gmt":"2024-11-24T01:53:51","slug":"umidade-insuficiente-do-solo-impacta-plantio-de-soja","status":"publish","type":"post","link":"https:\/\/agromt.news\/?p=5478","title":{"rendered":"Umidade insuficiente do solo impacta plantio de soja"},"content":{"rendered":"<p> <br \/>\n<\/p>\n<div>\n<div class=\"row\">\n<div class=\"col-lg col-infos mt-3 mt-lg-0\">\n<div class=\"section-sub-title\">\n<p itemprop=\"description\">&#13;<br \/>\n                                Pre\u00e7o m\u00e9dio da soja tem leve recuo no Rio Grande do Sul&#13;\n                            <\/p>\n<\/p><\/div>\n<div class=\"container\">\n<div class=\"row\">\n<div class=\"col-lg p-0\">\n<div>\n<div class=\"block-news-main-infos mt-3 text-start\">\n<p>                                            <strong class=\"fn\" itemprop=\"author\" style=\"color: rgb(112, 112, 112); \">&#13;<br \/>\n                                                <a href=\"https:\/\/www.agrolink.com.br\/noticias\/javascript:;\" class=\"text-uppercase\" target=\"_blank\" style=\"color: rgb(112, 112, 112); \" rel=\"noopener\">Agrolink<\/a>&#13;<br \/>\n&#13;<br \/>\n                                                    &#8211; Seane Lennon&#13;<br \/>\n&#13;<br \/>\n                                            <\/strong><br \/>\n                                        <\/p>\n<p>                                            <abbr><time datetime=\"2024-11-22T18:22\" itemprop=\"datePublished dateModified\">Publicado em 22\/11\/2024 \u00e0s 18:22h.<\/time><\/abbr><br \/>\n                                            <\/p><\/div>\n<\/p><\/div>\n<\/p><\/div>\n<div class=\"col-lg p-0 text-lg-end\">\n<div>\n<div id=\"mdEnviarPagina\" class=\"modal fade\" role=\"dialog\">\n<div class=\"modal-dialog\">\n<div class=\"modal-content\">\n<div class=\"modal-body\">\n<p><strong>Estimado usu\u00e1rio.<\/strong><br \/>Preencha o formul\u00e1rio abaixo para remeter a p\u00e1gina.<\/p>\n<\/p><\/div>\n<\/p><\/div>\n<\/p><\/div>\n<\/div><\/div>\n<\/p><\/div>\n<\/p><\/div>\n<\/p><\/div>\n<\/p><\/div>\n<\/p><\/div>\n<div class=\"row justify-content-md-center mt-3\">\n<div class=\"col-lg-auto col-image  block-news-main-image d-none d-md-block\">\n<p>                            <img decoding=\"async\" src=\"https:\/\/www.agrolink.com.br\/upload\/imagens-resizes\/66fb4dafeca34508b254c585ff619e7f_858x483.jpg\" class=\"lazyload \"\/><br \/>\n                                            <span class=\"publicity-photo d-block mt-1\">Foto: Divulga\u00e7\u00e3o<\/span><\/p><\/div>\n<\/p><\/div>\n<div class=\"section-description section-description-noticias mt-3\">\n<p style=\"text-align:justify\">Segundo o Informativo Conjuntural divulgado pela Emater\/RS-Ascar nesta quinta-feira (21), o\u00a0ritmo de semeadura da soja\u00a0foi diretamente impactado pela umidade do solo no Rio Grande do Sul, que apresentou varia\u00e7\u00f5es em decorr\u00eancia da distribui\u00e7\u00e3o irregular das chuvas no Estado. At\u00e9 o momento, a \u00e1rea semeada corresponde a 50% do total projetado, estimado em 6.811.344 hectares.&#13;\n<\/p>\n<p style=\"text-align:justify\">Em regi\u00f5es onde o solo apresentou n\u00edveis insuficientes de umidade, o plantio foi suspenso temporariamente. Nas localidades que receberam chuvas leves, os trabalhos continuaram com poucas interrup\u00e7\u00f5es. As \u00e1reas semeadas at\u00e9 o in\u00edcio de novembro mostram germina\u00e7\u00e3o uniforme e desenvolvimento inicial satisfat\u00f3rio, enquanto as semeadas mais recentemente apresentam emerg\u00eancia irregular, dependendo de precipita\u00e7\u00f5es para estabilizar o crescimento das plantas.&#13;\n<\/p>\n<p style=\"text-align:justify\"><a href=\"https:\/\/www.whatsapp.com\/channel\/0029Va6ABTpIHphIQkFBgA12\" target=\"_blank\" rel=\"noopener\">Clique para seguir o canal do Agrolink no WhatsApp<\/a><\/p>\n<p style=\"text-align:justify\">Nas \u00e1reas mais secas, sementes depositadas fora da profundidade ideal n\u00e3o completaram o processo de embebi\u00e7\u00e3o, mas n\u00e3o apresentam sinais de deteriora\u00e7\u00e3o. A reposi\u00e7\u00e3o h\u00eddrica \u00e9 crucial para garantir a germina\u00e7\u00e3o e o bom desenvolvimento das lavouras.<\/p>\n<p style=\"text-align:justify\">A aplica\u00e7\u00e3o de herbicidas para o manejo pr\u00e9-plantio e pr\u00e9-emergente foi limitada em algumas \u00e1reas devido a ventos constantes e \u00e0 baixa umidade relativa do ar durante per\u00edodos do dia. Mesmo assim, os produtores mant\u00eam a expectativa de atingir uma produtividade m\u00e9dia estimada em 3.179 kg\/ha.&#13;\n<\/p>\n<p style=\"text-align:justify\">No mercado, o pre\u00e7o m\u00e9dio da saca de 60 quilos de soja apresentou leve queda de 0,42% na \u00faltima semana, passando de R$ 129,41 para R$ 128,87, conforme o levantamento semanal de pre\u00e7os realizado pela Emater\/RS-Ascar.<\/p>\n<\/p><\/div>\n<\/p><\/div>\n<p><script data-cfasync=\"false\">\n    !function (f, b, e, v, n, t, s) {\n        if (f.fbq) return; n = f.fbq = function () {\n            n.callMethod ?\n                n.callMethod.apply(n, arguments) : n.queue.push(arguments)\n        };\n        if (!f._fbq) f._fbq = n; n.push = n; n.loaded = !0; n.version = '2.0';\n        n.queue = []; t = b.createElement(e); t.async = !0;\n        t.src = v; s = b.getElementsByTagName(e)[0];\n        s.parentNode.insertBefore(t, s)\n    }(window, document, 'script',\n        'https:\/\/connect.facebook.net\/en_US\/fbevents.js');\n    fbq('init', '522546078623747');\n    fbq('track', 'PageView');\n<\/script><br \/>\n<br \/><br \/>\n<br \/><a href=\"https:\/\/www.agrolink.com.br\/noticias\/umidade-insuficiente-do-solo-impacta-plantio-de-soja_497051.html\">Source link <\/a><\/p>\n","protected":false},"excerpt":{"rendered":"<p>&#13; Pre\u00e7o m\u00e9dio da soja tem leve recuo no Rio Grande do Sul&#13; &#13; Agrolink&#13; &#13; &#8211; Seane Lennon&#13; &#13;<\/p>\n","protected":false},"author":1,"featured_media":2228,"comment_status":"open","ping_status":"open","sticky":false,"template":"","format":"standard","meta":{"_monsterinsights_skip_tracking":false,"_monsterinsights_sitenote_active":false,"_monsterinsights_sitenote_note":"","_monsterinsights_sitenote_category":0,"_uf_show_specific_survey":0,"_uf_disable_surveys":false,"footnotes":""},"categories":[8,1,14],"tags":[],"class_list":["post-5478","post","type-post","status-publish","format-standard","has-post-thumbnail","hentry","category-agro","category-news","category-politica-agro"],"_links":{"self":[{"href":"https:\/\/agromt.news\/index.php?rest_route=\/wp\/v2\/posts\/5478"}],"collection":[{"href":"https:\/\/agromt.news\/index.php?rest_route=\/wp\/v2\/posts"}],"about":[{"href":"https:\/\/agromt.news\/index.php?rest_route=\/wp\/v2\/types\/post"}],"author":[{"embeddable":true,"href":"https:\/\/agromt.news\/index.php?rest_route=\/wp\/v2\/users\/1"}],"replies":[{"embeddable":true,"href":"https:\/\/agromt.news\/index.php?rest_route=%2Fwp%2Fv2%2Fcomments&post=5478"}],"version-history":[{"count":0,"href":"https:\/\/agromt.news\/index.php?rest_route=\/wp\/v2\/posts\/5478\/revisions"}],"wp:featuredmedia":[{"embeddable":true,"href":"https:\/\/agromt.news\/index.php?rest_route=\/wp\/v2\/media\/2228"}],"wp:attachment":[{"href":"https:\/\/agromt.news\/index.php?rest_route=%2Fwp%2Fv2%2Fmedia&parent=5478"}],"wp:term":[{"taxonomy":"category","embeddable":true,"href":"https:\/\/agromt.news\/index.php?rest_route=%2Fwp%2Fv2%2Fcategories&post=5478"},{"taxonomy":"post_tag","embeddable":true,"href":"https:\/\/agromt.news\/index.php?rest_route=%2Fwp%2Fv2%2Ftags&post=5478"}],"curies":[{"name":"wp","href":"https:\/\/api.w.org\/{rel}","templated":true}]}}