{"id":5473,"date":"2024-11-23T18:41:59","date_gmt":"2024-11-23T22:41:59","guid":{"rendered":"https:\/\/agromt.news\/?p=5473"},"modified":"2024-11-23T18:41:59","modified_gmt":"2024-11-23T22:41:59","slug":"competicao-com-soja-e-falta-de-estrutura-freiam-plantio-de-pinus","status":"publish","type":"post","link":"https:\/\/agromt.news\/?p=5473","title":{"rendered":"Competi\u00e7\u00e3o com soja e falta de estrutura freiam plantio de pinus"},"content":{"rendered":"<p> <br \/>\n<\/p>\n<div>\n<p style=\"text-align:justify\">O cultivo de Pinus no Rio Grande do Sul est\u00e1 em um momento cr\u00edtico, com estagna\u00e7\u00e3o na implanta\u00e7\u00e3o de novas \u00e1reas e tend\u00eancia de redu\u00e7\u00e3o, conforme aponta o Informativo Conjuntural divulgado nesta quinta-feira (21) pela Emater\/RS-Ascar. Na regi\u00e3o de Passo Fundo, o setor opera com a madeira remanescente de estoques limitados, enquanto alguns bosques continuam sendo comercializados para empresas de Santa Catarina.&#13;\n<\/p>\n<p style=\"text-align:justify\">Na regi\u00e3o de Santa Maria, a \u00e1rea plantada em 2022 foi estimada pelo IBGE em 9.400 hectares, principalmente concentrada nos munic\u00edpios de Cachoeira do Sul, S\u00e3o Francisco de Assis e S\u00e3o Vicente do Sul. O uso da madeira, destinado principalmente \u00e0 produ\u00e7\u00e3o de t\u00e1buas, ripas e itens de constru\u00e7\u00e3o civil, \u00e9 mais restrito que o do eucalipto, e a aus\u00eancia de um polo madeireiro estruturado dificulta o processamento adequado do Pinus.<\/p>\n<p style=\"text-align:justify\"><a href=\"https:\/\/www.whatsapp.com\/channel\/0029Va6ABTpIHphIQkFBgA12\" target=\"_blank\" rel=\"noopener\">Clique para seguir o canal do Agrolink no WhatsApp<\/a><\/p>\n<p style=\"text-align:justify\">Enquanto a colheita das \u00e1reas plantadas avan\u00e7a, o ritmo de novos plantios n\u00e3o acompanha a demanda. Mesmo com o surgimento de medidas legais menos restritivas para o licenciamento de projetos de silvicultura, a concorr\u00eancia por terras destinadas \u00e0 cultura da <a href=\"https:\/\/www.agrolink.com.br\/culturas\/soja?utm_source=agrolink-detalhe-noticia&amp;utm_medium=detalhe-noticia&amp;utm_campaign=links-internos\" target=\"_blank\" rel=\"noopener\">soja<\/a> \u00e9 um dos principais entraves para a retomada do plantio em maior escala.&#13;\n<\/p>\n<p style=\"text-align:justify\">Os pre\u00e7os da madeira de Pinus variam de acordo com o local e o di\u00e2metro das toras. Em Cachoeira do Sul, o Pinus em p\u00e9 na floresta com di\u00e2metro entre 7 e 40 cm \u00e9 vendido a R$ 50,00\/m\u00b3, enquanto toras maiores, acima de 40 cm, podem atingir R$ 350,00\/m\u00b3. Em Jaguari, as toras de di\u00e2metro acima de 30 cm alcan\u00e7am R$ 250,00\/m\u00b3 na floresta e R$ 400,00\/m\u00b3 quando entregues no p\u00e1tio do consumidor.<\/p>\n<p style=\"text-align:justify\">Em Santiago, a madeira com di\u00e2metros a partir de 15 cm tem pre\u00e7os de R$ 200,00\/m\u00b3, mas toras maiores, acima de 30 cm, podem ultrapassar R$ 300,00\/m\u00b3.<\/p>\n<\/p><\/div>\n<p><script data-cfasync=\"false\">\n    !function (f, b, e, v, n, t, s) {\n        if (f.fbq) return; n = f.fbq = function () {\n            n.callMethod ?\n                n.callMethod.apply(n, arguments) : n.queue.push(arguments)\n        };\n        if (!f._fbq) f._fbq = n; n.push = n; n.loaded = !0; n.version = '2.0';\n        n.queue = []; t = b.createElement(e); t.async = !0;\n        t.src = v; s = b.getElementsByTagName(e)[0];\n        s.parentNode.insertBefore(t, s)\n    }(window, document, 'script',\n        'https:\/\/connect.facebook.net\/en_US\/fbevents.js');\n    fbq('init', '522546078623747');\n    fbq('track', 'PageView');\n<\/script><br \/>\n<br \/><br \/>\n<br \/><a href=\"https:\/\/www.agrolink.com.br\/noticias\/competicao-com-soja-e-falta-de-estrutura-freiam-plantio-de-pinus_497052.html\">Source link <\/a><\/p>\n","protected":false},"excerpt":{"rendered":"<p>O cultivo de Pinus no Rio Grande do Sul est\u00e1 em um momento cr\u00edtico, com estagna\u00e7\u00e3o na implanta\u00e7\u00e3o de novas<\/p>\n","protected":false},"author":1,"featured_media":5474,"comment_status":"open","ping_status":"open","sticky":false,"template":"","format":"standard","meta":{"_monsterinsights_skip_tracking":false,"_monsterinsights_sitenote_active":false,"_monsterinsights_sitenote_note":"","_monsterinsights_sitenote_category":0,"_uf_show_specific_survey":0,"_uf_disable_surveys":false,"footnotes":""},"categories":[8,1,14],"tags":[],"class_list":["post-5473","post","type-post","status-publish","format-standard","has-post-thumbnail","hentry","category-agro","category-news","category-politica-agro"],"_links":{"self":[{"href":"https:\/\/agromt.news\/index.php?rest_route=\/wp\/v2\/posts\/5473"}],"collection":[{"href":"https:\/\/agromt.news\/index.php?rest_route=\/wp\/v2\/posts"}],"about":[{"href":"https:\/\/agromt.news\/index.php?rest_route=\/wp\/v2\/types\/post"}],"author":[{"embeddable":true,"href":"https:\/\/agromt.news\/index.php?rest_route=\/wp\/v2\/users\/1"}],"replies":[{"embeddable":true,"href":"https:\/\/agromt.news\/index.php?rest_route=%2Fwp%2Fv2%2Fcomments&post=5473"}],"version-history":[{"count":0,"href":"https:\/\/agromt.news\/index.php?rest_route=\/wp\/v2\/posts\/5473\/revisions"}],"wp:featuredmedia":[{"embeddable":true,"href":"https:\/\/agromt.news\/index.php?rest_route=\/wp\/v2\/media\/5474"}],"wp:attachment":[{"href":"https:\/\/agromt.news\/index.php?rest_route=%2Fwp%2Fv2%2Fmedia&parent=5473"}],"wp:term":[{"taxonomy":"category","embeddable":true,"href":"https:\/\/agromt.news\/index.php?rest_route=%2Fwp%2Fv2%2Fcategories&post=5473"},{"taxonomy":"post_tag","embeddable":true,"href":"https:\/\/agromt.news\/index.php?rest_route=%2Fwp%2Fv2%2Ftags&post=5473"}],"curies":[{"name":"wp","href":"https:\/\/api.w.org\/{rel}","templated":true}]}}