{"id":5470,"date":"2024-11-23T17:07:51","date_gmt":"2024-11-23T21:07:51","guid":{"rendered":"https:\/\/agromt.news\/?p=5470"},"modified":"2024-11-23T17:07:51","modified_gmt":"2024-11-23T21:07:51","slug":"terminal-de-conteineres-de-r-16-bi-em-pernambuco-quer-competir-com-porto-de-santos","status":"publish","type":"post","link":"https:\/\/agromt.news\/?p=5470","title":{"rendered":"Terminal de cont\u00eaineres de R$ 1,6 bi em Pernambuco quer competir com Porto de Santos"},"content":{"rendered":"<p> <br \/>\n<br \/><img decoding=\"async\" src=\"https:\/\/agromt.news\/wp-content\/uploads\/2024\/11\/Terminal-de-conteineres-de-R-16-bi-em-Pernambuco-quer.png\" \/><\/p>\n<div>\n<p>A APM Terminals Suape lan\u00e7ou nesta sexta-feira (22) sua pedra fundamental no Complexo Industrial Portu\u00e1rio de Suape, em <strong><a href=\"http:\/\/www.canalrural.com.br\/tag\/pernambuco\/\">Pernambuco<\/a><\/strong>. O evento marca o in\u00edcio da constru\u00e7\u00e3o do terminal de cont\u00eaineres que, com investimento de R$ 1,6 bilh\u00e3o ainda na primeira fase, ter\u00e1 porte suficiente para disputar partes das rotas que hoje est\u00e3o concentradas no Porto de Santos, o maior do pa\u00eds, de acordo com a empresa.<\/p>\n<p>O ministro de Portos e Aeroportos, Silvio Costa Filho, afirmou que o novo terminal de  impulsionar\u00e1 a internacionaliza\u00e7\u00e3o da economia do estado. \u201cPoderemos ter um crescimento superior a 40% no volume de importa\u00e7\u00f5es e exporta\u00e7\u00f5es\u201d, disse.<\/p>\n<p>As obras preparat\u00f3rias estavam em curso desde o in\u00edcio deste ano, per\u00edodo em que foram feitos os trabalhos de demoli\u00e7\u00e3o das antigas edifica\u00e7\u00f5es. Agora, a APM Terminals, que faz parte do grupo Maersk, est\u00e1 finalizando a escolha das empresas que ser\u00e3o respons\u00e1veis pela constru\u00e7\u00e3o do cais, p\u00e1tio e pr\u00e9dios. As opera\u00e7\u00f5es de cargas no novo terminal devem ser iniciadas no segundo semestre de 2026.<\/p>\n<p>A avalia\u00e7\u00e3o do diretor-presidente da APM Terminals Suape e Pec\u00e9m, Daniel Rose, \u00e9 de que, al\u00e9m de haver tend\u00eancia natural de crescimento da demanda por movimenta\u00e7\u00e3o de cargas nos pr\u00f3ximos anos, j\u00e1 h\u00e1 d\u00e9ficit de capacidade nos portos brasileiros, o que aponta para uma quase natural busca pelos servi\u00e7os que ser\u00e3o oferecidos no novo terminal. \u201cCom o in\u00edcio das opera\u00e7\u00f5es, ampliaremos a capacidade de movimenta\u00e7\u00e3o de cont\u00eaineres em 55%\u201d, afirma Daniel Rose.<\/p>\n<p>O diretor de investimentos para as Am\u00e9ricas da APM Terminals, Leonardo Levy, diz que a operadora portu\u00e1ria considera o Nordeste estrat\u00e9gico e de enorme potencial para a log\u00edstica do pa\u00eds. <\/p>\n<p>\u201cO terminal vai ajudar o Nordeste como um todo a ser mais competitivo l\u00e1 fora. E servir\u00e1 para que os importadores e exportadores tenham mais op\u00e7\u00f5es. Quanto mais op\u00e7\u00f5es tiverem, quanto mais concorr\u00eancia existir, melhor \u00e9 para todos\u201d, defende.<\/p>\n<\/div>\n<div>\n<p>Entre os cen\u00e1rios projetados por Leonardo Levy est\u00e1 o de atrair rotas que saem da Europa e at\u00e9 mesmo da \u00c1sia. \u201cPoder\u00e1 fazer sentido para algumas linhas de navega\u00e7\u00e3o em vez de irem para Santos, por exemplo, virem para Suape, desde que tenha um terminal com capacidade e efici\u00eancia\u201d, diz Rose.<\/p>\n<p>Al\u00e9m de atender a navega\u00e7\u00e3o de longo curso, o terminal tamb\u00e9m se dedicar\u00e1 a se tornar atrativo para a cabotagem, que \u00e9 a navega\u00e7\u00e3o entre os portos brasileiros.<\/p>\n<h2 class=\"wp-block-heading\" id=\"h-terminal-100-eletrificado\"><b>Terminal 100% eletrificado<\/b><\/h2>\n<p>Conforme a APM Terminals, suas instala\u00e7\u00f5es em Suape formar\u00e3o o primeiro terminal portu\u00e1rio 100% eletrificado da Am\u00e9rica Latina. J\u00e1 foram investidos R$ 241 milh\u00f5es em 28 equipamentos eletrificados, incluindo dois guindastes STS e sete RTGs com controle remoto. O maquin\u00e1rio escolhido \u00e9 capaz de atender \u00e0s novas gera\u00e7\u00f5es de navios do mercado.<\/p>\n<p>A diferen\u00e7a em rela\u00e7\u00e3o aos demais terminais est\u00e1 concentrada nos ve\u00edculos que circulam dentro do terminal. Isso porque os guindastes da maioria dos portos j\u00e1 s\u00e3o el\u00e9tricos. J\u00e1 nas instala\u00e7\u00f5es da APM Terminals, tamb\u00e9m ser\u00e3o el\u00e9tricos os caminh\u00f5es, empilhadeiras e demais ve\u00edculos.<\/p>\n<p>\u201cO custo de compra do maquin\u00e1rio totalmente el\u00e9trico \u00e9 mais alto hoje em dia. J\u00e1 o custo de manuten\u00e7\u00e3o a expectativa \u00e9 de que seja menor. Ent\u00e3o o custo de opera\u00e7\u00e3o deve ficar tamb\u00e9m menor no longo prazo\u201d, afirma Daniel Rose.<\/p>\n<p>O entendimento do grupo multinacional \u00e9 de que h\u00e1 apelo de mercado pela ado\u00e7\u00e3o da infraestrutura eletrificada diante das metas internacionais de redu\u00e7\u00e3o de emiss\u00f5es de gases poluentes.<\/p>\n<\/p><\/div>\n<p><br \/>\n<br \/><a href=\"https:\/\/www.canalrural.com.br\/economia\/terminal-de-conteineres-de-r-16-bi-em-pernambuco-tera-porte-para-competir-com-porto-de-santos\/\">Source link <\/a><\/p>\n","protected":false},"excerpt":{"rendered":"<p>A APM Terminals Suape lan\u00e7ou nesta sexta-feira (22) sua pedra fundamental no Complexo Industrial Portu\u00e1rio de Suape, em Pernambuco. O<\/p>\n","protected":false},"author":1,"featured_media":5471,"comment_status":"open","ping_status":"open","sticky":false,"template":"","format":"standard","meta":{"_monsterinsights_skip_tracking":false,"_monsterinsights_sitenote_active":false,"_monsterinsights_sitenote_note":"","_monsterinsights_sitenote_category":0,"_uf_show_specific_survey":0,"_uf_disable_surveys":false,"footnotes":""},"categories":[1],"tags":[],"class_list":["post-5470","post","type-post","status-publish","format-standard","has-post-thumbnail","hentry","category-news"],"_links":{"self":[{"href":"https:\/\/agromt.news\/index.php?rest_route=\/wp\/v2\/posts\/5470"}],"collection":[{"href":"https:\/\/agromt.news\/index.php?rest_route=\/wp\/v2\/posts"}],"about":[{"href":"https:\/\/agromt.news\/index.php?rest_route=\/wp\/v2\/types\/post"}],"author":[{"embeddable":true,"href":"https:\/\/agromt.news\/index.php?rest_route=\/wp\/v2\/users\/1"}],"replies":[{"embeddable":true,"href":"https:\/\/agromt.news\/index.php?rest_route=%2Fwp%2Fv2%2Fcomments&post=5470"}],"version-history":[{"count":0,"href":"https:\/\/agromt.news\/index.php?rest_route=\/wp\/v2\/posts\/5470\/revisions"}],"wp:featuredmedia":[{"embeddable":true,"href":"https:\/\/agromt.news\/index.php?rest_route=\/wp\/v2\/media\/5471"}],"wp:attachment":[{"href":"https:\/\/agromt.news\/index.php?rest_route=%2Fwp%2Fv2%2Fmedia&parent=5470"}],"wp:term":[{"taxonomy":"category","embeddable":true,"href":"https:\/\/agromt.news\/index.php?rest_route=%2Fwp%2Fv2%2Fcategories&post=5470"},{"taxonomy":"post_tag","embeddable":true,"href":"https:\/\/agromt.news\/index.php?rest_route=%2Fwp%2Fv2%2Ftags&post=5470"}],"curies":[{"name":"wp","href":"https:\/\/api.w.org\/{rel}","templated":true}]}}