{"id":5378,"date":"2024-11-22T05:40:04","date_gmt":"2024-11-22T09:40:04","guid":{"rendered":"https:\/\/agromt.news\/?p=5378"},"modified":"2024-11-22T05:40:04","modified_gmt":"2024-11-22T09:40:04","slug":"cna-projeta-queda-de-19-no-valor-bruto-da-agropecuaria-do-brasil-em-2024","status":"publish","type":"post","link":"https:\/\/agromt.news\/?p=5378","title":{"rendered":"CNA projeta queda de 1,9% no valor bruto da agropecu\u00e1ria do Brasil em 2024"},"content":{"rendered":"<p> <br \/>\n<\/p>\n<div>\n<div class=\"materia\">\n<p><img decoding=\"async\" alt=\"Logotipo Reuters\" height=\"22\" src=\"https:\/\/cdn.noticiasagricolas.com.br\/dbimagens\/0f687b0f35da9d220b6477534ce7c667.gif\" width=\"71\"\/><\/p>\n<p><img decoding=\"async\" alt=\"\" src=\"https:\/\/rmb.reuters.com\/rmd\/rss\/content\/tag:reuters.com,2024:newsml_LYNXMPEKAK0Z2:1\/tag:reuters.com,2024:binary_LYNXMPEKAK0Z2-VIEWIMAGE\"\/>S\u00c3O PAULO (Reuters) &#8211; O Valor Bruto da Produ\u00e7\u00e3o (VBP) da agropecu\u00e1ria do Brasil deve somar 1,29 trilh\u00e3o de reais em 2024, queda de 1,9% ante o ano passado, quando o setor teve uma safra de gr\u00e3os recorde e os pre\u00e7os estavam mais altos, informou nesta quinta-feira a Confedera\u00e7\u00e3o da Agricultura e Pecu\u00e1ria do Brasil (CNA).<\/p>\n<p>A soja, cultura com maior participa\u00e7\u00e3o no VBP agr\u00edcola (38%), segue registrando queda nos pre\u00e7os (-11,7%), acompanhada pela queda produ\u00e7\u00e3o, que registrou baixa de 4,5%, disse a CNA, em nota.<\/p>\n<p>O milho, segunda cultura com maior participa\u00e7\u00e3o na agricultura (14,4%), tamb\u00e9m registra queda nos pre\u00e7os (-7,5%) e na produ\u00e7\u00e3o (-12,3%).<\/p>\n<p>Por outro lado, a cana-de-a\u00e7\u00facar, que possui terceira maior participa\u00e7\u00e3o na agricultura (12%), registrou alta de 4,6% nos pre\u00e7os e baixa de 1,24% na produ\u00e7\u00e3o.<\/p>\n<p>J\u00e1 o segmento pecu\u00e1rio dever\u00e1 atingir 431,257 bilh\u00f5es de reais em 2024, alta de 2,5% em compara\u00e7\u00e3o a 2023, ajudando a compensar a queda do setor agr\u00edcola, em meio a um aumento da produ\u00e7\u00e3o de carne bovina.<\/p>\n<p>O VBP corresponde ao faturamento bruto dentro dos estabelecimentos rurais, considerando as produ\u00e7\u00f5es agr\u00edcolas e pecu\u00e1rias, com base na m\u00e9dia dos pre\u00e7os recebidos pelos produtores de todo o pa\u00eds.<\/p>\n<p>(Por Roberto Samora)<\/p>\n<\/p><\/div>\n<div class=\"grupo-whatsapp\">\n      J\u00e1 segue nosso Canal oficial no WhatsApp? <a href=\"https:\/\/bit.ly\/Canal_NA\" target=\"_blank\" rel=\"noopener\"><strong>Clique Aqui<\/strong><\/a> para receber em primeira m\u00e3o as principais not\u00edcias do agroneg\u00f3cio\n    <\/div>\n<\/p><\/div>\n<p><script async defer src=\"https:\/\/connect.facebook.net\/en_US\/sdk.js\" type=\"e15cc6067b457917369e5e68-text\/javascript\"><\/script><script type=\"e15cc6067b457917369e5e68-text\/javascript\">\n  !function(f,b,e,v,n,t,s)\n  {if(f.fbq)return;n=f.fbq=function(){n.callMethod?\n    n.callMethod.apply(n,arguments):n.queue.push(arguments)};\n    if(!f._fbq)f._fbq=n;n.push=n;n.loaded=!0;n.version='2.0';\n    n.queue=[];t=b.createElement(e);t.async=!0;\n    t.src=v;s=b.getElementsByTagName(e)[0];\n    s.parentNode.insertBefore(t,s)}(window, document,'script',\n    'https:\/\/connect.facebook.net\/en_US\/fbevents.js');\n  fbq('init', '153495679422335');\n  fbq('track', 'PageView');\n<\/script><br \/>\n<br \/><br \/>\n<br \/><a href=\"https:\/\/www.noticiasagricolas.com.br\/noticias\/agronegocio\/389184-cna-projeta-queda-de-19-no-valor-bruto-da-agropecuaria-do-brasil-em-2024.html\">Source link <\/a><\/p>\n","protected":false},"excerpt":{"rendered":"<p>S\u00c3O PAULO (Reuters) &#8211; O Valor Bruto da Produ\u00e7\u00e3o (VBP) da agropecu\u00e1ria do Brasil deve somar 1,29 trilh\u00e3o de reais<\/p>\n","protected":false},"author":1,"featured_media":5379,"comment_status":"open","ping_status":"open","sticky":false,"template":"","format":"standard","meta":{"_monsterinsights_skip_tracking":false,"_monsterinsights_sitenote_active":false,"_monsterinsights_sitenote_note":"","_monsterinsights_sitenote_category":0,"_uf_show_specific_survey":0,"_uf_disable_surveys":false,"footnotes":""},"categories":[8,1,14,16],"tags":[],"class_list":["post-5378","post","type-post","status-publish","format-standard","has-post-thumbnail","hentry","category-agro","category-news","category-politica-agro","category-safra"],"_links":{"self":[{"href":"https:\/\/agromt.news\/index.php?rest_route=\/wp\/v2\/posts\/5378"}],"collection":[{"href":"https:\/\/agromt.news\/index.php?rest_route=\/wp\/v2\/posts"}],"about":[{"href":"https:\/\/agromt.news\/index.php?rest_route=\/wp\/v2\/types\/post"}],"author":[{"embeddable":true,"href":"https:\/\/agromt.news\/index.php?rest_route=\/wp\/v2\/users\/1"}],"replies":[{"embeddable":true,"href":"https:\/\/agromt.news\/index.php?rest_route=%2Fwp%2Fv2%2Fcomments&post=5378"}],"version-history":[{"count":0,"href":"https:\/\/agromt.news\/index.php?rest_route=\/wp\/v2\/posts\/5378\/revisions"}],"wp:featuredmedia":[{"embeddable":true,"href":"https:\/\/agromt.news\/index.php?rest_route=\/wp\/v2\/media\/5379"}],"wp:attachment":[{"href":"https:\/\/agromt.news\/index.php?rest_route=%2Fwp%2Fv2%2Fmedia&parent=5378"}],"wp:term":[{"taxonomy":"category","embeddable":true,"href":"https:\/\/agromt.news\/index.php?rest_route=%2Fwp%2Fv2%2Fcategories&post=5378"},{"taxonomy":"post_tag","embeddable":true,"href":"https:\/\/agromt.news\/index.php?rest_route=%2Fwp%2Fv2%2Ftags&post=5378"}],"curies":[{"name":"wp","href":"https:\/\/api.w.org\/{rel}","templated":true}]}}