{"id":5371,"date":"2024-11-21T20:28:09","date_gmt":"2024-11-22T00:28:09","guid":{"rendered":"https:\/\/agromt.news\/?p=5371"},"modified":"2024-11-21T20:28:09","modified_gmt":"2024-11-22T00:28:09","slug":"se-nao-serve-para-abastecer-o-carrefour-na-franca-nao-serve-para-abastecer-o-carrefour-em-nenhum-outro-pais","status":"publish","type":"post","link":"https:\/\/agromt.news\/?p=5371","title":{"rendered":"&#8216;Se na\u0303o serve para abastecer o Carrefour na Franc\u0327a, na\u0303o serve para abastecer o Carrefour em nenhum outro pai\u0301s&#8217;"},"content":{"rendered":"<p> <br \/>\n<br \/><img decoding=\"async\" src=\"https:\/\/agromt.news\/wp-content\/uploads\/2024\/11\/Lojas-24h.jpg\" \/><\/p>\n<div>\n<p>Entidades do agronego\u0301cio e da indu\u0301stria de alimentos do pai\u0301s se uniram em resposta a\u0300s alegac\u0327o\u0303es do presidente-executivo da rede de supermercados Carrefour, Alexandre Bompard, que disse que a rede na\u0303o compraria mais carnes do Mercosul para as lojas da Franc\u0327a.<\/p>\n<p>A nota de repu\u0301dio aos ataques contra a produc\u0327a\u0303o agropecua\u0301ria no Mercosul reafirma o compromisso das empresas de alimentos e produtores rurais na regia\u0303o com a produc\u0327a\u0303o responsa\u0301vel, sustenta\u0301vel e com a seguranc\u0327a alimentar. <\/p>\n<p>\u201cUma produc\u0327a\u0303o que chega a todos os pai\u0301ses do mundo, incluindo os mercados mais exigentes, entre eles as maiores economias mundiais, como Estados Unidos, Unia\u0303o Europeia, Reino Unido, <strong><a href=\"https:\/\/www.canalrural.com.br\/tag\/china\/\">China<\/a><\/strong> e Japa\u0303o\u201d, ressalta o documento.<\/p>\n<blockquote class=\"wp-block-quote is-layout-flow wp-block-quote-is-layout-flow\">\n<p>\u201cSe o CEO Global do Grupo Carrefour, Alexandre Bompard, entende que o Mercosul na\u0303o e\u0301 fornecedor a\u0300 altura do mercado france\u0302s \u2013 que na\u0303o e\u0301 diferente do espanhol, belga, a\u0301rabe, turco, italiano \u2013, as entidades abaixo assinadas consideram que, se na\u0303o serve para abastecer o Carrefour no mercado france\u0302s, na\u0303o serve para abastecer o Carrefour em nenhum outro pai\u0301s\u201d, diz o documento.<\/p>\n<\/blockquote>\n<p>Assinam a nota a Confederac\u0327a\u0303o da Agricultura e Pecua\u0301ria do Brasil <strong>(CNA)<\/strong>, a Associac\u0327a\u0303o Brasileira das Indu\u0301strias Exportadoras de Carnes <strong>(Abiec)<\/strong>, a Associac\u0327a\u0303o Brasileira de Protei\u0301na Animal <strong>(ABPA)<\/strong>, a Associac\u0327a\u0303o Brasileira do Agronego\u0301cio <strong>(Abag)<\/strong>, a Sociedade Rural Brasileira <strong>(SRB)<\/strong> e a Federac\u0327a\u0303o das Indu\u0301strias do Estado de Sa\u0303o Paulo <strong>(Fiesp)<\/strong>.<\/p>\n<\/div>\n<div>\n<h2 class=\"wp-block-heading\" id=\"h-leia-a-nota-de-repudio-na-integra\">Leia a nota de <em><strong>rep\u00fadio na \u00edntegra:<\/strong><\/em><\/h2>\n<p><em>Em resposta a\u0300s alegac\u0327o\u0303es do CEO Global da rede de supermercados Carrefour, Alexandre Bompard, as entidades abaixo assinadas manifestam o repu\u0301dio aos ataques proferidos contra a produc\u0327a\u0303o agropecua\u0301ria no Mercosul. A produc\u0327a\u0303o de protei\u0301na do bloco econo\u0302mico sul- americano chega a todos os pai\u0301ses do mundo, incluindo os mercados mais exigentes, entre eles as maiores economias mundiais, como Estados Unidos, Unia\u0303o Europeia, Reino Unido, China e Japa\u0303o.<\/em><\/p>\n<p><em>Periodicamente as empresas sa\u0303o auditadas e certificadas por centenas de misso\u0303es sanita\u0301rias internacionais e tambe\u0301m por clientes que confirmam a seguranc\u0327a de alimentos do que vai para cada destino. Entre as certificac\u0327o\u0303es obtidas por empresas do Mercosul destacam-se as do BRC (British Retail Consortium), principal refere\u0302ncia global em qualidade quando o assunto e\u0301 produc\u0327a\u0303o de protei\u0301na.<\/em><\/p>\n<p><em>O bloco e\u0301 li\u0301der mundial em exportac\u0327a\u0303o de carne de frango e bovina e esta\u0301 entre os principais na sui\u0301na. Foram necessa\u0301rias de\u0301cadas para que o Mercosul por inteiro avanc\u0327asse em sua reputac\u0327a\u0303o internacional como produtor de carnes. Com responsabilidade, o setor na regia\u0303o foi o principal fornecedor para todos os mercados durante a maior crise global de sau\u0301de pu\u0301blica neste se\u0301culo, a pandemia do coronavi\u0301rus em 2020 e 2021.<\/em><\/p>\n<p><em>Tudo isso demonstra a excele\u0302ncia da produc\u0327a\u0303o na regia\u0303o, num comprometimento que as entidades e associac\u0327o\u0303es que representam os 29 milho\u0303es de trabalhadores no agronego\u0301cio no Brasil reforc\u0327am dia a dia com a seguranc\u0327a alimentar e a qualidade do que chega aos consumidores em todo o mundo.<\/em><\/p>\n<p><em>Portanto, se o CEO Global do Grupo Carrefour, Alexandre Bompard, entende que o Mercosul na\u0303o e\u0301 fornecedor a\u0300 altura do mercado france\u0302s \u2013 que na\u0303o e\u0301 diferente do espanhol, belga, a\u0301rabe, turco, italiano \u2013, as entidades abaixo assinadas consideram que, se na\u0303o serve para abastecer o Carrefour no mercado france\u0302s, na\u0303o serve para abastecer o Carrefour em nenhum outro pai\u0301s.<\/em><\/p>\n<p><em>Reafirmamos o compromisso do setor com a produ\u00e7\u00e3o respons\u00e1vel, sustent\u00e1vel e com a seguran\u00e7a alimentar.<\/em><\/p>\n<\/p><\/div>\n<p><br \/>\n<br \/><a href=\"https:\/\/www.canalrural.com.br\/pecuaria\/se-nao-serve-para-abastecer-o-carrefour-na-franca-nao-serve-para-abastecer-o-carrefour-em-nenhum-outro-pais\/\">Source link <\/a><\/p>\n","protected":false},"excerpt":{"rendered":"<p>Entidades do agronego\u0301cio e da indu\u0301stria de alimentos do pai\u0301s se uniram em resposta a\u0300s alegac\u0327o\u0303es do presidente-executivo da rede<\/p>\n","protected":false},"author":1,"featured_media":5331,"comment_status":"open","ping_status":"open","sticky":false,"template":"","format":"standard","meta":{"_monsterinsights_skip_tracking":false,"_monsterinsights_sitenote_active":false,"_monsterinsights_sitenote_note":"","_monsterinsights_sitenote_category":0,"_uf_show_specific_survey":0,"_uf_disable_surveys":false,"footnotes":""},"categories":[1],"tags":[],"class_list":["post-5371","post","type-post","status-publish","format-standard","has-post-thumbnail","hentry","category-news"],"_links":{"self":[{"href":"https:\/\/agromt.news\/index.php?rest_route=\/wp\/v2\/posts\/5371"}],"collection":[{"href":"https:\/\/agromt.news\/index.php?rest_route=\/wp\/v2\/posts"}],"about":[{"href":"https:\/\/agromt.news\/index.php?rest_route=\/wp\/v2\/types\/post"}],"author":[{"embeddable":true,"href":"https:\/\/agromt.news\/index.php?rest_route=\/wp\/v2\/users\/1"}],"replies":[{"embeddable":true,"href":"https:\/\/agromt.news\/index.php?rest_route=%2Fwp%2Fv2%2Fcomments&post=5371"}],"version-history":[{"count":0,"href":"https:\/\/agromt.news\/index.php?rest_route=\/wp\/v2\/posts\/5371\/revisions"}],"wp:featuredmedia":[{"embeddable":true,"href":"https:\/\/agromt.news\/index.php?rest_route=\/wp\/v2\/media\/5331"}],"wp:attachment":[{"href":"https:\/\/agromt.news\/index.php?rest_route=%2Fwp%2Fv2%2Fmedia&parent=5371"}],"wp:term":[{"taxonomy":"category","embeddable":true,"href":"https:\/\/agromt.news\/index.php?rest_route=%2Fwp%2Fv2%2Fcategories&post=5371"},{"taxonomy":"post_tag","embeddable":true,"href":"https:\/\/agromt.news\/index.php?rest_route=%2Fwp%2Fv2%2Ftags&post=5371"}],"curies":[{"name":"wp","href":"https:\/\/api.w.org\/{rel}","templated":true}]}}