{"id":5369,"date":"2024-11-21T20:26:14","date_gmt":"2024-11-22T00:26:14","guid":{"rendered":"https:\/\/agromt.news\/?p=5369"},"modified":"2024-11-21T20:26:14","modified_gmt":"2024-11-22T00:26:14","slug":"camara-aprova-mercado-de-carbono","status":"publish","type":"post","link":"https:\/\/agromt.news\/?p=5369","title":{"rendered":"C\u00e2mara aprova Mercado de Carbono"},"content":{"rendered":"<p> <br \/>\n<\/p>\n<div>\n<div class=\"row\">\n<div class=\"col-lg col-infos mt-3 mt-lg-0\">\n<div class=\"section-sub-title\">\n<p itemprop=\"description\">&#13;<br \/>\n                                \u201cEstamos diante de um projeto que foi amplamente debatido com diversos setores&#8221;&#13;\n                            <\/p>\n<\/p><\/div>\n<div class=\"container\">\n<div class=\"row\">\n<div class=\"col-lg p-0\">\n<div>\n<div class=\"block-news-main-infos mt-3 text-start\">\n<p>                                            <strong class=\"fn\" itemprop=\"author\" style=\"color: rgb(112, 112, 112); \">&#13;<br \/>\n                                                <a href=\"https:\/\/www.agrolink.com.br\/noticias\/javascript:;\" class=\"text-uppercase\" target=\"_blank\" style=\"color: rgb(112, 112, 112); \" rel=\"noopener\">Agrolink<\/a>&#13;<br \/>\n&#13;<br \/>\n                                                    &#8211; Leonardo Gottems&#13;<br \/>\n&#13;<br \/>\n                                            <\/strong><br \/>\n                                        <\/p>\n<p>                                            <abbr><time datetime=\"2024-11-21T09:57\" itemprop=\"datePublished dateModified\">Publicado em 21\/11\/2024 \u00e0s 09:57h.<\/time><\/abbr><br \/>\n                                            <\/p><\/div>\n<\/p><\/div>\n<\/p><\/div>\n<div class=\"col-lg p-0 text-lg-end\">\n<div>\n<div id=\"mdEnviarPagina\" class=\"modal fade\" role=\"dialog\">\n<div class=\"modal-dialog\">\n<div class=\"modal-content\">\n<div class=\"modal-body\">\n<p><strong>Estimado usu\u00e1rio.<\/strong><br \/>Preencha o formul\u00e1rio abaixo para remeter a p\u00e1gina.<\/p>\n<\/p><\/div>\n<\/p><\/div>\n<\/p><\/div>\n<\/div><\/div>\n<\/p><\/div>\n<\/p><\/div>\n<\/p><\/div>\n<\/p><\/div>\n<\/p><\/div>\n<div class=\"row justify-content-md-center mt-3\">\n<div class=\"col-lg-auto col-image  block-news-main-image d-none d-md-block\">\n<p>                            <img decoding=\"async\" src=\"https:\/\/www.agrolink.com.br\/upload\/imagens-resizes\/7877f2da9a2440978cfa1064c7c80765_858x483.jpg\" class=\"lazyload \" alt=\"\u201cEstamos diante de um projeto que foi amplamente debatido com diversos setores&quot;\"\/><br \/>\n                                            <span class=\"d-block mt-1\">\u201cEstamos diante de um projeto que foi amplamente debatido com diversos setores&#8221; &#8211; Foto: Pixabay<\/span><\/p><\/div>\n<\/p><\/div>\n<div class=\"section-description section-description-noticias mt-3\">\n<p>Na ter\u00e7a-feira (19), a C\u00e2mara dos Deputados aprovou o Projeto de Lei 182\/2024, com 336 votos a favor e 38 contra. A proposta visa contribuir para a redu\u00e7\u00e3o das emiss\u00f5es de gases de efeito estufa (GEE) no Brasil, consolidando o mercado de carbono no pa\u00eds.\u00a0&#13;\n<\/p>\n<p>A Frente Parlamentar da Agropecu\u00e1ria (FPA) teve papel fundamental na garantia de prote\u00e7\u00f5es para os produtores rurais, que possuem ativos ambientais em suas propriedades e podem gerar cr\u00e9ditos de carbono. A FPA tamb\u00e9m assegurou a proibi\u00e7\u00e3o da venda antecipada de cr\u00e9ditos em programas jurisdicionais relacionados a \u00e1reas privadas.<\/p>\n<p>A bancada da FPA trabalhou para garantir que os produtores possam constituir e vender cr\u00e9ditos de carbono em programas privados, promovendo uma economia verde que beneficie o setor agropecu\u00e1rio. Pedro Lupion (PP-PR), presidente da FPA, destacou que o mercado de carbono deve ser uma oportunidade para o produtor rural, criando uma nova fonte de renda e ao mesmo tempo contribuindo para a preserva\u00e7\u00e3o ambiental.&#13;\n<\/p>\n<p>O deputado Aliel Machado (PV-PR), relator do projeto, ressaltou a import\u00e2ncia do di\u00e1logo com a FPA para garantir um texto que respeite a propriedade privada, ao mesmo tempo em que promove avan\u00e7os tecnol\u00f3gicos e ambientais. A proposta agora segue para san\u00e7\u00e3o presidencial, podendo representar uma importante conquista para a sustentabilidade e a agricultura no Brasil.<\/p>\n<p>\u201cDa mesma maneira, contemplar os produtores como respons\u00e1veis por essas vendas \u00e9 trazer justi\u00e7a e garantia do direito de propriedade. A estrutura\u00e7\u00e3o do mercado de carbono \u00e9 uma oportunidade para gerar mais renda ao produtor e ajudar a preservar o planeta\u201d, disse Lupion. \u00a0\u201cEstamos diante de um projeto que foi amplamente debatido com diversos setores, incluindo o apoio e trabalho conjunto da FPA. Vamos ter avan\u00e7o tecnol\u00f3gico, prote\u00e7\u00e3o ao meio ambiente, respeito ao produtor rural. Todos ganham com essa aprova\u00e7\u00e3o, que \u00e9 um novo mercado, uma nova oportunidade\u201d, afirmou Machado.\u00a0<br \/>&#13;<br \/>\n\u00a0&#13;\n<\/p>\n<\/p><\/div>\n<\/p><\/div>\n<p><script data-cfasync=\"false\">\n    !function (f, b, e, v, n, t, s) {\n        if (f.fbq) return; n = f.fbq = function () {\n            n.callMethod ?\n                n.callMethod.apply(n, arguments) : n.queue.push(arguments)\n        };\n        if (!f._fbq) f._fbq = n; n.push = n; n.loaded = !0; n.version = '2.0';\n        n.queue = []; t = b.createElement(e); t.async = !0;\n        t.src = v; s = b.getElementsByTagName(e)[0];\n        s.parentNode.insertBefore(t, s)\n    }(window, document, 'script',\n        'https:\/\/connect.facebook.net\/en_US\/fbevents.js');\n    fbq('init', '522546078623747');\n    fbq('track', 'PageView');\n<\/script><br \/>\n<br \/><br \/>\n<br \/><a href=\"https:\/\/www.agrolink.com.br\/noticias\/camara-aprova-mercado-de-carbono_496987.html\">Source link <\/a><\/p>\n","protected":false},"excerpt":{"rendered":"<p>&#13; \u201cEstamos diante de um projeto que foi amplamente debatido com diversos setores&#8221;&#13; &#13; Agrolink&#13; &#13; &#8211; Leonardo Gottems&#13; &#13;<\/p>\n","protected":false},"author":1,"featured_media":5370,"comment_status":"open","ping_status":"open","sticky":false,"template":"","format":"standard","meta":{"_monsterinsights_skip_tracking":false,"_monsterinsights_sitenote_active":false,"_monsterinsights_sitenote_note":"","_monsterinsights_sitenote_category":0,"_uf_show_specific_survey":0,"_uf_disable_surveys":false,"footnotes":""},"categories":[8,1,14],"tags":[],"class_list":["post-5369","post","type-post","status-publish","format-standard","has-post-thumbnail","hentry","category-agro","category-news","category-politica-agro"],"_links":{"self":[{"href":"https:\/\/agromt.news\/index.php?rest_route=\/wp\/v2\/posts\/5369"}],"collection":[{"href":"https:\/\/agromt.news\/index.php?rest_route=\/wp\/v2\/posts"}],"about":[{"href":"https:\/\/agromt.news\/index.php?rest_route=\/wp\/v2\/types\/post"}],"author":[{"embeddable":true,"href":"https:\/\/agromt.news\/index.php?rest_route=\/wp\/v2\/users\/1"}],"replies":[{"embeddable":true,"href":"https:\/\/agromt.news\/index.php?rest_route=%2Fwp%2Fv2%2Fcomments&post=5369"}],"version-history":[{"count":0,"href":"https:\/\/agromt.news\/index.php?rest_route=\/wp\/v2\/posts\/5369\/revisions"}],"wp:featuredmedia":[{"embeddable":true,"href":"https:\/\/agromt.news\/index.php?rest_route=\/wp\/v2\/media\/5370"}],"wp:attachment":[{"href":"https:\/\/agromt.news\/index.php?rest_route=%2Fwp%2Fv2%2Fmedia&parent=5369"}],"wp:term":[{"taxonomy":"category","embeddable":true,"href":"https:\/\/agromt.news\/index.php?rest_route=%2Fwp%2Fv2%2Fcategories&post=5369"},{"taxonomy":"post_tag","embeddable":true,"href":"https:\/\/agromt.news\/index.php?rest_route=%2Fwp%2Fv2%2Ftags&post=5369"}],"curies":[{"name":"wp","href":"https:\/\/api.w.org\/{rel}","templated":true}]}}