{"id":5196,"date":"2024-11-18T20:42:55","date_gmt":"2024-11-19T00:42:55","guid":{"rendered":"https:\/\/agromt.news\/?p=5196"},"modified":"2024-11-18T20:42:55","modified_gmt":"2024-11-19T00:42:55","slug":"modelo-inedito-de-restauracao-florestal-remunerada-com-creditos-de-carbono-e-lancado-pelo-para","status":"publish","type":"post","link":"https:\/\/agromt.news\/?p=5196","title":{"rendered":"Modelo in\u00e9dito de restaura\u00e7\u00e3o florestal remunerada com cr\u00e9ditos de carbono \u00e9 lan\u00e7ado pelo Par\u00e1"},"content":{"rendered":"<p> <br \/>\n<br \/><img decoding=\"async\" src=\"https:\/\/agromt.news\/wp-content\/uploads\/2024\/11\/Modelo-inedito-de-restauracao-florestal-remunerada-com-creditos-de-carbono.jpg\" \/><\/p>\n<div>\n<p>Durante a <strong><a href=\"https:\/\/www.canalrural.com.br\/tag\/cop29\/\">COP29<\/a><\/strong>, em Baku, no Azerbaij\u00e3o, o governador do Par\u00e1, Helder Barbalho, anunciou o edital de concess\u00e3o da Unidade de Recupera\u00e7\u00e3o Triunfo do Xingu (URTX). <\/p>\n<p>A \u00e1rea, com 10,3 mil hectares localizada em Altamira, no sudoeste do estado, ser\u00e1 recuperada por meio de um modelo in\u00e9dito no Brasil, que prev\u00ea restaura\u00e7\u00e3o ecol\u00f3gica por at\u00e9 40 anos.<\/p>\n<p>A concess\u00e3o permitir\u00e1 a restaura\u00e7\u00e3o da vegeta\u00e7\u00e3o nativa na \u00c1rea de Prote\u00e7\u00e3o Ambiental Triunfo do Xingu, com o concession\u00e1rio remunerado pelo aproveitamento de cr\u00e9ditos de carbono gerados durante o processo. <\/p>\n<figure class=\"wp-block-embed is-type-video is-provider-youtube wp-block-embed-youtube wp-embed-aspect-16-9 wp-has-aspect-ratio\">\n<p>\n<iframe title=\"COP 29 | Par\u00e1 lan\u00e7a concess\u00e3o florestal remunerada com cr\u00e9ditos de carbono\" width=\"800\" height=\"450\" src=\"https:\/\/www.youtube.com\/embed\/3NyFLzkU2mQ?feature=oembed\" frameborder=\"0\" allow=\"accelerometer; autoplay; clipboard-write; encrypted-media; gyroscope; picture-in-picture; web-share\" referrerpolicy=\"strict-origin-when-cross-origin\" allowfullscreen><\/iframe><noscript><iframe title=\"COP 29 | Par\u00e1 lan\u00e7a concess\u00e3o florestal remunerada com cr\u00e9ditos de carbono\" width=\"800\" height=\"450\" src=\"https:\/\/www.youtube.com\/embed\/3NyFLzkU2mQ?feature=oembed\" frameborder=\"0\" allow=\"accelerometer; autoplay; clipboard-write; encrypted-media; gyroscope; picture-in-picture; web-share\" referrerpolicy=\"strict-origin-when-cross-origin\" allowfullscreen><\/iframe><\/noscript>\n<\/p>\n<\/figure>\n<p>Estima-se que cerca de <strong>3,7 milh\u00f5es de toneladas de carbono<\/strong> equivalente sejam sequestradas, o que equivale a 330 mil voltas ao redor da Terra de avi\u00e3o.<\/p>\n<p>O modelo exige um investimento inicial de <strong>R$ 258 milh\u00f5e<\/strong>s para instala\u00e7\u00e3o e opera\u00e7\u00e3o, com uma receita total projetada de quase R$ 869 milh\u00f5es. Al\u00e9m de restaurar a floresta, o projeto visa atrair investimentos para o Par\u00e1 (estado sede da COP30, em 2025) e fortalecer pol\u00edticas de desenvolvimento sustent\u00e1vel.<\/p>\n<h2 class=\"wp-block-heading\" id=\"h-impacto-social-e-contrapartidas\">Impacto social e contrapartidas<\/h2>\n<p>O projeto prev\u00ea a gera\u00e7\u00e3o de mais de 2 mil empregos diretos e indiretos na regi\u00e3o. Entre as exig\u00eancias ao concession\u00e1rio, est\u00e3o:<\/p>\n<\/div>\n<div>\n<ul class=\"wp-block-list\">\n<li>Capacita\u00e7\u00e3o de m\u00e3o de obra local;<\/li>\n<li>Apoio a cadeias produtivas agroflorestais;<\/li>\n<li>Parcerias para fornecimento de insumos, mudas e sementes.<\/li>\n<\/ul>\n<p>J\u00e1 as contrapartidas do estado incluem a implementa\u00e7\u00e3o do Plano de Atua\u00e7\u00e3o Integrada (PAI), que abrange:<\/p>\n<ul class=\"wp-block-list\">\n<li>Regulariza\u00e7\u00e3o fundi\u00e1ria e ambiental;<\/li>\n<li>Investimentos em seguran\u00e7a, infraestrutura, log\u00edstica e comunica\u00e7\u00f5es;<\/li>\n<li>Servi\u00e7os p\u00fablicos para as comunidades locais.<\/li>\n<\/ul>\n<p>O governador enfatizou o papel pioneiro do Par\u00e1 na cria\u00e7\u00e3o de uma economia verde. \u201cEstamos falando de 10 mil hectares que v\u00e3o gerar 2 mil empregos e transformar \u00e1reas degradadas em florestas restauradas para o mercado de carbono e manejo florestal. \u00c9 um modelo que alia combate ao desmatamento ilegal com gera\u00e7\u00e3o de emprego e desenvolvimento sustent\u00e1vel.\u201d<\/p>\n<p>Barbalho destacou, ainda, que o Brasil s\u00f3 alcan\u00e7ar\u00e1 suas metas ambientais ao restaurar \u00e1reas degradadas e implementar projetos como o da URTX. \u201cLan\u00e7amos o plano de restauro h\u00e1 um ano, e hoje publicamos o primeiro edital de concess\u00e3o para restaura\u00e7\u00e3o em \u00e1rea p\u00fablica no Brasil\u201d, celebrou Barbalho.<\/p>\n<p>O edital de concess\u00e3o da URTX estar\u00e1 aberto por 120 dias, e o vencedor ser\u00e1 conhecido em mar\u00e7o de 2025. Os documentos completos podem ser consultados nos sites da Semas e do Ideflor-Bio.<\/p>\n<hr class=\"wp-block-separator has-alpha-channel-opacity\"\/>\n<p><em>A cobertura do Canal Rural na COP29 tem o apoio de Sistema OCB, Portos do Paran\u00e1, Itaipu Binacional, ApexBrasil, Minist\u00e9rio do Desenvolvimento, Ind\u00fastria, Com\u00e9rcio e Servi\u00e7os (MDIC) e Governo Federal<\/em><\/p>\n<\/p><\/div>\n<p><br \/>\n<br \/><a href=\"https:\/\/www.canalrural.com.br\/sustentabilidade\/modelo-inedito-de-restauracao-florestal-remunerada-com-creditos-de-carbono-e-lancado-pelo-para\/\">Source link <\/a><\/p>\n","protected":false},"excerpt":{"rendered":"<p>Durante a COP29, em Baku, no Azerbaij\u00e3o, o governador do Par\u00e1, Helder Barbalho, anunciou o edital de concess\u00e3o da Unidade<\/p>\n","protected":false},"author":1,"featured_media":5197,"comment_status":"open","ping_status":"open","sticky":false,"template":"","format":"standard","meta":{"_monsterinsights_skip_tracking":false,"_monsterinsights_sitenote_active":false,"_monsterinsights_sitenote_note":"","_monsterinsights_sitenote_category":0,"_uf_show_specific_survey":0,"_uf_disable_surveys":false,"footnotes":""},"categories":[1],"tags":[],"class_list":["post-5196","post","type-post","status-publish","format-standard","has-post-thumbnail","hentry","category-news"],"_links":{"self":[{"href":"https:\/\/agromt.news\/index.php?rest_route=\/wp\/v2\/posts\/5196"}],"collection":[{"href":"https:\/\/agromt.news\/index.php?rest_route=\/wp\/v2\/posts"}],"about":[{"href":"https:\/\/agromt.news\/index.php?rest_route=\/wp\/v2\/types\/post"}],"author":[{"embeddable":true,"href":"https:\/\/agromt.news\/index.php?rest_route=\/wp\/v2\/users\/1"}],"replies":[{"embeddable":true,"href":"https:\/\/agromt.news\/index.php?rest_route=%2Fwp%2Fv2%2Fcomments&post=5196"}],"version-history":[{"count":0,"href":"https:\/\/agromt.news\/index.php?rest_route=\/wp\/v2\/posts\/5196\/revisions"}],"wp:featuredmedia":[{"embeddable":true,"href":"https:\/\/agromt.news\/index.php?rest_route=\/wp\/v2\/media\/5197"}],"wp:attachment":[{"href":"https:\/\/agromt.news\/index.php?rest_route=%2Fwp%2Fv2%2Fmedia&parent=5196"}],"wp:term":[{"taxonomy":"category","embeddable":true,"href":"https:\/\/agromt.news\/index.php?rest_route=%2Fwp%2Fv2%2Fcategories&post=5196"},{"taxonomy":"post_tag","embeddable":true,"href":"https:\/\/agromt.news\/index.php?rest_route=%2Fwp%2Fv2%2Ftags&post=5196"}],"curies":[{"name":"wp","href":"https:\/\/api.w.org\/{rel}","templated":true}]}}