{"id":5193,"date":"2024-11-18T19:57:28","date_gmt":"2024-11-18T23:57:28","guid":{"rendered":"https:\/\/agromt.news\/?p=5193"},"modified":"2024-11-18T19:57:28","modified_gmt":"2024-11-18T23:57:28","slug":"movimentacao-de-30-milhoes-de-metros-cubicos-de-gas-argentino-ao-brasil-e-firmada-no-g20","status":"publish","type":"post","link":"https:\/\/agromt.news\/?p=5193","title":{"rendered":"Movimenta\u00e7\u00e3o de 30 milh\u00f5es de metros c\u00fabicos de g\u00e1s argentino ao Brasil \u00e9 firmada no G20"},"content":{"rendered":"<p> <br \/>\n<br \/><img decoding=\"async\" src=\"https:\/\/agromt.news\/wp-content\/uploads\/2024\/11\/Movimentacao-de-30-milhoes-de-metros-cubicos-de-gas-argentino.jpg\" \/><\/p>\n<div>\n<p>O Minist\u00e9rio de Minas e Energia (MME) assinou nesta segunda-feira (18) Memorando de Entendimento com a Argentina para <strong><a href=\"https:\/\/www.canalrural.com.br\/economia\/brasil-vai-assinar-com-argentina-acordo-para-importacao-de-gas-de-vaca-muerta\/\">viabilizar a exporta\u00e7\u00e3o de g\u00e1s natural<\/a><\/strong> argentino ao Brasil.<\/p>\n<p>O acordo foi feito durante o G20, c\u00fapula de l\u00edderes mundiais das 19 maiores economias mais Uni\u00e3o Europeia e Uni\u00e3o Africana. <\/p>\n<p>O ato cria um grupo de trabalho bilateral para identificar as medidas necess\u00e1rias para viabilizar a oferta do produto argentino, com destaque para o G\u00e1s de Vaca Muerta, no norte da Patag\u00f4nia.<\/p>\n<h2 class=\"wp-block-heading\" id=\"h-escala-de-movimentacao\">Escala de movimenta\u00e7\u00e3o<\/h2>\n<p>Dentre as medidas, se destacam o estudo da viabilidade econ\u00f4mica das rotas log\u00edsticas, considerando a poss\u00edvel expans\u00e3o da infraestrutura existente dos dois pa\u00edses, por meio da qual estima-se uma viabilidade de movimenta\u00e7\u00e3o de dois milh\u00f5es de metros c\u00fabicos por dia no curto prazo, aumentando nos pr\u00f3ximos tr\u00eas anos para dez milh\u00f5es, at\u00e9 atingir <strong>30 milh\u00f5es<\/strong> em 2030.<\/p>\n<p>O ministro de Minas e Energia, Alexandre Silveira, destacou a import\u00e2ncia da concretiza\u00e7\u00e3o do ato. <\/p>\n<\/div>\n<div>\n<p>\u201cEssa \u00e9 uma importante entrega do programa G\u00e1s Para Empregar, que criamos com o objetivo de aumentar a oferta de g\u00e1s natural e promover a reindustrializa\u00e7\u00e3o do pa\u00eds. Ao concretizar a importa\u00e7\u00e3o do g\u00e1s de Vaca Muerta, estamos fortalecendo o desenvolvimento das ind\u00fastrias de fertilizantes, vidro, cer\u00e2mica, petroqu\u00edmicos e tantas outras que trazem desenvolvimento econ\u00f4mico ao Brasil. Teremos mais g\u00e1s, e junto com ele mais emprego, renda e riqueza para brasileiras e brasileiros\u201d, afirmou.<\/p>\n<h2 class=\"wp-block-heading\" id=\"h-infraestrutura-para-o-gas\">Infraestrutura para o g\u00e1s<\/h2>\n<p>O documento indica que o grupo deve buscar o uso da infraestrutura j\u00e1 existente nos dois pa\u00edses, permitindo a exporta\u00e7\u00e3o do g\u00e1s argentino no menor tempo e com o menor custo poss\u00edvel. <\/p>\n<p>Para isso, o grupo formado dever\u00e1 identificar meios para viabilizar o projeto e a constru\u00e7\u00e3o de infraestruturas necess\u00e1rias para interconectar os gasodutos existentes de cada pa\u00eds.<\/p>\n<p>Na agenda de trabalho dos estudos, est\u00e3o elencadas prioridades como infraestrutura, transporte e interconex\u00e3o entre os pa\u00edses e tipos de opera\u00e7\u00f5es. O memorando tem validade de 18 meses, prorrog\u00e1veis. Ao final desse per\u00edodo, ser\u00e1 apresentado relat\u00f3rio das atividades.<\/p>\n<p>\u201cHoje estabelecemos um protocolo com o ministro da Economia argentino, o que demonstra que estamos empenhados em construir pol\u00edtica de Estado e n\u00e3o de governo para poder dar mais um passo fundamental no programa G\u00e1s Para Empregar que visa ampliar a competitividade nacional. Sabemos da import\u00e2ncia do g\u00e1s para reindustrializar o Brasil. A ind\u00fastria qu\u00edmica do Brasil tem hoje <strong>30%<\/strong> de ociosidade porque n\u00e3o tem competitividade na aquisi\u00e7\u00e3o do g\u00e1s. O g\u00e1s no Brasil s\u00f3 vamos diminuir o pre\u00e7o quando aumentarmos a oferta\u201d, disse o ministro em coletiva de imprensa.<\/p>\n<\/p><\/div>\n<p><br \/>\n<br \/><a href=\"https:\/\/www.canalrural.com.br\/politica\/movimentacao-de-30-milhoes-de-metros-cubicos-de-gas-argentino-ao-brasil-e-firmada-no-g20\/\">Source link <\/a><\/p>\n","protected":false},"excerpt":{"rendered":"<p>O Minist\u00e9rio de Minas e Energia (MME) assinou nesta segunda-feira (18) Memorando de Entendimento com a Argentina para viabilizar a<\/p>\n","protected":false},"author":1,"featured_media":5194,"comment_status":"open","ping_status":"open","sticky":false,"template":"","format":"standard","meta":{"_monsterinsights_skip_tracking":false,"_monsterinsights_sitenote_active":false,"_monsterinsights_sitenote_note":"","_monsterinsights_sitenote_category":0,"_uf_show_specific_survey":0,"_uf_disable_surveys":false,"footnotes":""},"categories":[1],"tags":[],"class_list":["post-5193","post","type-post","status-publish","format-standard","has-post-thumbnail","hentry","category-news"],"_links":{"self":[{"href":"https:\/\/agromt.news\/index.php?rest_route=\/wp\/v2\/posts\/5193"}],"collection":[{"href":"https:\/\/agromt.news\/index.php?rest_route=\/wp\/v2\/posts"}],"about":[{"href":"https:\/\/agromt.news\/index.php?rest_route=\/wp\/v2\/types\/post"}],"author":[{"embeddable":true,"href":"https:\/\/agromt.news\/index.php?rest_route=\/wp\/v2\/users\/1"}],"replies":[{"embeddable":true,"href":"https:\/\/agromt.news\/index.php?rest_route=%2Fwp%2Fv2%2Fcomments&post=5193"}],"version-history":[{"count":0,"href":"https:\/\/agromt.news\/index.php?rest_route=\/wp\/v2\/posts\/5193\/revisions"}],"wp:featuredmedia":[{"embeddable":true,"href":"https:\/\/agromt.news\/index.php?rest_route=\/wp\/v2\/media\/5194"}],"wp:attachment":[{"href":"https:\/\/agromt.news\/index.php?rest_route=%2Fwp%2Fv2%2Fmedia&parent=5193"}],"wp:term":[{"taxonomy":"category","embeddable":true,"href":"https:\/\/agromt.news\/index.php?rest_route=%2Fwp%2Fv2%2Fcategories&post=5193"},{"taxonomy":"post_tag","embeddable":true,"href":"https:\/\/agromt.news\/index.php?rest_route=%2Fwp%2Fv2%2Ftags&post=5193"}],"curies":[{"name":"wp","href":"https:\/\/api.w.org\/{rel}","templated":true}]}}