{"id":5191,"date":"2024-11-18T19:41:12","date_gmt":"2024-11-18T23:41:12","guid":{"rendered":"https:\/\/agromt.news\/?p=5191"},"modified":"2024-11-18T19:41:12","modified_gmt":"2024-11-18T23:41:12","slug":"tilapia-cepea-oferta-elevada-e-fraca-demanda-mantem-precos-em-queda","status":"publish","type":"post","link":"https:\/\/agromt.news\/?p=5191","title":{"rendered":"Til\u00e1pia\/Cepea: Oferta elevada e fraca demanda mant\u00eam pre\u00e7os em queda"},"content":{"rendered":"<p> <br \/>\n<\/p>\n<div>\n<div class=\"materia\">\n<p>Os pre\u00e7os da til\u00e1pia continuaram em queda em setembro. Segundo pesquisadores do Cepea, a press\u00e3o veio da oferta elevada, visto que ainda h\u00e1 muitos peixes com alta biomassa nos tanques, e da demanda enfraquecida. Tamb\u00e9m como reflexo da disponibilidade interna elevada, as exporta\u00e7\u00f5es brasileiras de til\u00e1pia (fil\u00e9s e produtos secund\u00e1rios) voltaram a crescer em setembro. Foram 1,6 mil toneladas embarcadas no \u00faltimo m\u00eas, avan\u00e7o de 17,4% frente a agosto\/24 e de expressivos 60,2% em rela\u00e7\u00e3o a setembro\/23.\u00a0<\/p>\n<\/p><\/div>\n<div class=\"grupo-whatsapp\">\n      J\u00e1 segue nosso Canal oficial no WhatsApp? <a href=\"https:\/\/bit.ly\/Canal_NA\" target=\"_blank\" rel=\"noopener\"><strong>Clique Aqui<\/strong><\/a> para receber em primeira m\u00e3o as principais not\u00edcias do agroneg\u00f3cio\n    <\/div>\n<\/p><\/div>\n<p><script async defer src=\"https:\/\/connect.facebook.net\/en_US\/sdk.js\" type=\"14c4e8f7bc264f8998ac2610-text\/javascript\"><\/script><script type=\"14c4e8f7bc264f8998ac2610-text\/javascript\">\n  !function(f,b,e,v,n,t,s)\n  {if(f.fbq)return;n=f.fbq=function(){n.callMethod?\n    n.callMethod.apply(n,arguments):n.queue.push(arguments)};\n    if(!f._fbq)f._fbq=n;n.push=n;n.loaded=!0;n.version='2.0';\n    n.queue=[];t=b.createElement(e);t.async=!0;\n    t.src=v;s=b.getElementsByTagName(e)[0];\n    s.parentNode.insertBefore(t,s)}(window, document,'script',\n    'https:\/\/connect.facebook.net\/en_US\/fbevents.js');\n  fbq('init', '153495679422335');\n  fbq('track', 'PageView');\n<\/script><br \/>\n<br \/><br \/>\n<br \/><a href=\"https:\/\/www.noticiasagricolas.com.br\/noticias\/agronegocio\/386402-tilapia-cepea-oferta-elevada-e-fraca-demanda-mantem-precos-em-queda.html\">Source link <\/a><\/p>\n","protected":false},"excerpt":{"rendered":"<p>Os pre\u00e7os da til\u00e1pia continuaram em queda em setembro. Segundo pesquisadores do Cepea, a press\u00e3o veio da oferta elevada, visto<\/p>\n","protected":false},"author":1,"featured_media":5192,"comment_status":"open","ping_status":"open","sticky":false,"template":"","format":"standard","meta":{"_monsterinsights_skip_tracking":false,"_monsterinsights_sitenote_active":false,"_monsterinsights_sitenote_note":"","_monsterinsights_sitenote_category":0,"_uf_show_specific_survey":0,"_uf_disable_surveys":false,"footnotes":""},"categories":[8,1,14,16],"tags":[],"class_list":["post-5191","post","type-post","status-publish","format-standard","has-post-thumbnail","hentry","category-agro","category-news","category-politica-agro","category-safra"],"_links":{"self":[{"href":"https:\/\/agromt.news\/index.php?rest_route=\/wp\/v2\/posts\/5191"}],"collection":[{"href":"https:\/\/agromt.news\/index.php?rest_route=\/wp\/v2\/posts"}],"about":[{"href":"https:\/\/agromt.news\/index.php?rest_route=\/wp\/v2\/types\/post"}],"author":[{"embeddable":true,"href":"https:\/\/agromt.news\/index.php?rest_route=\/wp\/v2\/users\/1"}],"replies":[{"embeddable":true,"href":"https:\/\/agromt.news\/index.php?rest_route=%2Fwp%2Fv2%2Fcomments&post=5191"}],"version-history":[{"count":0,"href":"https:\/\/agromt.news\/index.php?rest_route=\/wp\/v2\/posts\/5191\/revisions"}],"wp:featuredmedia":[{"embeddable":true,"href":"https:\/\/agromt.news\/index.php?rest_route=\/wp\/v2\/media\/5192"}],"wp:attachment":[{"href":"https:\/\/agromt.news\/index.php?rest_route=%2Fwp%2Fv2%2Fmedia&parent=5191"}],"wp:term":[{"taxonomy":"category","embeddable":true,"href":"https:\/\/agromt.news\/index.php?rest_route=%2Fwp%2Fv2%2Fcategories&post=5191"},{"taxonomy":"post_tag","embeddable":true,"href":"https:\/\/agromt.news\/index.php?rest_route=%2Fwp%2Fv2%2Ftags&post=5191"}],"curies":[{"name":"wp","href":"https:\/\/api.w.org\/{rel}","templated":true}]}}