{"id":5185,"date":"2024-11-18T19:05:41","date_gmt":"2024-11-18T23:05:41","guid":{"rendered":"https:\/\/agromt.news\/?p=5185"},"modified":"2024-11-18T19:05:41","modified_gmt":"2024-11-18T23:05:41","slug":"leilao-de-graos-do-cerrado-mineiro-vende-saca-a-r-115-mil","status":"publish","type":"post","link":"https:\/\/agromt.news\/?p=5185","title":{"rendered":"leil\u00e3o de gr\u00e3os do Cerrado mineiro vende saca a R$ 115 mil"},"content":{"rendered":"<p> <br \/>\n<br \/><img decoding=\"async\" src=\"https:\/\/agromt.news\/wp-content\/uploads\/2024\/11\/leilao-de-graos-do-Cerrado-mineiro-vende-saca-a-R.jpg\" \/><\/p>\n<div>\n<p>A saca de 60 kg de caf\u00e9 do produtor Enivaldo Marinho Pereira, da Fazenda Cruzeiro\/Cachoeira, em Carmo do Parana\u00edba (MG), foi vendida, na quarta-feira passada (13), por R$ 115 mil, valor recorde do Leil\u00e3o Caf\u00e9 Solid\u00e1rio, com o vencedor do 12\u00ba Pr\u00eamio Regi\u00e3o do Cerrado Mineiro (RCM), promovido pela Federa\u00e7\u00e3o dos Cafeicultores do Cerrado com apoio do Sebrae Minas, em <strong><a href=\"http:\/\/www.canalrural.com.br\/tag\/uberlandia\/\">Uberl\u00e2ndia <\/a><\/strong>(MG). <\/p>\n<p>O produto foi adquirido pelo cons\u00f3rcio formado pelo Sebrae, Carpec e Louis Dreyfus. Para efeito de compara\u00e7\u00e3o, o Indicador do caf\u00e9 ar\u00e1bica, \u00e0 vista, para exporta\u00e7\u00e3o, calculado pela Esalq, fechou naquele dia em R$ 1.698,83 a saca.<\/p>\n<p>O segundo maior lance foi para o caf\u00e9 campe\u00e3o da categoria Fermenta\u00e7\u00e3o Induzida, produzido na fazenda S\u00e3o Louren\u00e7o, em Patroc\u00ednio, do cafeicultor Haroldo Barcelos Veloso, adquirido por R$ 100 mil.<\/p>\n<p>O leil\u00e3o arrecadou um total de R$ 557 mil. \u201cO resultado do leil\u00e3o do Pr\u00eamio Cerrado Mineiro \u00e9 fruto da solidariedade da nossa regi\u00e3o e da compet\u00eancia dos cafeicultores que n\u00e3o medem esfor\u00e7os para elevar a qualidade. Estamos muito felizes pois 50% dos recursos arrecadados ir\u00e3o para projetos sociais em nossa regi\u00e3o\u201d, destacou em nota Juliano Tarabal, diretor executivo da Federa\u00e7\u00e3o dos Cafeicultores do Cerrado.<\/p>\n<p>A premia\u00e7\u00e3o revelou os melhores caf\u00e9s da safra em uma disputa acirrada, com pontua\u00e7\u00f5es m\u00ednimas de 80 pontos para serem classificados como caf\u00e9s especiais. Este ano, o pr\u00eamio registrou recorde de amostras inscritas, totalizando 547, uma conquista que evidencia o crescente interesse dos cafeicultores pela excel\u00eancia. A sele\u00e7\u00e3o dos finalistas envolveu um painel internacional de ju\u00edzes que escolheram 60 amostras nas categorias Caf\u00e9 Natural, Cereja Descascado e Fermenta\u00e7\u00e3o Induzida.<\/p>\n<\/div>\n<div>\n<p>O Pr\u00eamio RCM \u00e9 um reconhecimento aos produtores que se destacam pela alta qualidade, rastreabilidade e compromisso socioambiental na produ\u00e7\u00e3o de caf\u00e9, fortalecendo a marca da Regi\u00e3o do Cerrado Mineiro, que h\u00e1 mais de cinco d\u00e9cadas produz caf\u00e9s com qualidade reconhecida e \u00e9 a primeira Denomina\u00e7\u00e3o de Origem (DO) para caf\u00e9 no Brasil. Atualmente, 4.500 produtores da RCM ocupam 250 mil hectares em 55 munic\u00edpios de Minas Gerais, respons\u00e1veis por 25,4% da produ\u00e7\u00e3o do estado e 12,7% da produ\u00e7\u00e3o nacional. <\/p>\n<p>Confira os vencedores:<\/p>\n<p><strong>Categoria Cereja Descascado<br \/><\/strong>1\u00ba lugar: Fl\u00e1vio M\u00e1rcio Ferreira da Silva (Carpec) \u2013 90,13 pontos<br \/>2\u00ba lugar: Guimar\u00e3es Agropecu\u00e1ria (Expocacer) \u2013 89,35 pontos<br \/>3\u00ba lugar: Eduardo Pinheiro Campos Filho (Expocacer) \u2013 88,48 pontos<\/p>\n<p><strong>Categoria Fermenta\u00e7\u00e3o Induzida<br \/><\/strong>1\u00ba lugar: Haroldo Barcelos Veloso (Carmocer) \u2013 90,13 pontos<br \/>2\u00ba lugar: Beatriz Aparecida de Souza Guimar\u00e3es (Expocacer) \u2013 89,70 pontos<br \/>3\u00ba lugar: M&amp;F Coffee (Carmocer) \u2013 89,45 pontos<\/p>\n<p><strong>Categoria Natural<br \/><\/strong>1\u00ba lugar: M&amp;F Coffee (Carmocer) \u2013 90,58 pontos<br \/>2\u00ba lugar: Carla Poliana da Silva Oliveira (Carmocer) \u2013 90,15 pontos<br \/>3\u00ba lugar: Enivaldo Marinho Pereira (Carmocer) \u2013 88,16 pontos<\/p>\n<p>O evento tamb\u00e9m premiou as mulheres que contribuem para a inova\u00e7\u00e3o e qualidade no setor cafeeiro com o Trof\u00e9u Mulher de Atitude. As tr\u00eas melhores produtoras de 2024 foram Carla Poliana da Silva Oliveira, destacando-se nas categorias Cereja Descascado e Caf\u00e9 Natural e Beatriz Aparecida de Souza Guimar\u00e3es, na categoria Fermenta\u00e7\u00e3o Induzida.<\/p>\n<\/p><\/div>\n<p><br \/>\n<br \/><a href=\"https:\/\/www.canalrural.com.br\/agricultura\/cafe-leilao-de-graos-do-cerrado-mineiro-vende-saca-a-r-115-mil\/\">Source link <\/a><\/p>\n","protected":false},"excerpt":{"rendered":"<p>A saca de 60 kg de caf\u00e9 do produtor Enivaldo Marinho Pereira, da Fazenda Cruzeiro\/Cachoeira, em Carmo do Parana\u00edba (MG),<\/p>\n","protected":false},"author":1,"featured_media":5186,"comment_status":"open","ping_status":"open","sticky":false,"template":"","format":"standard","meta":{"_monsterinsights_skip_tracking":false,"_monsterinsights_sitenote_active":false,"_monsterinsights_sitenote_note":"","_monsterinsights_sitenote_category":0,"_uf_show_specific_survey":0,"_uf_disable_surveys":false,"footnotes":""},"categories":[1],"tags":[],"class_list":["post-5185","post","type-post","status-publish","format-standard","has-post-thumbnail","hentry","category-news"],"_links":{"self":[{"href":"https:\/\/agromt.news\/index.php?rest_route=\/wp\/v2\/posts\/5185"}],"collection":[{"href":"https:\/\/agromt.news\/index.php?rest_route=\/wp\/v2\/posts"}],"about":[{"href":"https:\/\/agromt.news\/index.php?rest_route=\/wp\/v2\/types\/post"}],"author":[{"embeddable":true,"href":"https:\/\/agromt.news\/index.php?rest_route=\/wp\/v2\/users\/1"}],"replies":[{"embeddable":true,"href":"https:\/\/agromt.news\/index.php?rest_route=%2Fwp%2Fv2%2Fcomments&post=5185"}],"version-history":[{"count":0,"href":"https:\/\/agromt.news\/index.php?rest_route=\/wp\/v2\/posts\/5185\/revisions"}],"wp:featuredmedia":[{"embeddable":true,"href":"https:\/\/agromt.news\/index.php?rest_route=\/wp\/v2\/media\/5186"}],"wp:attachment":[{"href":"https:\/\/agromt.news\/index.php?rest_route=%2Fwp%2Fv2%2Fmedia&parent=5185"}],"wp:term":[{"taxonomy":"category","embeddable":true,"href":"https:\/\/agromt.news\/index.php?rest_route=%2Fwp%2Fv2%2Fcategories&post=5185"},{"taxonomy":"post_tag","embeddable":true,"href":"https:\/\/agromt.news\/index.php?rest_route=%2Fwp%2Fv2%2Ftags&post=5185"}],"curies":[{"name":"wp","href":"https:\/\/api.w.org\/{rel}","templated":true}]}}