{"id":5183,"date":"2024-11-18T18:57:37","date_gmt":"2024-11-18T22:57:37","guid":{"rendered":"https:\/\/agromt.news\/?p=5183"},"modified":"2024-11-18T18:57:37","modified_gmt":"2024-11-18T22:57:37","slug":"tendencia-de-alta-aquece-mercado-de-insumos","status":"publish","type":"post","link":"https:\/\/agromt.news\/?p=5183","title":{"rendered":"Tend\u00eancia de alta aquece mercado de insumos"},"content":{"rendered":"<p> <br \/>\n<\/p>\n<div>\n<div class=\"row\">\n<div class=\"col-lg col-infos mt-3 mt-lg-0\">\n<div class=\"section-sub-title\">\n<p itemprop=\"description\">&#13;<br \/>\n                                O valor de troca entre a saca de caf\u00e9 e a tonelada de KCl atingiu o melhor n\u00edvel&#13;\n                            <\/p>\n<\/p><\/div>\n<div class=\"container\">\n<div class=\"row\">\n<div class=\"col-lg p-0\">\n<div>\n<div class=\"block-news-main-infos mt-3 text-start\">\n<p>                                            <strong class=\"fn\" itemprop=\"author\" style=\"color: rgb(112, 112, 112); \">&#13;<br \/>\n                                                <a href=\"https:\/\/www.agrolink.com.br\/noticias\/javascript:;\" class=\"text-uppercase\" target=\"_blank\" style=\"color: rgb(112, 112, 112); \" rel=\"noopener\">Agrolink<\/a>&#13;<br \/>\n&#13;<br \/>\n                                                    &#8211; Leonardo Gottems&#13;<br \/>\n&#13;<br \/>\n                                            <\/strong><br \/>\n                                        <\/p>\n<p>                                            <abbr><time datetime=\"2024-11-18T10:42\" itemprop=\"datePublished dateModified\">Publicado em 18\/11\/2024 \u00e0s 10:42h.<\/time><\/abbr><br \/>\n                                            <\/p><\/div>\n<\/p><\/div>\n<\/p><\/div>\n<div class=\"col-lg p-0 text-lg-end\">\n<div>\n<div id=\"mdEnviarPagina\" class=\"modal fade\" role=\"dialog\">\n<div class=\"modal-dialog\">\n<div class=\"modal-content\">\n<div class=\"modal-body\">\n<p><strong>Estimado usu\u00e1rio.<\/strong><br \/>Preencha o formul\u00e1rio abaixo para remeter a p\u00e1gina.<\/p>\n<\/p><\/div>\n<\/p><\/div>\n<\/p><\/div>\n<\/div><\/div>\n<\/p><\/div>\n<\/p><\/div>\n<\/p><\/div>\n<\/p><\/div>\n<\/p><\/div>\n<div class=\"row justify-content-md-center mt-3\">\n<div class=\"col-lg-auto col-image  block-news-main-image d-none d-md-block\">\n<p>                            <img decoding=\"async\" src=\"https:\/\/www.agrolink.com.br\/upload\/imagens-resizes\/3b3ca7b8c61e43f192dca3a0380ec460_858x483.jpg\" class=\"lazyload \" alt=\"O consumo de fertilizantes para a cultura do caf\u00e9 no Brasil gira em torno de 2,5 milh\u00f5es de toneladas\"\/><br \/>\n                                            <span class=\"d-block mt-1\">O consumo de fertilizantes para a cultura do caf\u00e9 no Brasil gira em torno de 2,5 milh\u00f5es de toneladas &#8211; Foto: Divulga\u00e7\u00e3o<\/span><\/p><\/div>\n<\/p><\/div>\n<div class=\"section-description section-description-noticias mt-3\">\n<p>Segundo Jeferson Souza, Market Intelligence Analyst, o mercado de caf\u00e9 tem mostrado um desempenho not\u00e1vel este ano, com uma alta superior a 50% nos pre\u00e7os do caf\u00e9 ar\u00e1bica, aproximando-se das m\u00e1ximas hist\u00f3ricas, conforme o indicador Cepea. Esse movimento tem gerado impactos importantes no mercado de insumos, especialmente fertilizantes e defensivos agr\u00edcolas.&#13;\n<\/p>\n<p>Souza observa que, ao atualizar o \u00edndice semanal de troca que acompanha desde 2015, percebeu uma curva hist\u00f3rica in\u00e9dita. O valor de troca entre a saca de caf\u00e9 e a tonelada de KCl atingiu o melhor n\u00edvel da hist\u00f3ria, refletindo uma tend\u00eancia de alta tamb\u00e9m para outros fertilizantes. Ele destaca que a situa\u00e7\u00e3o exige aten\u00e7\u00e3o, principalmente para entender como os produtores de caf\u00e9 se posicionar\u00e3o no pr\u00f3ximo ciclo, com foco nas antecipa\u00e7\u00f5es para o ano seguinte.<\/p>\n<p>O consumo de fertilizantes para a cultura do caf\u00e9 no Brasil gira em torno de 2,5 milh\u00f5es de toneladas, o que evidencia a import\u00e2ncia da an\u00e1lise cuidadosa dessa din\u00e2mica para o planejamento do setor. Souza refor\u00e7a a necessidade de compreender as particularidades regionais do Brasil, que influenciam diretamente os mercados agr\u00edcolas.&#13;\n<\/p>\n<p>\u201cConversando com colegas que est\u00e3o diretamente no mercado do caf\u00e9, as premissas que podemos tirar s\u00e3o de que esse movimento \u00e9 um sinal importante que precisa ser acompanhado, sobretudo para entendermos o posicionamento dos produtores para o pr\u00f3ximo ano, sobretudo visando as antecipa\u00e7\u00f5es. O consumo de fertilizantes para o caf\u00e9 fica na casa de 2,5 milh\u00f5es de toneladas. Enfim, \u00e9 sempre v\u00e1lido olharmos para todas as culturas. As regionalidades do Brasil precisam ser entendidas\u201d, conclui.<\/p>\n<\/p><\/div>\n<\/p><\/div>\n<p><script data-cfasync=\"false\">\n    !function (f, b, e, v, n, t, s) {\n        if (f.fbq) return; n = f.fbq = function () {\n            n.callMethod ?\n                n.callMethod.apply(n, arguments) : n.queue.push(arguments)\n        };\n        if (!f._fbq) f._fbq = n; n.push = n; n.loaded = !0; n.version = '2.0';\n        n.queue = []; t = b.createElement(e); t.async = !0;\n        t.src = v; s = b.getElementsByTagName(e)[0];\n        s.parentNode.insertBefore(t, s)\n    }(window, document, 'script',\n        'https:\/\/connect.facebook.net\/en_US\/fbevents.js');\n    fbq('init', '522546078623747');\n    fbq('track', 'PageView');\n<\/script><br \/>\n<br \/><br \/>\n<br \/><a href=\"https:\/\/www.agrolink.com.br\/noticias\/cafe-arabica--tendencia-de-alta-aquece-mercado-de-insumos_496898.html\">Source link <\/a><\/p>\n","protected":false},"excerpt":{"rendered":"<p>&#13; O valor de troca entre a saca de caf\u00e9 e a tonelada de KCl atingiu o melhor n\u00edvel&#13; &#13;<\/p>\n","protected":false},"author":1,"featured_media":5184,"comment_status":"open","ping_status":"open","sticky":false,"template":"","format":"standard","meta":{"_monsterinsights_skip_tracking":false,"_monsterinsights_sitenote_active":false,"_monsterinsights_sitenote_note":"","_monsterinsights_sitenote_category":0,"_uf_show_specific_survey":0,"_uf_disable_surveys":false,"footnotes":""},"categories":[8,1,14],"tags":[],"class_list":["post-5183","post","type-post","status-publish","format-standard","has-post-thumbnail","hentry","category-agro","category-news","category-politica-agro"],"_links":{"self":[{"href":"https:\/\/agromt.news\/index.php?rest_route=\/wp\/v2\/posts\/5183"}],"collection":[{"href":"https:\/\/agromt.news\/index.php?rest_route=\/wp\/v2\/posts"}],"about":[{"href":"https:\/\/agromt.news\/index.php?rest_route=\/wp\/v2\/types\/post"}],"author":[{"embeddable":true,"href":"https:\/\/agromt.news\/index.php?rest_route=\/wp\/v2\/users\/1"}],"replies":[{"embeddable":true,"href":"https:\/\/agromt.news\/index.php?rest_route=%2Fwp%2Fv2%2Fcomments&post=5183"}],"version-history":[{"count":0,"href":"https:\/\/agromt.news\/index.php?rest_route=\/wp\/v2\/posts\/5183\/revisions"}],"wp:featuredmedia":[{"embeddable":true,"href":"https:\/\/agromt.news\/index.php?rest_route=\/wp\/v2\/media\/5184"}],"wp:attachment":[{"href":"https:\/\/agromt.news\/index.php?rest_route=%2Fwp%2Fv2%2Fmedia&parent=5183"}],"wp:term":[{"taxonomy":"category","embeddable":true,"href":"https:\/\/agromt.news\/index.php?rest_route=%2Fwp%2Fv2%2Fcategories&post=5183"},{"taxonomy":"post_tag","embeddable":true,"href":"https:\/\/agromt.news\/index.php?rest_route=%2Fwp%2Fv2%2Ftags&post=5183"}],"curies":[{"name":"wp","href":"https:\/\/api.w.org\/{rel}","templated":true}]}}