{"id":5095,"date":"2024-11-17T11:04:53","date_gmt":"2024-11-17T15:04:53","guid":{"rendered":"https:\/\/agromt.news\/?p=5095"},"modified":"2024-11-17T11:04:53","modified_gmt":"2024-11-17T15:04:53","slug":"frente-fria-e-ciclone-trazem-temporais-e-chuva-de-ate-200-mm-na-semana-veja-onde","status":"publish","type":"post","link":"https:\/\/agromt.news\/?p=5095","title":{"rendered":"Frente fria e ciclone trazem temporais e chuva de at\u00e9 200 mm na semana; veja onde"},"content":{"rendered":"<p> <br \/>\n<br \/><img decoding=\"async\" src=\"https:\/\/agromt.news\/wp-content\/uploads\/2024\/11\/Frente-fria-e-ciclone-trazem-temporais-e-chuva-de-ate.jpg\" \/><\/p>\n<div>\n<p>A semana de 18 a 23 de novembro ser\u00e1 marcada por temporais e chuvas significativas em diversas regi\u00f5es do Brasil. A forma\u00e7\u00e3o de ciclone deve impactar o trabalho no campo e causar aten\u00e7\u00e3o em \u00e1reas suscet\u00edveis a alagamentos e deslizamentos. Confira a seguir  previs\u00e3o do tempo em todas as regi\u00f5es do pa\u00eds.<\/p>\n<h2 class=\"wp-block-heading\" id=\"h-sul\"><strong>Sul<\/strong><\/h2>\n<p>A semana come\u00e7a com uma <strong><a href=\"http:\/\/www.canalrural.com.br\/tag\/frente-fria\/\">frente fria<\/a><\/strong> avan\u00e7ando sobre o Rio Grande do Sul, trazendo temporais com rajadas de vento acima de 60 km\/h e queda de granizo. <\/p>\n<p>A partir de quinta-feira (21), um <strong>ciclone extratropical <\/strong>pr\u00f3ximo \u00e0 costa deve intensificar os acumulados de chuva no estado e em Santa Catarina. Os volumes podem ultrapassar 200 mm na faixa leste do Rio Grande do Sul e sudeste catarinense, gerando risco de alagamentos e deslizamentos. <\/p>\n<p>Outras \u00e1reas do Rio Grande do Sul e de Santa Catarina devem registrar acumulados de 40 a 70 mm, beneficiando produtores do oeste. <\/p>\n<p>No Paran\u00e1, a chuva mais moderada, entre 20 e 40 mm, ajudar\u00e1 a manter a umidade do solo sem prejudicar o campo.<\/p>\n<h2 class=\"wp-block-heading\" id=\"h-sudeste\"><strong>Sudeste<\/strong><\/h2>\n<p>Os quatro estados da regi\u00e3o ter\u00e3o <strong>chuva ao longo da semana<\/strong>, com acumulados moderados. No sudeste de Minas Gerais, o volume pode atingir 50 mm em 24 horas, elevando o <strong>risco de alagamentos e deslizamentos<\/strong>.<\/p>\n<p>Entre sexta-feira (22) e s\u00e1bado (23), o avan\u00e7o de um <strong>ciclone <\/strong>extratropical deve levar <strong>tempo severo <\/strong>ao leste de S\u00e3o Paulo, Rio de Janeiro, leste de Minas Gerais e Esp\u00edrito Santo. <\/p>\n<p>Rajadas de vento acima de 70 km\/h e <strong>granizo <\/strong>podem danificar lavouras em desenvolvimento, incluindo cafezais em fase de florada.<\/p>\n<\/div>\n<div>\n<h2 class=\"wp-block-heading\" id=\"h-centro-oeste\"><strong>Centro-Oeste<\/strong><\/h2>\n<p>Os estados da regi\u00e3o ter\u00e3o <strong>chuvas regulares <\/strong>ao longo da semana, com acumulados entre 40 e 80 mm. A umidade do solo ser\u00e1 mantida, favorecendo as opera\u00e7\u00f5es no campo. <\/p>\n<p>H\u00e1, no entanto, previs\u00e3o de <strong>temporais com rajadas de vento entre 40 e 60 km\/h<\/strong>, o que pode causar danos \u00e0s lavouras e alta atividade el\u00e9trica, com muitos raios.<\/p>\n<h2 class=\"wp-block-heading\" id=\"h-nordeste\"><strong>Nordeste<\/strong><\/h2>\n<p>Os acumulados mais significativos, de <strong>at\u00e9 100 mm em cinco dias<\/strong>, devem ocorrer no oeste e centro-sul da Bahia, centro-sul do Maranh\u00e3o e do Piau\u00ed. Essas chuvas ajudar\u00e3o na reposi\u00e7\u00e3o da umidade do solo e na implementa\u00e7\u00e3o da safra 2024\/2025.<\/p>\n<p>Nas \u00e1reas do nordeste baiano, interior de Pernambuco e na faixa litor\u00e2nea leste, os volumes devem ser mais baixos, com acumulados de apenas 10 mm. <\/p>\n<p>A semana ser\u00e1 quente e seca nessas regi\u00f5es, com <strong>m\u00e1ximas de at\u00e9 35 \u00b0C,<\/strong> elevando o risco de inc\u00eandios.<\/p>\n<h2 class=\"wp-block-heading\" id=\"h-norte\"><strong>Norte<\/strong><\/h2>\n<p>A regi\u00e3o ter\u00e1 chuvas em todas as \u00e1reas, com <strong>temporais <\/strong>no Amazonas, Acre, Rond\u00f4nia, sul do Par\u00e1 e Tocantins. Os acumulados podem variar entre <strong>80 e 100 mm <\/strong>nesses estados, ajudando a recuperar pastagens e manter a umidade do solo.<\/p>\n<p>Nas \u00e1reas do extremo norte do Par\u00e1 e Amap\u00e1, a semana ser\u00e1 mais \u00famida, com volumes pr\u00f3ximos a 15 mm. <\/p>\n<p>Os rios seguem em recupera\u00e7\u00e3o, mas ainda est\u00e3o abaixo do n\u00edvel normal. A previs\u00e3o \u00e9 de regulariza\u00e7\u00e3o at\u00e9 o fim de dezembro ou in\u00edcio de janeiro de 2025.<\/p>\n<\/p><\/div>\n<p><br \/>\n<br \/><a href=\"https:\/\/www.canalrural.com.br\/tempo\/frente-fria-e-ciclone-trazem-temporais-e-chuva-de-ate-200-mm-na-semana-veja-onde\/\">Source link <\/a><\/p>\n","protected":false},"excerpt":{"rendered":"<p>A semana de 18 a 23 de novembro ser\u00e1 marcada por temporais e chuvas significativas em diversas regi\u00f5es do Brasil.<\/p>\n","protected":false},"author":1,"featured_media":5096,"comment_status":"open","ping_status":"open","sticky":false,"template":"","format":"standard","meta":{"_monsterinsights_skip_tracking":false,"_monsterinsights_sitenote_active":false,"_monsterinsights_sitenote_note":"","_monsterinsights_sitenote_category":0,"_uf_show_specific_survey":0,"_uf_disable_surveys":false,"footnotes":""},"categories":[1],"tags":[],"class_list":["post-5095","post","type-post","status-publish","format-standard","has-post-thumbnail","hentry","category-news"],"_links":{"self":[{"href":"https:\/\/agromt.news\/index.php?rest_route=\/wp\/v2\/posts\/5095"}],"collection":[{"href":"https:\/\/agromt.news\/index.php?rest_route=\/wp\/v2\/posts"}],"about":[{"href":"https:\/\/agromt.news\/index.php?rest_route=\/wp\/v2\/types\/post"}],"author":[{"embeddable":true,"href":"https:\/\/agromt.news\/index.php?rest_route=\/wp\/v2\/users\/1"}],"replies":[{"embeddable":true,"href":"https:\/\/agromt.news\/index.php?rest_route=%2Fwp%2Fv2%2Fcomments&post=5095"}],"version-history":[{"count":0,"href":"https:\/\/agromt.news\/index.php?rest_route=\/wp\/v2\/posts\/5095\/revisions"}],"wp:featuredmedia":[{"embeddable":true,"href":"https:\/\/agromt.news\/index.php?rest_route=\/wp\/v2\/media\/5096"}],"wp:attachment":[{"href":"https:\/\/agromt.news\/index.php?rest_route=%2Fwp%2Fv2%2Fmedia&parent=5095"}],"wp:term":[{"taxonomy":"category","embeddable":true,"href":"https:\/\/agromt.news\/index.php?rest_route=%2Fwp%2Fv2%2Fcategories&post=5095"},{"taxonomy":"post_tag","embeddable":true,"href":"https:\/\/agromt.news\/index.php?rest_route=%2Fwp%2Fv2%2Ftags&post=5095"}],"curies":[{"name":"wp","href":"https:\/\/api.w.org\/{rel}","templated":true}]}}