{"id":5093,"date":"2024-11-17T10:33:01","date_gmt":"2024-11-17T14:33:01","guid":{"rendered":"https:\/\/agromt.news\/?p=5093"},"modified":"2024-11-17T10:33:01","modified_gmt":"2024-11-17T14:33:01","slug":"grupo-pede-ao-g20-gestao-sustentavel-dos-oceanos","status":"publish","type":"post","link":"https:\/\/agromt.news\/?p=5093","title":{"rendered":"grupo pede ao G20 gest\u00e3o sustent\u00e1vel dos oceanos"},"content":{"rendered":"<p> <br \/>\n<\/p>\n<div>\n<p>A C\u00fapula do Oceans 20 (O20) divulgou neste s\u00e1bado (16), no Museu do Amanh\u00e3, no Rio de Janeiro, um documento com sete recomenda\u00e7\u00f5es aos l\u00edderes do <strong>G20<\/strong>. <\/p>\n<p>O texto final resume os principais pontos discutidos ao longo do ano, com foco na gest\u00e3o sustent\u00e1vel dos oceanos e no desenvolvimento da chamada economia azul.<\/p>\n<p>As sete recomenda\u00e7\u00f5es s\u00e3o: <\/p>\n<\/div>\n<div>\n<ul class=\"wp-block-list\">\n<li>garantir um oceano limpo, saud\u00e1vel e produtivo; <\/li>\n<li>expandir sistemas alimentares aqu\u00e1ticos sustent\u00e1veis; <\/li>\n<li>aumentar a energia e\u00f3lica <em>offshore<\/em>; <\/li>\n<li>melhorar a governan\u00e7a mar\u00edtima para um transporte mar\u00edtimo sustent\u00e1vel; <\/li>\n<li>incentivar as finan\u00e7as oce\u00e2nicas; <\/li>\n<li>melhorar a seguran\u00e7a mar\u00edtima; e <\/li>\n<li>fortalecer a coordena\u00e7\u00e3o global sobre os oceanos.<\/li>\n<\/ul>\n<p>\u201cAs transforma\u00e7\u00f5es todas que estamos mirando neste G20 passam necessariamente pelo combate \u00e0s desigualdades. E, nessa abordagem, precisamos considerar como as comunidades que vivem do oceano tiram seus meios de renda. E lutar para que tenham uma vida mais feliz, saud\u00e1vel e com mais qualidade\u201d, disse Cristina Reis, representante do Minist\u00e9rio da Fazenda.<\/p>\n<figure class=\"wp-block-image size-large\"><img fetchpriority=\"high\" decoding=\"async\" width=\"1024\" height=\"613\" alt=\"\" class=\"wp-image-4076749\"  data-lazy- src=\"https:\/\/agromt.news\/wp-content\/uploads\/2024\/11\/grupo-pede-ao-G20-gestao-sustentavel-dos-oceanos.png\"\/><img decoding=\"async\" width=\"1024\" height=\"613\" src=\"https:\/\/agromt.news\/wp-content\/uploads\/2024\/11\/grupo-pede-ao-G20-gestao-sustentavel-dos-oceanos.png\" alt=\"\" class=\"wp-image-4076749\"  \/><figcaption class=\"wp-element-caption\">Foto: Fernando Fraz\u00e3o\/Ag\u00eancia Brasil<\/figcaption><\/figure>\n<p>O O20 teve a participa\u00e7\u00e3o de representantes dos pa\u00edses do G20, entidades da sociedade civil, pesquisadores, corpora\u00e7\u00f5es globais e outros grupos interessados no futuro dos oceanos. O grupo foi criado pela presid\u00eancia brasileira do G20 como um desdobramento dos esfor\u00e7os liderados pelos ciclos anteriores na Indon\u00e9sia e na \u00cdndia.<\/p>\n<p>O evento no Brasil foi coordenado pela C\u00e1tedra Unesco para a Sustentabilidade do Oceano da Universidade de S\u00e3o Paulo, em colabora\u00e7\u00e3o com o F\u00f3rum Econ\u00f4mico Mundial, o Pacto Global da ONU \u2013 Rede Brasil e Ocean Stewardship Coalition \u2013, o Fundo Brasileiro para a Biodiversidade e o Instituto Nacional de Pesquisas Oce\u00e2nicas.<\/p>\n<\/p><\/div>\n<p><br \/>\n<br \/><a href=\"https:\/\/www.canalrural.com.br\/sustentabilidade\/oceans-20-grupo-pede-ao-g20-gestao-sustentavel-dos-oceanos\/\">Source link <\/a><\/p>\n","protected":false},"excerpt":{"rendered":"<p>A C\u00fapula do Oceans 20 (O20) divulgou neste s\u00e1bado (16), no Museu do Amanh\u00e3, no Rio de Janeiro, um documento<\/p>\n","protected":false},"author":1,"featured_media":5094,"comment_status":"open","ping_status":"open","sticky":false,"template":"","format":"standard","meta":{"_monsterinsights_skip_tracking":false,"_monsterinsights_sitenote_active":false,"_monsterinsights_sitenote_note":"","_monsterinsights_sitenote_category":0,"_uf_show_specific_survey":0,"_uf_disable_surveys":false,"footnotes":""},"categories":[1],"tags":[],"class_list":["post-5093","post","type-post","status-publish","format-standard","has-post-thumbnail","hentry","category-news"],"_links":{"self":[{"href":"https:\/\/agromt.news\/index.php?rest_route=\/wp\/v2\/posts\/5093"}],"collection":[{"href":"https:\/\/agromt.news\/index.php?rest_route=\/wp\/v2\/posts"}],"about":[{"href":"https:\/\/agromt.news\/index.php?rest_route=\/wp\/v2\/types\/post"}],"author":[{"embeddable":true,"href":"https:\/\/agromt.news\/index.php?rest_route=\/wp\/v2\/users\/1"}],"replies":[{"embeddable":true,"href":"https:\/\/agromt.news\/index.php?rest_route=%2Fwp%2Fv2%2Fcomments&post=5093"}],"version-history":[{"count":0,"href":"https:\/\/agromt.news\/index.php?rest_route=\/wp\/v2\/posts\/5093\/revisions"}],"wp:featuredmedia":[{"embeddable":true,"href":"https:\/\/agromt.news\/index.php?rest_route=\/wp\/v2\/media\/5094"}],"wp:attachment":[{"href":"https:\/\/agromt.news\/index.php?rest_route=%2Fwp%2Fv2%2Fmedia&parent=5093"}],"wp:term":[{"taxonomy":"category","embeddable":true,"href":"https:\/\/agromt.news\/index.php?rest_route=%2Fwp%2Fv2%2Fcategories&post=5093"},{"taxonomy":"post_tag","embeddable":true,"href":"https:\/\/agromt.news\/index.php?rest_route=%2Fwp%2Fv2%2Ftags&post=5093"}],"curies":[{"name":"wp","href":"https:\/\/api.w.org\/{rel}","templated":true}]}}