{"id":5085,"date":"2024-11-16T19:29:33","date_gmt":"2024-11-16T23:29:33","guid":{"rendered":"https:\/\/agromt.news\/?p=5085"},"modified":"2024-11-16T19:29:33","modified_gmt":"2024-11-16T23:29:33","slug":"primeira-dama-janja-xinga-empresario-elon-musk-que-responde-a-ofensa","status":"publish","type":"post","link":"https:\/\/agromt.news\/?p=5085","title":{"rendered":"Primeira-dama Janja xinga empres\u00e1rio Elon Musk, que responde \u00e0 ofensa"},"content":{"rendered":"<p> <br \/>\n<\/p>\n<div>\n<p>O painel Cria G20, que busca conectar pautas da sociedade civil aos debates propostos no encontro do G20 (grupo que re\u00fane as 20 maiores economias do mundo), foi palco de um momento inusitado neste s\u00e1bado (16) quando a primeira-dama, Ros\u00e2ngela da Silva, a Janja, foi convidada a falar e ofendeu o empres\u00e1rio norte-americano Elon Musk, que posteriormente respondeu em coment\u00e1rio no \u201cX\u201d, antigo Twitter, rede social da qual \u00e9 o propriet\u00e1rio.<\/p>\n<h2 class=\"wp-block-heading\" id=\"h-entenda-como-foi\">Entenda como foi<\/h2>\n<figure class=\"wp-block-embed is-type-rich is-provider-twitter wp-block-embed-twitter\"\/>\n<p>No discurso de improviso, ela falou dos desafios do governo federal em socorrer as v\u00edtimas das enchentes de maio deste ano no <strong><a href=\"https:\/\/www.canalrural.com.br\/nacional\/rio-grande-do-sul\/\">Rio Grande do Sul<\/a><\/strong> e, tamb\u00e9m, em combater a desinforma\u00e7\u00e3o que surgiu \u00e0 \u00e9poca. \u201cPessoas arriscaram a vida de pessoas\u201d, considerou. <\/p>\n<p>Ao ter a fala interrompida por um barulho agudo, aparentemente de microfonia, disse em tom de brincadeira que se tratava de Elon Musk tentando silenci\u00e1-la. \u201cN\u00e3o tenho medo de voc\u00ea! Inclusive, fuck you, Elon Musk\u201d. A express\u00e3o em ingl\u00eas \u00e9 semelhante ao \u201cv\u00e1 se f\u2026\u201d do portugu\u00eas. <\/p>\n<h2 class=\"wp-block-heading\" id=\"h-resposta-de-musk\">Resposta de Musk<\/h2>\n<figure class=\"wp-block-image size-large\"><img fetchpriority=\"high\" decoding=\"async\" width=\"640\" height=\"480\" alt=\"Elon Musk, Amazonia, Brasil, Twitter\" class=\"wp-image-2895637\"  data-lazy- src=\"https:\/\/agromt.news\/wp-content\/uploads\/2024\/11\/Primeira-dama-Janja-xinga-empresario-Elon-Musk-que-responde-a-ofensa.jpg\"\/><img decoding=\"async\" width=\"640\" height=\"480\" src=\"https:\/\/agromt.news\/wp-content\/uploads\/2024\/11\/Primeira-dama-Janja-xinga-empresario-Elon-Musk-que-responde-a-ofensa.jpg\" alt=\"Elon Musk, Amazonia, Brasil, Twitter\" class=\"wp-image-2895637\"  \/><figcaption class=\"wp-element-caption\">Elon Musk. Foto: Divulga\u00e7\u00e3o\/SpaceX<\/figcaption><\/figure>\n<p>Em coment\u00e1rio sobre o v\u00eddeo que retrata o ocorrido, Musk respondeu com emojis de gargalhadas e disse que o atual governo perder\u00e1 a pr\u00f3xima elei\u00e7\u00e3o.<\/p>\n<p>Como pano de fundo do xingamento de Janja est\u00e1 o fato da rede social \u201cX\u201d ser frequentemente acusada de disseminar not\u00edcias falsas indiscrimidamante. <\/p>\n<\/div>\n<div>\n<p>\u201cA gente falou da regulamenta\u00e7\u00e3o das redes sociais, das plataformas. Sempre tenho falado que n\u00e3o \u00e9 uma quest\u00e3o local, se a gente n\u00e3o fizer essa discuss\u00e3o de uma forma global, a gente n\u00e3o vai conseguir vencer. N\u00e3o adianta ter leis no Brasil \u2013 e sabemos que est\u00e1 dif\u00edcil de acontecer, a gente sabe todos os empecilhos \u2013 se a gente n\u00e3o discutir essa quest\u00e3o de forma global\u201d, disse a primeira-dama.  <\/p>\n<p>No final de 2023, Janja teve sua conta do X kackeada por algu\u00e9m que passou a publicar ofensas machistas contra ela, bem como men\u00e7\u00f5es ao esc\u00e2ndalo do mensal\u00e3o e aos ministros do Superior Tribunal Federal (STF). A primeira-dama possui cerca de 1,2 milh\u00f5es de seguidores na rede social. <\/p>\n<p>Elon Musk foi recentemente anunciado como chefe do novo Departamento de Efici\u00eancia Governamental do governo de Donald Trump, que se inicia em janeiro de 2025. <\/p>\n<p>O empres\u00e1rio foi no per\u00edodo de campanha um dos maiores apoiadores e financiadores do presidente rec\u00e9m-eleito.<\/p>\n<\/p><\/div>\n<p><br \/>\n<br \/><a href=\"https:\/\/www.canalrural.com.br\/politica\/primeira-dama-janja-xinga-empresario-elon-musk-que-responde-a-ofensa\/\">Source link <\/a><\/p>\n","protected":false},"excerpt":{"rendered":"<p>O painel Cria G20, que busca conectar pautas da sociedade civil aos debates propostos no encontro do G20 (grupo que<\/p>\n","protected":false},"author":1,"featured_media":5086,"comment_status":"open","ping_status":"open","sticky":false,"template":"","format":"standard","meta":{"_monsterinsights_skip_tracking":false,"_monsterinsights_sitenote_active":false,"_monsterinsights_sitenote_note":"","_monsterinsights_sitenote_category":0,"_uf_show_specific_survey":0,"_uf_disable_surveys":false,"footnotes":""},"categories":[1],"tags":[],"class_list":["post-5085","post","type-post","status-publish","format-standard","has-post-thumbnail","hentry","category-news"],"_links":{"self":[{"href":"https:\/\/agromt.news\/index.php?rest_route=\/wp\/v2\/posts\/5085"}],"collection":[{"href":"https:\/\/agromt.news\/index.php?rest_route=\/wp\/v2\/posts"}],"about":[{"href":"https:\/\/agromt.news\/index.php?rest_route=\/wp\/v2\/types\/post"}],"author":[{"embeddable":true,"href":"https:\/\/agromt.news\/index.php?rest_route=\/wp\/v2\/users\/1"}],"replies":[{"embeddable":true,"href":"https:\/\/agromt.news\/index.php?rest_route=%2Fwp%2Fv2%2Fcomments&post=5085"}],"version-history":[{"count":0,"href":"https:\/\/agromt.news\/index.php?rest_route=\/wp\/v2\/posts\/5085\/revisions"}],"wp:featuredmedia":[{"embeddable":true,"href":"https:\/\/agromt.news\/index.php?rest_route=\/wp\/v2\/media\/5086"}],"wp:attachment":[{"href":"https:\/\/agromt.news\/index.php?rest_route=%2Fwp%2Fv2%2Fmedia&parent=5085"}],"wp:term":[{"taxonomy":"category","embeddable":true,"href":"https:\/\/agromt.news\/index.php?rest_route=%2Fwp%2Fv2%2Fcategories&post=5085"},{"taxonomy":"post_tag","embeddable":true,"href":"https:\/\/agromt.news\/index.php?rest_route=%2Fwp%2Fv2%2Ftags&post=5085"}],"curies":[{"name":"wp","href":"https:\/\/api.w.org\/{rel}","templated":true}]}}