{"id":5083,"date":"2024-11-16T18:27:31","date_gmt":"2024-11-16T22:27:31","guid":{"rendered":"https:\/\/agromt.news\/?p=5083"},"modified":"2024-11-16T18:27:31","modified_gmt":"2024-11-16T22:27:31","slug":"precos-do-boi-gordo-ainda-terao-alta-nesta-semana-analista-responde","status":"publish","type":"post","link":"https:\/\/agromt.news\/?p=5083","title":{"rendered":"Pre\u00e7os do boi gordo ainda ter\u00e3o alta nesta semana? Analista responde"},"content":{"rendered":"<p> <br \/>\n<\/p>\n<div>\n<p>O mercado f\u00edsico do boi gordo manteve a trajet\u00f3ria de pre\u00e7os aquecidos para a arroba ao longo da semana. <\/p>\n<p>De acordo com o analista de Safras &amp; Mercado Fernando Iglesias, o fator cambial, com a desvaloriza\u00e7\u00e3o do d\u00f3lar frente ao real, contribuiu para que os frigor\u00edficos permanecessem agressivos no mercado, cen\u00e1rio que reflete o instenso ritmo de embarques registrado nas \u00faltimas semanas.<\/p>\n<p>Conforme ele, o ambiente de neg\u00f3cios ainda sugere pela <strong>alta das cota\u00e7\u00f5es<\/strong> no curto prazo, considerando a atual posi\u00e7\u00e3o das escalas de abate, bastante apertadas neste momento, posicionadas entre quatro e cinco dias \u00fateis na m\u00e9dia nacional.<\/p>\n<h2 class=\"wp-block-heading\" id=\"h-precos-medios-da-arroba-do-boi\">Pre\u00e7os m\u00e9dios da arroba do boi<\/h2>\n<pre class=\"wp-block-code\"><code>Os pre\u00e7os m\u00e9dios da arroba do boi gordo na modalidade a prazo nas principais pra\u00e7as de comercializa\u00e7\u00e3o do pa\u00eds estavam assim no dia <strong><a href=\"https:\/\/www.canalrural.com.br\/pecuaria\/confira-as-cotacoes-medias-da-arroba-do-boi-nesta-vespera-de-feriado\/\">14 de novembro (v\u00e9spera do feriado)<\/a><\/strong>:<\/code><\/pre>\n<ul class=\"wp-block-list\">\n<li><strong>S\u00e3o Paulo (Capital):<\/strong> R$ 339,42, alta de 2,8% frente aos R$ 330 registrados na semana passada<\/li>\n<li><strong>Goi\u00e1s (Goi\u00e2nia):<\/strong> R$ 331,43, avan\u00e7o de 3,5% perante os R$ 320 praticados na \u00faltima semana<\/li>\n<li><strong>Minas Gerais (Uberaba):<\/strong> R$ 329,41, aumento de 2,9% em rela\u00e7\u00e3o aos R$ 320 da semana passada<\/li>\n<li><strong>Mato Grosso do Sul (Dourados):<\/strong> R$ 325,68 a arroba, alta de 1,7% contra os R$ 320 da semana anterior<\/li>\n<li><strong>Mato Grosso (Cuiab\u00e1):<\/strong> R$ R$ 314,59, est\u00e1vel frente \u00e0 \u00faltima semana<\/li>\n<li><strong>Rond\u00f4nia (Vilhena):<\/strong> R$ 305, inalterado frente \u00e0 semana passada<\/li>\n<\/ul>\n<h2 class=\"wp-block-heading\" id=\"h-mercado-atacadista\">Mercado atacadista<\/h2>\n<figure class=\"wp-block-image size-full\"><img fetchpriority=\"high\" decoding=\"async\" width=\"640\" height=\"419\" alt=\"carne bovina - exporta\u00e7\u00f5es\" class=\"wp-image-2931223\"  data-lazy- src=\"https:\/\/agromt.news\/wp-content\/uploads\/2024\/08\/Precos-do-boi-gordo-seguem-em-alta-veja-cotacoes-do.jpg\"\/><img decoding=\"async\" width=\"640\" height=\"419\" src=\"https:\/\/agromt.news\/wp-content\/uploads\/2024\/08\/Precos-do-boi-gordo-seguem-em-alta-veja-cotacoes-do.jpg\" alt=\"carne bovina - exporta\u00e7\u00f5es\" class=\"wp-image-2931223\"  \/><figcaption class=\"wp-element-caption\">Foto: Wenderson Araujo\/CNA<\/figcaption><\/figure>\n<p>O mercado atacadista, por sua vez, apresentou pre\u00e7os acomodados no decorrer da semana. Contudo, o ambiente de neg\u00f3cios ainda sugere pela eleva\u00e7\u00e3o no curto prazo, em linha com a boa demanda ao longo da primeira quinzena do m\u00eas.<\/p>\n<\/div>\n<div>\n<p>Iglesias ressalta que a carne de frango tende a ganhar competitividade no restante da temporada, consequ\u00eancia do baixo poder de compra da popula\u00e7\u00e3o brasileira para a aquisi\u00e7\u00e3o de cortes bovinos.<\/p>\n<p>O quarto traseiro foi precificado a R$ 24,00 por quilo, est\u00e1vel frente \u00e0 semana passada. O quarto do dianteiro foi cotado a R$ 19,50 por quilo, tamb\u00e9m inalterado frente \u00e0 \u00faltima semana.<\/p>\n<h2 class=\"wp-block-heading\" id=\"h-exportacoes-de-carne\">Exporta\u00e7\u00f5es de carne<\/h2>\n<p>As exporta\u00e7\u00f5es de carne bovina fresca, congelada ou refrigerada do Brasil renderam US$ 354,554 milh\u00f5es em novembro (6 dias \u00fateis), com m\u00e9dia di\u00e1ria de US$ 59,092 milh\u00f5es, de acordo com a Secretaria de Com\u00e9rcio Exterior (Secex). <\/p>\n<p>A quantidade total exportada pelo pa\u00eds chegou a 73,522 mil toneladas, com m\u00e9dia di\u00e1ria de 12,253 mil toneladas. O pre\u00e7o m\u00e9dio da tonelada ficou em US$ 4.822,40.<\/p>\n<p>Em rela\u00e7\u00e3o a novembro de 2023, houve alta de 36,9% no valor m\u00e9dio di\u00e1rio da exporta\u00e7\u00e3o, ganho de 30,4% na quantidade m\u00e9dia di\u00e1ria exportada e avan\u00e7o de 5,0% no pre\u00e7o m\u00e9dio.<\/p>\n<\/p><\/div>\n<p><br \/>\n<br \/><a href=\"https:\/\/www.canalrural.com.br\/pecuaria\/precos-do-boi-gordo-ainda-terao-alta-nesta-semana-analista-responde\/\">Source link <\/a><\/p>\n","protected":false},"excerpt":{"rendered":"<p>O mercado f\u00edsico do boi gordo manteve a trajet\u00f3ria de pre\u00e7os aquecidos para a arroba ao longo da semana. De<\/p>\n","protected":false},"author":1,"featured_media":2033,"comment_status":"open","ping_status":"open","sticky":false,"template":"","format":"standard","meta":{"_monsterinsights_skip_tracking":false,"_monsterinsights_sitenote_active":false,"_monsterinsights_sitenote_note":"","_monsterinsights_sitenote_category":0,"_uf_show_specific_survey":0,"_uf_disable_surveys":false,"footnotes":""},"categories":[1],"tags":[],"class_list":["post-5083","post","type-post","status-publish","format-standard","has-post-thumbnail","hentry","category-news"],"_links":{"self":[{"href":"https:\/\/agromt.news\/index.php?rest_route=\/wp\/v2\/posts\/5083"}],"collection":[{"href":"https:\/\/agromt.news\/index.php?rest_route=\/wp\/v2\/posts"}],"about":[{"href":"https:\/\/agromt.news\/index.php?rest_route=\/wp\/v2\/types\/post"}],"author":[{"embeddable":true,"href":"https:\/\/agromt.news\/index.php?rest_route=\/wp\/v2\/users\/1"}],"replies":[{"embeddable":true,"href":"https:\/\/agromt.news\/index.php?rest_route=%2Fwp%2Fv2%2Fcomments&post=5083"}],"version-history":[{"count":0,"href":"https:\/\/agromt.news\/index.php?rest_route=\/wp\/v2\/posts\/5083\/revisions"}],"wp:featuredmedia":[{"embeddable":true,"href":"https:\/\/agromt.news\/index.php?rest_route=\/wp\/v2\/media\/2033"}],"wp:attachment":[{"href":"https:\/\/agromt.news\/index.php?rest_route=%2Fwp%2Fv2%2Fmedia&parent=5083"}],"wp:term":[{"taxonomy":"category","embeddable":true,"href":"https:\/\/agromt.news\/index.php?rest_route=%2Fwp%2Fv2%2Fcategories&post=5083"},{"taxonomy":"post_tag","embeddable":true,"href":"https:\/\/agromt.news\/index.php?rest_route=%2Fwp%2Fv2%2Ftags&post=5083"}],"curies":[{"name":"wp","href":"https:\/\/api.w.org\/{rel}","templated":true}]}}