{"id":5066,"date":"2024-11-16T10:35:36","date_gmt":"2024-11-16T14:35:36","guid":{"rendered":"https:\/\/agromt.news\/?p=5066"},"modified":"2024-11-16T10:35:36","modified_gmt":"2024-11-16T14:35:36","slug":"veja-o-que-pescadores-devem-fazer-para-evitar-penalidades","status":"publish","type":"post","link":"https:\/\/agromt.news\/?p=5066","title":{"rendered":"veja o que pescadores devem fazer para evitar penalidades"},"content":{"rendered":"<p> <br \/>\n<br \/><img decoding=\"async\" src=\"https:\/\/agromt.news\/wp-content\/uploads\/2024\/11\/veja-o-que-pescadores-devem-fazer-para-evitar-penalidades.webp.webp\" \/><\/p>\n<div>\n<p>Come\u00e7a a valer, a partir deste m\u00eas de novembro, a restri\u00e7\u00e3o de pesca de peixes nativos nas bacias hidrogr\u00e1ficas de Minas Gerais devido ao per\u00edodo da piracema (per\u00edodo de reprodu\u00e7\u00e3o dos peixes). <\/p>\n<p>Nesta \u00e9poca do ano ocorre o movimento de v\u00e1rias esp\u00e9cies de peixes em dire\u00e7\u00e3o \u00e0s cabeceiras dos rios com o objetivo de continuidade do ciclo reprodutivo.<\/p>\n<p>As restri\u00e7\u00f5es \u00e0 pesca nas bacias hidrogr\u00e1ficas de Minas Gerais seguir\u00e3o at\u00e9 <strong>28 de fevereiro de 2025<\/strong>. A Pol\u00edcia Militar de Minas Gerais (PMMG) e a Secretaria de Estado de Meio Ambiente e Desenvolvimento Sustent\u00e1vel (<a href=\"https:\/\/www.canalrural.com.br\/tag\/semad\/\">Semad<\/a>) realizaram uma coletiva de imprensa para refor\u00e7ar as recomenda\u00e7\u00f5es deste per\u00edodo.<\/p>\n<h2 class=\"wp-block-heading\" id=\"h-regras-da-piracema\">Regras da piracema<\/h2>\n<p>Durante a piracema, a pesca s\u00f3 \u00e9 permitida para esp\u00e9cies ex\u00f3ticas (esp\u00e9cies n\u00e3o nativas que foram introduzidas pelo homem) e h\u00edbridas, no limite de tr\u00eas quilos di\u00e1rios mais um exemplar. <\/p>\n<p>Para proteger a reprodu\u00e7\u00e3o dos peixes durante a piracema, a pesca em Minas Gerais deve seguir restri\u00e7\u00f5es de dist\u00e2ncia nas proximidades de pontos espec\u00edficos, como conflu\u00eancias de rios, represas, barragens, lagoas e corredeiras. <\/p>\n<p>Essas \u00e1reas possuem limites m\u00ednimos de pesca a montante (antes) e a jusante (depois) da correnteza para garantir que os peixes alcancem as cabeceiras e completem seu ciclo reprodutivo.<\/p>\n<p>Os equipamentos permitidos durante a piracema s\u00e3o: <\/p>\n<ul class=\"wp-block-list\">\n<li>Linha de m\u00e3o com anzol;<\/li>\n<li>Vara;<\/li>\n<li>Cani\u00e7o simples;<\/li>\n<li>Carretilha ou molinete de pesca<\/li>\n<li>Iscas naturais ou artificiais <\/li>\n<\/ul>\n<\/div>\n<div>\n<h2 class=\"wp-block-heading\" id=\"h-carteira-de-pesca\">Carteira de pesca<\/h2>\n<p>Fica proibido o uso de redes e demais equipamentos que possam capturar diversos esp\u00e9cimes. No entanto, para portar o pescado e os equipamentos de pesca, ainda que em situa\u00e7\u00f5es em que a atividade \u00e9 autorizada, \u00e9 importante que o pescador porte e mantenha atualizada a carteira de pesca.<\/p>\n<p>O documento pode ser obtido a partir do preenchimento do formul\u00e1rio dispon\u00edvel no <a href=\"https:\/\/www.mg.gov.br\/instituicao_unidade\/instituto-estadual-de-florestas-ief\"><strong>site do Instituto Estadual de Florestas\u00a0<\/strong>(<strong>IEF)<\/strong><\/a>. J\u00e1 quem comercializa, explora, industrializa e armazena peixes deve se registrar junto ao IEF. <\/p>\n<p>Os estoques de peixe <em>in natura<\/em>, congelados ou n\u00e3o, provenientes de \u00e1guas continentais, existentes nos frigor\u00edficos, peixarias, col\u00f4nias e associa\u00e7\u00f5es de pescadores, tamb\u00e9m devem ser informados ao \u00f3rg\u00e3o.<\/p>\n<p>A exig\u00eancia incide, ainda, sobre os estoques armazenados por pescadores profissionais, entrepostos, postos de venda, dep\u00f3sitos e c\u00e2maras frias, em posse de feirantes, ambulantes, bares, restaurantes, hot\u00e9is e similares.<\/p>\n<h2 class=\"wp-block-heading\" id=\"h-operacoes-preventivas\"><strong>Opera\u00e7\u00f5es preventivas<\/strong> <\/h2>\n<p>A aten\u00e7\u00e3o da Semad e da Pol\u00edcia Militar ao per\u00edodo da Piracema tem in\u00edcio mesmo antes deste per\u00edodo de defeso. No m\u00eas de outubro, as institui\u00e7\u00f5es iniciaram um trabalho preventivo, com intuito de orientar os pescadores e comerciantes sobre as restri\u00e7\u00f5es.<\/p>\n<p>Exemplo deste cuidado preventivo \u00e9 a Opera\u00e7\u00e3o Col\u00f4nia, coordenada pela Unidade Regional de Fiscaliza\u00e7\u00e3o Central Metropolitana, mas que percorre todo o estado. Acompanhados da Pol\u00edcia Militar, os fiscais v\u00e3o at\u00e9 as col\u00f4nias de pescadores e promovem reuni\u00f5es e palestras. <\/p>\n<p>\u201cO objetivo \u00e9 explicar sobre as regras neste per\u00edodo de restri\u00e7\u00f5es. Com isso, a gente quer evitar a pesca nesse per\u00edodo, que \u00e9 muito danosa ao meio ambiente e evitar as multas tamb\u00e9m, pois se o pescador seguir as regras, n\u00e3o vai sofrer san\u00e7\u00f5es.\u201d, destaca o superintendente de Fiscaliza\u00e7\u00e3o da Semad, Gustavo Endrigo de S\u00e1 Fonseca. <\/p>\n<p><em>*Sob supervis\u00e3o de Victor Faverin<\/em><\/p>\n<hr class=\"wp-block-separator has-alpha-channel-opacity\"\/>\n<p><em>Saiba em primeira m\u00e3o informa\u00e7\u00f5es sobre agricultura, pecu\u00e1ria, economia e previs\u00e3o do tempo. <a href=\"https:\/\/news.google.com\/publications\/CAAqBwgKMPKZlQswq_mqAw?ceid=BR:pt-419&amp;oc=3&amp;hl=pt-BR&amp;gl=BR\"><strong>Siga o Canal Rural no Google News<\/strong><\/a>.<\/em>\n\t<\/div>\n<p><br \/>\n<br \/><a href=\"https:\/\/www.canalrural.com.br\/economia\/piracema-inicia-veja-o-que-pescadores-devem-fazer-para-evitar-penalidades\/\">Source link <\/a><\/p>\n","protected":false},"excerpt":{"rendered":"<p>Come\u00e7a a valer, a partir deste m\u00eas de novembro, a restri\u00e7\u00e3o de pesca de peixes nativos nas bacias hidrogr\u00e1ficas de<\/p>\n","protected":false},"author":1,"featured_media":5067,"comment_status":"open","ping_status":"open","sticky":false,"template":"","format":"standard","meta":{"_monsterinsights_skip_tracking":false,"_monsterinsights_sitenote_active":false,"_monsterinsights_sitenote_note":"","_monsterinsights_sitenote_category":0,"_uf_show_specific_survey":0,"_uf_disable_surveys":false,"footnotes":""},"categories":[1],"tags":[],"class_list":["post-5066","post","type-post","status-publish","format-standard","has-post-thumbnail","hentry","category-news"],"_links":{"self":[{"href":"https:\/\/agromt.news\/index.php?rest_route=\/wp\/v2\/posts\/5066"}],"collection":[{"href":"https:\/\/agromt.news\/index.php?rest_route=\/wp\/v2\/posts"}],"about":[{"href":"https:\/\/agromt.news\/index.php?rest_route=\/wp\/v2\/types\/post"}],"author":[{"embeddable":true,"href":"https:\/\/agromt.news\/index.php?rest_route=\/wp\/v2\/users\/1"}],"replies":[{"embeddable":true,"href":"https:\/\/agromt.news\/index.php?rest_route=%2Fwp%2Fv2%2Fcomments&post=5066"}],"version-history":[{"count":0,"href":"https:\/\/agromt.news\/index.php?rest_route=\/wp\/v2\/posts\/5066\/revisions"}],"wp:featuredmedia":[{"embeddable":true,"href":"https:\/\/agromt.news\/index.php?rest_route=\/wp\/v2\/media\/5067"}],"wp:attachment":[{"href":"https:\/\/agromt.news\/index.php?rest_route=%2Fwp%2Fv2%2Fmedia&parent=5066"}],"wp:term":[{"taxonomy":"category","embeddable":true,"href":"https:\/\/agromt.news\/index.php?rest_route=%2Fwp%2Fv2%2Fcategories&post=5066"},{"taxonomy":"post_tag","embeddable":true,"href":"https:\/\/agromt.news\/index.php?rest_route=%2Fwp%2Fv2%2Ftags&post=5066"}],"curies":[{"name":"wp","href":"https:\/\/api.w.org\/{rel}","templated":true}]}}