{"id":5063,"date":"2024-11-16T08:31:19","date_gmt":"2024-11-16T12:31:19","guid":{"rendered":"https:\/\/agromt.news\/?p=5063"},"modified":"2024-11-16T08:31:19","modified_gmt":"2024-11-16T12:31:19","slug":"terceiro-caso-de-raiva-em-capivaras-no-mundo-e-registrado-no-brasil","status":"publish","type":"post","link":"https:\/\/agromt.news\/?p=5063","title":{"rendered":"Terceiro caso de raiva em capivaras no mundo \u00e9 registrado no Brasil"},"content":{"rendered":"<p> <br \/>\n<\/p>\n<div>\n<p>Tr\u00eas capivaras foram encontradas mortas na Ilha Anchieta, no munic\u00edpio de Ubatuba, litoral de S\u00e3o Paulo, entre dezembro de 2019 e janeiro de 2020. Duas delas apresentaram paralisia das patas traseiras antes de morrerem. An\u00e1lises dos c\u00e9rebros conclu\u00eddas recentemente e realizadas no Instituto Pasteur determinaram a causa da morte: encefalite causada pelo v\u00edrus da raiva.<\/p>\n<p>Este foi o terceiro relato de casos de raiva em capivaras no mundo, e o segundo no Brasil. O caso foi publicado na revista <em>Veterinary Research Communications<\/em>. O estudo, apoiado pela <a href=\"https:\/\/www.canalrural.com.br\/tag\/fapesp\/\">Fapesp<\/a>, tamb\u00e9m detectou que a variante do v\u00edrus encontrada nos tr\u00eas animais \u00e9 a mesma presente em morcegos-vampiros (<em>Desmodus rotundus<\/em>).<\/p>\n<p>\u201cNos \u00faltimos anos, tem-se observado um aumento no n\u00famero de casos relatados de raiva em animais silvestres. Isso possivelmente est\u00e1 relacionado a dist\u00farbios ambientais que desequilibram o ecossistema onde vivem os morcegos\u201d, diz Enio Mori, pesquisador do Instituto Pasteur, \u00f3rg\u00e3o da Secretaria de Estado da Sa\u00fade de S\u00e3o Paulo, e coordenador do estudo.<\/p>\n<h2 class=\"wp-block-heading\" id=\"h-morcegos-sem-abrigo\">Morcegos sem abrigo<\/h2>\n<figure class=\"wp-block-image size-large\"><img fetchpriority=\"high\" decoding=\"async\" width=\"640\" height=\"427\" alt=\"Morcego\" class=\"wp-image-2758283\" src=\"https:\/\/agromt.news\/wp-content\/uploads\/2024\/11\/Terceiro-caso-de-raiva-em-capivaras-no-mundo-e-registrado.jpg\"\/><img decoding=\"async\" width=\"640\" height=\"427\" src=\"https:\/\/agromt.news\/wp-content\/uploads\/2024\/11\/Terceiro-caso-de-raiva-em-capivaras-no-mundo-e-registrado.jpg\" alt=\"Morcego\" class=\"wp-image-2758283\"\/><figcaption class=\"wp-element-caption\">Foto: Secretaria da Agricultura, Pecu\u00e1ria e Desenvolvimento Rural do Rio Grande do Sul<\/figcaption><\/figure>\n<p>Os casos da Ilha Anchieta, um parque estadual no munic\u00edpio de Ubatuba, ocorreram pouco depois de uma reforma nas ru\u00ednas existentes na ilha, em 2019, quando o telhado de uma constru\u00e7\u00e3o foi reformado e os morcegos perderam temporariamente seus abrigos.<\/p>\n<p>\u201cEm momentos como esse, h\u00e1 grande estresse nas col\u00f4nias e muitas brigas entre os morcegos. Com isso, podem passar raiva uns aos outros, aumentando as chances de transmiti-la para os animais silvestres dos quais eles se alimentam, como as capivaras\u201d, conta Mori.<\/p>\n<p>De modo geral, o desmatamento tamb\u00e9m contribui para o aumento dos casos de raiva. A diminui\u00e7\u00e3o do n\u00famero de animais silvestres, que servem como fonte de alimento original para os morcegos-vampiros, faz com que estes busquem outros mam\u00edferos, como animais dom\u00e9sticos ou at\u00e9 mesmo seres humanos, para se alimentarem. Isso aumenta o risco de transmiss\u00e3o da raiva para novos hospedeiros.<\/p>\n<\/div>\n<div>\n<h2 class=\"wp-block-heading\" id=\"h-variantes-do-virus-em-capivaras\"><strong>Variantes<\/strong> do v\u00edrus em capivaras<\/h2>\n<p>As capivaras mortas foram localizadas por funcion\u00e1rios da Funda\u00e7\u00e3o Florestal, respons\u00e1vel pela administra\u00e7\u00e3o do Parque Estadual da Ilha Anchieta. Amostras de seus c\u00e9rebros foram enviadas ao Instituto Pasteur, que integra uma rede de laborat\u00f3rios que realizam diagn\u00f3sticos para vigil\u00e2ncia epidemiol\u00f3gica da raiva, utilizando material enviado pelos centros de controle de zoonoses dos munic\u00edpios.<\/p>\n<p>Primeiro, como prova de triagem, os pesquisadores e t\u00e9cnicos realizaram a detec\u00e7\u00e3o de ant\u00edgenos para o v\u00edrus da raiva no tecido cerebral. Os tr\u00eas casos apresentaram resultado positivo para a raiva.<\/p>\n<p>Em seguida, o isolamento do v\u00edrus foi realizado como teste confirmat\u00f3rio. Uma das amostras estava muito deteriorada, o que impediu a realiza\u00e7\u00e3o desse exame, mas o genoma da part\u00edcula viral p\u00f4de ser sequenciado. Todas as amostras confirmaram a presen\u00e7a da mesma variante encontrada em morcegos-vampiros, indicando uma prov\u00e1vel transmiss\u00e3o pela mordedura.<\/p>\n<p>O \u00fanico outro caso de raiva em capivaras no Brasil foi publicado em 1985. No mundo, outro caso s\u00f3 foi relatado no norte da Argentina, em 2009. Apenas no estudo atual foi feita a tipifica\u00e7\u00e3o da variante viral encontrada.<\/p>\n<h2 class=\"wp-block-heading\" id=\"h-transmissao-aos-humanos\">Transmiss\u00e3o aos humanos<\/h2>\n<p>N\u00e3o existem relatos de casos de raiva humana transmitida por capivaras. No entanto, acidentes em que pessoas foram mordidas por esses animais geralmente causam grandes les\u00f5es. Ainda n\u00e3o se sabe se a saliva das capivaras cont\u00e9m o v\u00edrus, como ocorre com os morcegos, que s\u00e3o reservat\u00f3rios do pat\u00f3geno.<\/p>\n<p>\u201cPor isso, a vigil\u00e2ncia epidemiol\u00f3gica precisa continuar para entender o papel das capivaras no ciclo do v\u00edrus, por exemplo. \u00c9 bem poss\u00edvel que elas sejam hospedeiros finais, que morrem sem transmitir o v\u00edrus para outros animais. Mas, para confirmar isso, precisamos de novos estudos\u201d, atesta o pesquisador.<\/p>\n<hr class=\"wp-block-separator has-alpha-channel-opacity\"\/>\n<p><em>Saiba em primeira m\u00e3o informa\u00e7\u00f5es sobre agricultura, pecu\u00e1ria, economia e previs\u00e3o do tempo. <a href=\"https:\/\/news.google.com\/publications\/CAAqBwgKMPKZlQswq_mqAw?ceid=BR:pt-419&amp;oc=3&amp;hl=pt-BR&amp;gl=BR\"><strong>Siga o Canal Rural no Google News<\/strong><\/a>.<\/em>\n\t<\/div>\n<p><br \/>\n<br \/><a href=\"https:\/\/www.canalrural.com.br\/nacional\/terceiro-caso-de-raiva-em-capivaras-no-mundo-e-registrado-no-brasil\/\">Source link <\/a><\/p>\n","protected":false},"excerpt":{"rendered":"<p>Tr\u00eas capivaras foram encontradas mortas na Ilha Anchieta, no munic\u00edpio de Ubatuba, litoral de S\u00e3o Paulo, entre dezembro de 2019<\/p>\n","protected":false},"author":1,"featured_media":5064,"comment_status":"open","ping_status":"open","sticky":false,"template":"","format":"standard","meta":{"_monsterinsights_skip_tracking":false,"_monsterinsights_sitenote_active":false,"_monsterinsights_sitenote_note":"","_monsterinsights_sitenote_category":0,"_uf_show_specific_survey":0,"_uf_disable_surveys":false,"footnotes":""},"categories":[1],"tags":[],"class_list":["post-5063","post","type-post","status-publish","format-standard","has-post-thumbnail","hentry","category-news"],"_links":{"self":[{"href":"https:\/\/agromt.news\/index.php?rest_route=\/wp\/v2\/posts\/5063"}],"collection":[{"href":"https:\/\/agromt.news\/index.php?rest_route=\/wp\/v2\/posts"}],"about":[{"href":"https:\/\/agromt.news\/index.php?rest_route=\/wp\/v2\/types\/post"}],"author":[{"embeddable":true,"href":"https:\/\/agromt.news\/index.php?rest_route=\/wp\/v2\/users\/1"}],"replies":[{"embeddable":true,"href":"https:\/\/agromt.news\/index.php?rest_route=%2Fwp%2Fv2%2Fcomments&post=5063"}],"version-history":[{"count":0,"href":"https:\/\/agromt.news\/index.php?rest_route=\/wp\/v2\/posts\/5063\/revisions"}],"wp:featuredmedia":[{"embeddable":true,"href":"https:\/\/agromt.news\/index.php?rest_route=\/wp\/v2\/media\/5064"}],"wp:attachment":[{"href":"https:\/\/agromt.news\/index.php?rest_route=%2Fwp%2Fv2%2Fmedia&parent=5063"}],"wp:term":[{"taxonomy":"category","embeddable":true,"href":"https:\/\/agromt.news\/index.php?rest_route=%2Fwp%2Fv2%2Fcategories&post=5063"},{"taxonomy":"post_tag","embeddable":true,"href":"https:\/\/agromt.news\/index.php?rest_route=%2Fwp%2Fv2%2Ftags&post=5063"}],"curies":[{"name":"wp","href":"https:\/\/api.w.org\/{rel}","templated":true}]}}