{"id":5062,"date":"2024-11-16T08:15:26","date_gmt":"2024-11-16T12:15:26","guid":{"rendered":"https:\/\/agromt.news\/?p=5062"},"modified":"2024-11-16T08:15:26","modified_gmt":"2024-11-16T12:15:26","slug":"doencas-foliares-e-restricao-hidrica-geram-alertas-para-produtores-de-feijao","status":"publish","type":"post","link":"https:\/\/agromt.news\/?p=5062","title":{"rendered":"Doen\u00e7as foliares e restri\u00e7\u00e3o h\u00eddrica geram alertas para produtores de feij\u00e3o"},"content":{"rendered":"<p> <br \/>\n<\/p>\n<div>\n<p style=\"text-align:justify\">Segundo o\u00a0Informativo Conjuntural divulgado pela Emater\/RS nesta quinta-feira (14), o cultivo do feij\u00e3o de primeira safra\u00a0segue est\u00e1vel\u00a0no Rio Grande do Sul, com perspectivas de intensifica\u00e7\u00e3o a partir do final de novembro at\u00e9 meados de dezembro, especialmente na regi\u00e3o dos Campos de Cima da Serra. Respons\u00e1vel por cerca de um ter\u00e7o da produ\u00e7\u00e3o estadual, a \u00e1rea dever\u00e1 alcan\u00e7ar 28.896 hectares, segundo a proje\u00e7\u00e3o da Emater\/RS-Ascar para a safra 2024\/2025. A produtividade m\u00e9dia estimada \u00e9 de 1.864 kg\/ha.&#13;\n<\/p>\n<p style=\"text-align:justify\">As lavouras est\u00e3o em bom desenvolvimento e avan\u00e7am rapidamente para os est\u00e1dios reprodutivos. Entretanto, terrenos mais inclinados e com chuvas insuficientes nos \u00faltimos dias j\u00e1 apresentam sintomas de restri\u00e7\u00e3o h\u00eddrica. Apesar da sensibilidade do <a href=\"https:\/\/www.agrolink.com.br\/culturas\/feijao\/?utm_source=agrolink-detalhe-noticia&amp;utm_medium=detalhe-noticia&amp;utm_campaign=links-internos\" target=\"_blank\" rel=\"noopener\">feij\u00e3o<\/a> \u00e0 falta de \u00e1gua, especialmente em fases reprodutivas, ainda n\u00e3o h\u00e1 um grande impacto\u00a0na produ\u00e7\u00e3o.<\/p>\n<p style=\"text-align:justify\"><a href=\"http:\/\/www.agrolink.com.br\/agrolinkfito\/?utm_source=agrolink-detalhe-noticia&amp;utm_medium=detalhe-noticia&amp;utm_campaign=links-internos\" target=\"_blank\" rel=\"noopener\">Veja mais informa\u00e7\u00f5es sobre fitossanidade no Agrolinkfito<\/a><\/p>\n<p style=\"text-align:justify\">Outro ponto de aten\u00e7\u00e3o \u00e9 o aumento discreto na incid\u00eancia de doen\u00e7as foliares, como a antracnose, que afeta hastes, folhas e vagens. A doen\u00e7a tem sido controlada com aplica\u00e7\u00f5es pontuais de fungicidas, mantendo as lavouras em condi\u00e7\u00f5es adequadas, conforme apontaram os dados da Emater\/RS.&#13;\n<\/p>\n<p style=\"text-align:justify\"><strong>Situa\u00e7\u00e3o Regional<\/strong><\/p>\n<p style=\"text-align:justify\">De acordo com o informativo, na regi\u00e3o administrativa de Iju\u00ed, o plantio foi conclu\u00eddo. A maior parte das lavouras est\u00e1 em desenvolvimento vegetativo (69%), enquanto 20% est\u00e3o em flora\u00e7\u00e3o, 10% em enchimento de gr\u00e3os e 1% em fase de matura\u00e7\u00e3o. Em Pelotas, a semeadura avan\u00e7ou para 46%, com 96% das plantas em est\u00e1gio vegetativo e apenas 4% em fases reprodutivas.<\/p>\n<p style=\"text-align:justify\">J\u00e1 em Santa Maria, a maior parte das \u00e1reas encontra-se em est\u00e1dios reprodutivos, com 2% da \u00e1rea j\u00e1 colhida. Na regi\u00e3o de Soledade, o avan\u00e7o para os est\u00e1dios de flora\u00e7\u00e3o e enchimento de gr\u00e3os \u00e9 not\u00e1vel, embora a umidade do solo comece a cair em algumas lavouras, exigindo aten\u00e7\u00e3o no manejo.&#13;\n<\/p>\n<p style=\"text-align:justify\">No mercado, o pre\u00e7o m\u00e9dio da saca de 60 kg permaneceu est\u00e1vel em rela\u00e7\u00e3o \u00e0 semana anterior, cotado em R$ 303,75, conforme levantamento da Emater\/RS-Ascar.<\/p>\n<\/p><\/div>\n<p><script data-cfasync=\"false\">\n    !function (f, b, e, v, n, t, s) {\n        if (f.fbq) return; n = f.fbq = function () {\n            n.callMethod ?\n                n.callMethod.apply(n, arguments) : n.queue.push(arguments)\n        };\n        if (!f._fbq) f._fbq = n; n.push = n; n.loaded = !0; n.version = '2.0';\n        n.queue = []; t = b.createElement(e); t.async = !0;\n        t.src = v; s = b.getElementsByTagName(e)[0];\n        s.parentNode.insertBefore(t, s)\n    }(window, document, 'script',\n        'https:\/\/connect.facebook.net\/en_US\/fbevents.js');\n    fbq('init', '522546078623747');\n    fbq('track', 'PageView');\n<\/script><br \/>\n<br \/><br \/>\n<br \/><a href=\"https:\/\/www.agrolink.com.br\/noticias\/doencas-foliares-e-restricao-hidrica-geram-alerta-para-produtores-de-feijao_496883.html\">Source link <\/a><\/p>\n","protected":false},"excerpt":{"rendered":"<p>Segundo o\u00a0Informativo Conjuntural divulgado pela Emater\/RS nesta quinta-feira (14), o cultivo do feij\u00e3o de primeira safra\u00a0segue est\u00e1vel\u00a0no Rio Grande do<\/p>\n","protected":false},"author":1,"featured_media":1690,"comment_status":"open","ping_status":"open","sticky":false,"template":"","format":"standard","meta":{"_monsterinsights_skip_tracking":false,"_monsterinsights_sitenote_active":false,"_monsterinsights_sitenote_note":"","_monsterinsights_sitenote_category":0,"_uf_show_specific_survey":0,"_uf_disable_surveys":false,"footnotes":""},"categories":[8,1,14],"tags":[],"class_list":["post-5062","post","type-post","status-publish","format-standard","has-post-thumbnail","hentry","category-agro","category-news","category-politica-agro"],"_links":{"self":[{"href":"https:\/\/agromt.news\/index.php?rest_route=\/wp\/v2\/posts\/5062"}],"collection":[{"href":"https:\/\/agromt.news\/index.php?rest_route=\/wp\/v2\/posts"}],"about":[{"href":"https:\/\/agromt.news\/index.php?rest_route=\/wp\/v2\/types\/post"}],"author":[{"embeddable":true,"href":"https:\/\/agromt.news\/index.php?rest_route=\/wp\/v2\/users\/1"}],"replies":[{"embeddable":true,"href":"https:\/\/agromt.news\/index.php?rest_route=%2Fwp%2Fv2%2Fcomments&post=5062"}],"version-history":[{"count":0,"href":"https:\/\/agromt.news\/index.php?rest_route=\/wp\/v2\/posts\/5062\/revisions"}],"wp:featuredmedia":[{"embeddable":true,"href":"https:\/\/agromt.news\/index.php?rest_route=\/wp\/v2\/media\/1690"}],"wp:attachment":[{"href":"https:\/\/agromt.news\/index.php?rest_route=%2Fwp%2Fv2%2Fmedia&parent=5062"}],"wp:term":[{"taxonomy":"category","embeddable":true,"href":"https:\/\/agromt.news\/index.php?rest_route=%2Fwp%2Fv2%2Fcategories&post=5062"},{"taxonomy":"post_tag","embeddable":true,"href":"https:\/\/agromt.news\/index.php?rest_route=%2Fwp%2Fv2%2Ftags&post=5062"}],"curies":[{"name":"wp","href":"https:\/\/api.w.org\/{rel}","templated":true}]}}