{"id":5052,"date":"2024-11-15T18:12:21","date_gmt":"2024-11-15T22:12:21","guid":{"rendered":"https:\/\/agromt.news\/?p=5052"},"modified":"2024-11-15T18:12:21","modified_gmt":"2024-11-15T22:12:21","slug":"oleos-vegetais-registram-forte-alta","status":"publish","type":"post","link":"https:\/\/agromt.news\/?p=5052","title":{"rendered":"\u00d3leos vegetais registram forte alta"},"content":{"rendered":"<p> <br \/>\n<\/p>\n<div>\n<div class=\"row\">\n<div class=\"col-lg col-infos mt-3 mt-lg-0\">\n<div class=\"section-sub-title\">\n<p itemprop=\"description\">&#13;<br \/>\n                                A expectativa \u00e9 de que a demanda pelo \u00f3leo de soja produzido nos Estados Unidos aumen&#13;\n                            <\/p>\n<\/p><\/div>\n<div class=\"container\">\n<div class=\"row\">\n<div class=\"col-lg p-0\">\n<div>\n<div class=\"block-news-main-infos mt-3 text-start\">\n<p>                                            <strong class=\"fn\" itemprop=\"author\" style=\"color: rgb(112, 112, 112); \">&#13;<br \/>\n                                                <a href=\"https:\/\/www.agrolink.com.br\/noticias\/javascript:;\" class=\"text-uppercase\" target=\"_blank\" style=\"color: rgb(112, 112, 112); \" rel=\"noopener\">Agrolink<\/a>&#13;<br \/>\n&#13;<br \/>\n                                                    &#8211; Leonardo Gottems&#13;<br \/>\n&#13;<br \/>\n                                            <\/strong><br \/>\n                                        <\/p>\n<p>                                            <abbr><time datetime=\"2024-11-14T17:43\" itemprop=\"datePublished dateModified\">Publicado em 14\/11\/2024 \u00e0s 17:43h.<\/time><\/abbr><br \/>\n                                            <\/p><\/div>\n<\/p><\/div>\n<\/p><\/div>\n<div class=\"col-lg p-0 text-lg-end\">\n<div>\n<div id=\"mdEnviarPagina\" class=\"modal fade\" role=\"dialog\">\n<div class=\"modal-dialog\">\n<div class=\"modal-content\">\n<div class=\"modal-body\">\n<p><strong>Estimado usu\u00e1rio.<\/strong><br \/>Preencha o formul\u00e1rio abaixo para remeter a p\u00e1gina.<\/p>\n<\/p><\/div>\n<\/p><\/div>\n<\/p><\/div>\n<\/div><\/div>\n<\/p><\/div>\n<\/p><\/div>\n<\/p><\/div>\n<\/p><\/div>\n<\/p><\/div>\n<div class=\"row justify-content-md-center mt-3\">\n<div class=\"col-lg-auto col-image  block-news-main-image d-none d-md-block\">\n<p>                            <img decoding=\"async\" src=\"https:\/\/www.agrolink.com.br\/upload\/imagens-resizes\/b0b7ef56108c429bb411765ad5fa9497_858x483.jpg\" class=\"lazyload \" alt=\"A expectativa \u00e9 de que a demanda pelo \u00f3leo de soja produzido nos Estados Unidos aumente\"\/><br \/>\n                                            <span class=\"d-block mt-1\">A expectativa \u00e9 de que a demanda pelo \u00f3leo de soja produzido nos Estados Unidos aumente &#8211; Foto: United Soybean Board<\/span><\/p><\/div>\n<\/p><\/div>\n<div class=\"section-description section-description-noticias mt-3\">\n<p>Segundo informa\u00e7\u00f5es da StoneX, o mercado de \u00f3leos vegetais registrou uma valoriza\u00e7\u00e3o significativa na \u00faltima semana, com o \u00f3leo de <a href=\"https:\/\/www.agrolink.com.br\/culturas\/soja?utm_source=agrolink-detalhe-noticia&amp;utm_medium=detalhe-noticia&amp;utm_campaign=links-internos\" target=\"_blank\" rel=\"noopener\">soja<\/a> alcan\u00e7ando um aumento de 5,3%, encerrando o per\u00edodo a US\u00a2 48,8\/lb. O movimento de alta teve in\u00edcio na quarta-feira (6), logo ap\u00f3s a confirma\u00e7\u00e3o da reelei\u00e7\u00e3o de Donald Trump como presidente dos Estados Unidos.&#13;\n<\/p>\n<p>Com a vit\u00f3ria de Trump, surgem especula\u00e7\u00f5es sobre poss\u00edveis mudan\u00e7as nas pol\u00edticas de biocombust\u00edveis, que no m\u00e9dio e longo prazo podem perder incentivos e ver o ritmo de crescimento afetado. Entretanto, no curto prazo, o maior receio \u00e9 a ado\u00e7\u00e3o de uma postura protecionista, especialmente em rela\u00e7\u00e3o \u00e0 China.<\/p>\n<p>A expectativa \u00e9 de que a demanda pelo \u00f3leo de soja produzido nos Estados Unidos aumente no pr\u00f3ximo ano, devido \u00e0 perspectiva de medidas que favore\u00e7am o consumo interno. A situa\u00e7\u00e3o gerou rea\u00e7\u00f5es no mercado, com traders avaliando o poss\u00edvel impacto dessas pol\u00edticas sobre as exporta\u00e7\u00f5es. Al\u00e9m disso, a atualiza\u00e7\u00e3o recente do USDA refor\u00e7ou a tend\u00eancia altista para o complexo de soja, influenciando tanto o mercado de \u00f3leos vegetais quanto o de soja em gr\u00e3o.&#13;\n<\/p>\n<p>Essas incertezas e expectativas no mercado impulsionaram os pre\u00e7os, \u00e0 medida que os investidores tentam antecipar as consequ\u00eancias das pol\u00edticas do governo reeleito. As varia\u00e7\u00f5es nas cota\u00e7\u00f5es indicam um cen\u00e1rio de volatilidade, com previs\u00f5es de ajustes de oferta e demanda para o pr\u00f3ximo ano, o que pode consolidar a posi\u00e7\u00e3o dos \u00f3leos vegetais como ativos de interesse estrat\u00e9gico nos Estados Unidos.<\/p>\n<p>Por fim, a conjuntura altista tamb\u00e9m reflete a busca por estrat\u00e9gias de valoriza\u00e7\u00e3o no setor de \u00f3leos vegetais, impulsionada por fatores pol\u00edticos e econ\u00f4micos que moldam o ambiente de neg\u00f3cios internacional.<br \/>&#13;<br \/>\n\u00a0<\/p>\n<\/p><\/div>\n<\/p><\/div>\n<p><script data-cfasync=\"false\">\n    !function (f, b, e, v, n, t, s) {\n        if (f.fbq) return; n = f.fbq = function () {\n            n.callMethod ?\n                n.callMethod.apply(n, arguments) : n.queue.push(arguments)\n        };\n        if (!f._fbq) f._fbq = n; n.push = n; n.loaded = !0; n.version = '2.0';\n        n.queue = []; t = b.createElement(e); t.async = !0;\n        t.src = v; s = b.getElementsByTagName(e)[0];\n        s.parentNode.insertBefore(t, s)\n    }(window, document, 'script',\n        'https:\/\/connect.facebook.net\/en_US\/fbevents.js');\n    fbq('init', '522546078623747');\n    fbq('track', 'PageView');\n<\/script><br \/>\n<br \/><br \/>\n<br \/><a href=\"https:\/\/www.agrolink.com.br\/noticias\/oleos-vegetais-registram-forte-alta_496852.html\">Source link <\/a><\/p>\n","protected":false},"excerpt":{"rendered":"<p>&#13; A expectativa \u00e9 de que a demanda pelo \u00f3leo de soja produzido nos Estados Unidos aumen&#13; &#13; Agrolink&#13; &#13;<\/p>\n","protected":false},"author":1,"featured_media":4086,"comment_status":"open","ping_status":"open","sticky":false,"template":"","format":"standard","meta":{"_monsterinsights_skip_tracking":false,"_monsterinsights_sitenote_active":false,"_monsterinsights_sitenote_note":"","_monsterinsights_sitenote_category":0,"_uf_show_specific_survey":0,"_uf_disable_surveys":false,"footnotes":""},"categories":[8,1,14],"tags":[],"class_list":["post-5052","post","type-post","status-publish","format-standard","has-post-thumbnail","hentry","category-agro","category-news","category-politica-agro"],"_links":{"self":[{"href":"https:\/\/agromt.news\/index.php?rest_route=\/wp\/v2\/posts\/5052"}],"collection":[{"href":"https:\/\/agromt.news\/index.php?rest_route=\/wp\/v2\/posts"}],"about":[{"href":"https:\/\/agromt.news\/index.php?rest_route=\/wp\/v2\/types\/post"}],"author":[{"embeddable":true,"href":"https:\/\/agromt.news\/index.php?rest_route=\/wp\/v2\/users\/1"}],"replies":[{"embeddable":true,"href":"https:\/\/agromt.news\/index.php?rest_route=%2Fwp%2Fv2%2Fcomments&post=5052"}],"version-history":[{"count":0,"href":"https:\/\/agromt.news\/index.php?rest_route=\/wp\/v2\/posts\/5052\/revisions"}],"wp:featuredmedia":[{"embeddable":true,"href":"https:\/\/agromt.news\/index.php?rest_route=\/wp\/v2\/media\/4086"}],"wp:attachment":[{"href":"https:\/\/agromt.news\/index.php?rest_route=%2Fwp%2Fv2%2Fmedia&parent=5052"}],"wp:term":[{"taxonomy":"category","embeddable":true,"href":"https:\/\/agromt.news\/index.php?rest_route=%2Fwp%2Fv2%2Fcategories&post=5052"},{"taxonomy":"post_tag","embeddable":true,"href":"https:\/\/agromt.news\/index.php?rest_route=%2Fwp%2Fv2%2Ftags&post=5052"}],"curies":[{"name":"wp","href":"https:\/\/api.w.org\/{rel}","templated":true}]}}