{"id":5051,"date":"2024-11-15T16:14:34","date_gmt":"2024-11-15T20:14:34","guid":{"rendered":"https:\/\/agromt.news\/?p=5051"},"modified":"2024-11-15T16:14:34","modified_gmt":"2024-11-15T20:14:34","slug":"chuvas-desiguais-influenciam-semeadura-de-soja","status":"publish","type":"post","link":"https:\/\/agromt.news\/?p=5051","title":{"rendered":"chuvas desiguais influenciam semeadura de soja"},"content":{"rendered":"<p> <br \/>\n<\/p>\n<div>\n<p style=\"text-align:justify\">O Informativo Conjuntural, publicado nesta quinta-feira (14\/11) pela Emater\/RS-Ascar, revelou um avan\u00e7o na semeadura da <a href=\"https:\/\/www.agrolink.com.br\/culturas\/soja?utm_source=agrolink-detalhe-noticia&amp;utm_medium=detalhe-noticia&amp;utm_campaign=links-internos\" target=\"_blank\" rel=\"noopener\">soja<\/a> no Rio Grande do Sul, que subiu de 23% para 40% da \u00e1rea projetada. Em algumas regi\u00f5es, especialmente no Noroeste e na Fronteira Oeste, a redu\u00e7\u00e3o das chuvas no in\u00edcio de novembro reduziu a umidade do solo, dificultando o plantio seguro, especialmente ap\u00f3s o dia 7 de novembro.&#13;\n<\/p>\n<p style=\"text-align:justify\">No Estado como um todo, o clima favoreceu o cultivo, com condi\u00e7\u00f5es ideais para a semeadura mec\u00e2nica, germina\u00e7\u00e3o e emerg\u00eancia das plantas. A preserva\u00e7\u00e3o da cobertura de palha no solo tem sido um benef\u00edcio adicional, promovendo uma deposi\u00e7\u00e3o de sementes mais uniforme.<\/p>\n<p style=\"text-align:justify\"><a href=\"https:\/\/www.agrolink.com.br\/agrotempo?utm_source=agrolink-detalhe-noticia&amp;utm_medium=detalhe-noticia&amp;utm_campaign=links-internos\" target=\"_blank\" rel=\"noopener\">Veja mais informa\u00e7\u00f5es sobre o clima em Agrotempo<\/a><\/p>\n<p style=\"text-align:justify\">Na regi\u00e3o de Bag\u00e9, na Fronteira Oeste, a aus\u00eancia de chuvas e o aumento das temperaturas for\u00e7aram produtores a interromper ou desacelerar o plantio, enquanto algumas propriedades de maior porte seguiram o processo. Na regi\u00e3o da Campanha, a baixa precipita\u00e7\u00e3o facilitou a entrada de maquin\u00e1rio e o replantio em \u00e1reas afetadas por chuvas anteriores.&#13;\n<\/p>\n<p style=\"text-align:justify\">Em Dom Pedrito, o plantio alcan\u00e7ou 35% da \u00e1rea estimada. Na regi\u00e3o de Caxias do Sul, a semeadura avan\u00e7ou rapidamente, com germina\u00e7\u00e3o uniforme. J\u00e1 em Erechim, 80% da \u00e1rea projetada foi plantada, com boa emerg\u00eancia e desenvolvimento vegetativo. A regi\u00e3o de Frederico Westphalen registrou avan\u00e7o, atingindo 40% da \u00e1rea.<\/p>\n<p style=\"text-align:justify\">Em Iju\u00ed, a semeadura seguiu o ritmo das chuvas, alcan\u00e7ando 45% da \u00e1rea. Contudo, em localidades com menos precipita\u00e7\u00e3o, surgiram desafios no plantio devido \u00e0 forma\u00e7\u00e3o de torr\u00f5es. Em Passo Fundo, 40% da \u00e1rea foi semeada, mas a diminui\u00e7\u00e3o das chuvas reduziu o teor de umidade e o ritmo de plantio.&#13;\n<\/p>\n<p style=\"text-align:justify\"><a href=\"https:\/\/www.whatsapp.com\/channel\/0029Va6ABTpIHphIQkFBgA12\" target=\"_blank\" rel=\"noopener\">Clique para seguir o canal do Agrolink no WhatsApp<\/a><\/p>\n<p style=\"text-align:justify\">Na regi\u00e3o de Santa Maria, a \u00e1rea semeada tamb\u00e9m se aproximou de 40%. Em Pelotas, chuvas nos dias 6 e 7 de novembro interromperam o plantio, que foi retomado em \u00e1reas com baixos volumes de precipita\u00e7\u00e3o. Em Santa Rosa, o plantio avan\u00e7ou 4%, alcan\u00e7ando 27% da \u00e1rea projetada, mas segue lento em \u00e1reas menores que aguardam chuvas para retomar o processo. Na regi\u00e3o de Soledade, 45% da \u00e1rea projetada foi semeada antes de a umidade se tornar um obst\u00e1culo, mas, at\u00e9 o momento, o clima permanece favor\u00e1vel para o desenvolvimento das plantas.<\/p>\n<p style=\"text-align:justify\">Segundo a Emater\/RS-Ascar, o valor m\u00e9dio da saca de 60 kg de soja registrou um leve aumento de 0,14% na \u00faltima semana, passando de R$ 129,23 para R$ 129,41.<\/p>\n<\/p><\/div>\n<p><script data-cfasync=\"false\">\n    !function (f, b, e, v, n, t, s) {\n        if (f.fbq) return; n = f.fbq = function () {\n            n.callMethod ?\n                n.callMethod.apply(n, arguments) : n.queue.push(arguments)\n        };\n        if (!f._fbq) f._fbq = n; n.push = n; n.loaded = !0; n.version = '2.0';\n        n.queue = []; t = b.createElement(e); t.async = !0;\n        t.src = v; s = b.getElementsByTagName(e)[0];\n        s.parentNode.insertBefore(t, s)\n    }(window, document, 'script',\n        'https:\/\/connect.facebook.net\/en_US\/fbevents.js');\n    fbq('init', '522546078623747');\n    fbq('track', 'PageView');\n<\/script><br \/>\n<br \/><br \/>\n<br \/><a href=\"https:\/\/www.agrolink.com.br\/noticias\/rs--chuvas-desiguais-influenciam-semeadura-de-soja_496853.html\">Source link <\/a><\/p>\n","protected":false},"excerpt":{"rendered":"<p>O Informativo Conjuntural, publicado nesta quinta-feira (14\/11) pela Emater\/RS-Ascar, revelou um avan\u00e7o na semeadura da soja no Rio Grande do<\/p>\n","protected":false},"author":1,"featured_media":2790,"comment_status":"open","ping_status":"open","sticky":false,"template":"","format":"standard","meta":{"_monsterinsights_skip_tracking":false,"_monsterinsights_sitenote_active":false,"_monsterinsights_sitenote_note":"","_monsterinsights_sitenote_category":0,"_uf_show_specific_survey":0,"_uf_disable_surveys":false,"footnotes":""},"categories":[8,1,14],"tags":[],"class_list":["post-5051","post","type-post","status-publish","format-standard","has-post-thumbnail","hentry","category-agro","category-news","category-politica-agro"],"_links":{"self":[{"href":"https:\/\/agromt.news\/index.php?rest_route=\/wp\/v2\/posts\/5051"}],"collection":[{"href":"https:\/\/agromt.news\/index.php?rest_route=\/wp\/v2\/posts"}],"about":[{"href":"https:\/\/agromt.news\/index.php?rest_route=\/wp\/v2\/types\/post"}],"author":[{"embeddable":true,"href":"https:\/\/agromt.news\/index.php?rest_route=\/wp\/v2\/users\/1"}],"replies":[{"embeddable":true,"href":"https:\/\/agromt.news\/index.php?rest_route=%2Fwp%2Fv2%2Fcomments&post=5051"}],"version-history":[{"count":0,"href":"https:\/\/agromt.news\/index.php?rest_route=\/wp\/v2\/posts\/5051\/revisions"}],"wp:featuredmedia":[{"embeddable":true,"href":"https:\/\/agromt.news\/index.php?rest_route=\/wp\/v2\/media\/2790"}],"wp:attachment":[{"href":"https:\/\/agromt.news\/index.php?rest_route=%2Fwp%2Fv2%2Fmedia&parent=5051"}],"wp:term":[{"taxonomy":"category","embeddable":true,"href":"https:\/\/agromt.news\/index.php?rest_route=%2Fwp%2Fv2%2Fcategories&post=5051"},{"taxonomy":"post_tag","embeddable":true,"href":"https:\/\/agromt.news\/index.php?rest_route=%2Fwp%2Fv2%2Ftags&post=5051"}],"curies":[{"name":"wp","href":"https:\/\/api.w.org\/{rel}","templated":true}]}}