{"id":5047,"date":"2024-11-15T13:46:54","date_gmt":"2024-11-15T17:46:54","guid":{"rendered":"https:\/\/agromt.news\/?p=5047"},"modified":"2024-11-15T13:46:54","modified_gmt":"2024-11-15T17:46:54","slug":"agricultura-busca-transformacao-para-enfrentar-mudancas-climaticas","status":"publish","type":"post","link":"https:\/\/agromt.news\/?p=5047","title":{"rendered":"Agricultura busca transforma\u00e7\u00e3o para enfrentar mudan\u00e7as clim\u00e1ticas"},"content":{"rendered":"<p> <br \/>\n<\/p>\n<div>\n<p>Pelo terceiro ano consecutivo, o Instituto Interamericano de Coopera\u00e7\u00e3o para a Agricultura (IICA) trouxe para a 29\u00aa Confer\u00eancia das Na\u00e7\u00f5es Unidas sobre Mudan\u00e7as Clim\u00e1ticas (<a href=\"https:\/\/www.canalrural.com.br\/tag\/cop29\/\">COP29<\/a>), em Baku, no Azerbaij\u00e3o, a Casa da Agricultura Sustent\u00e1vel. \u00c9 um espa\u00e7o de debates sobre como o setor pode se transformar para enfrentar as mudan\u00e7as clim\u00e1ticas.<img decoding=\"async\" src=\"https:\/\/agromt.news\/wp-content\/uploads\/2024\/11\/Agricultura-busca-transformacao-para-enfrentar-mudancas-climaticas.png\"\/><img decoding=\"async\" src=\"https:\/\/agromt.news\/wp-content\/uploads\/2024\/11\/Agricultura-busca-transformacao-para-enfrentar-mudancas-climaticas.png\"\/><img decoding=\"async\" src=\"https:\/\/agromt.news\/wp-content\/uploads\/2024\/11\/Agricultura-busca-transformacao-para-enfrentar-mudancas-climaticas.gif\"\/><img decoding=\"async\" src=\"https:\/\/agromt.news\/wp-content\/uploads\/2024\/11\/Agricultura-busca-transformacao-para-enfrentar-mudancas-climaticas.gif\"\/><\/p>\n<p>O desafio vai muito al\u00e9m de novas pr\u00e1ticas para a produ\u00e7\u00e3o, afirma o diretor-presidente do IICA, Manuel Otero (foto). Para ele, \u00e9 necess\u00e1rio tamb\u00e9m mostrar para o mundo que o setor \u00e9 capaz de se comprometer com a sustentabilidade do planeta.<\/p>\n<p><em>Confira na palma da <\/em>m\u00e3o <em>informa\u00e7\u00f5es quentes sobre agricultura, pecu\u00e1ria, economia e previs\u00e3o do tempo:<\/em><a href=\"https:\/\/www.whatsapp.com\/channel\/0029Va9VnZxGk1FplZjiW43k\"><em> <\/em><strong>siga o Canal Rural no WhatsApp<\/strong><\/a>!<\/p>\n<p>\u201cPara isso trabalhamos em diferentes dimens\u00f5es. Uma delas est\u00e1 numa nova gera\u00e7\u00e3o de pol\u00edticas p\u00fablicas que reconhe\u00e7am os novos limites da agricultura como um setor que tem que ser ambientalmente respons\u00e1vel, nutricionalmente inteligente, que acompanhe o que ocorre no com\u00e9rcio internacional, mas tamb\u00e9m socialmente respons\u00e1vel. Al\u00e9m disso, estamos construindo uma nova narrativa\u201d, disse.<\/p>\n<p>Nessa dire\u00e7\u00e3o, o IICA trouxe para o Azerbaij\u00e3o vis\u00f5es e modelos de sucesso que ocorrem nos 34 pa\u00edses das Am\u00e9ricas que integram a institui\u00e7\u00e3o. Ao longo dos 12 dias de confer\u00eancia, o espa\u00e7o receber\u00e1 mais de 50 pain\u00e9is e di\u00e1logos envolvendo a participa\u00e7\u00e3o de centenas de produtores, acad\u00eamicos e representantes de institui\u00e7\u00f5es governamentais e da sociedade civil.<\/p>\n<h2 class=\"wp-block-heading\" id=\"h-modelos\">Modelos<\/h2>\n<p>Entre eles, o ministro do Desenvolvimento Agr\u00e1rio do Brasil, Paulo Teixeira, que participou do painel A\u00e7\u00e3o Clim\u00e1tica: vozes dos produtores na luta contra a mudan\u00e7a clim\u00e1tica.<\/p>\n<p>Na apresenta\u00e7\u00e3o, o ministro fez um balan\u00e7o dos \u00faltimos quatro meses do Programa Nacional de Fortalecimento da Agricultura Familiar (Pronaf), com a incrementa\u00e7\u00e3o da produ\u00e7\u00e3o de alimentos a partir do financiamento de iniciativas com menos emiss\u00f5es de gases do efeito estufa.<\/p>\n<p>Na compara\u00e7\u00e3o com 2023 \u2013 os \u00faltimos quatro meses terminados em outubro -, segundo o ministro, os resultados j\u00e1 podem ser notados.<\/p>\n<p>\u201cAumentamos em 28,5% o financiamento para a agricultura org\u00e2nica e agroecol\u00f3gica em uma redu\u00e7\u00e3o de 23,7% para a agricultura transg\u00eanica. N\u00f3s tamb\u00e9m tivemos um crescimento de 20% em m\u00e1quinas, equipamentos e implementos \u2013 R$ 6,3 bilh\u00f5es no financiamento de m\u00e1quinas para o pequeno agricultor. Tivemos um crescimento na produ\u00e7\u00e3o de feij\u00e3o, cebola, batata, repolho, cenoura e uma redu\u00e7\u00e3o na produ\u00e7\u00e3o de soja na agricultura familiar de 14%\u201d, detalhou.<\/p>\n<p>Junto com o Centro Agron\u00f4mico Tropical de Pesquisa e Ensino (Catie) e RCC Caribbean \u2013 organiza\u00e7\u00e3o criada na estrutura da Conven\u00e7\u00e3o-Quadro da ONU sobre Mudan\u00e7a Clim\u00e1tica para dar apoio aos pequenos estados insulares, particularmente mais vulner\u00e1veis \u00e0s mudan\u00e7as clim\u00e1ticas \u2013 o IICA tamb\u00e9m realizou, pela primeira vez, um painel dentro da programa\u00e7\u00e3o oficial de abertura da COP29.<\/p>\n<h2 class=\"wp-block-heading\">Financiamento<\/h2>\n<p>Com o t\u00edtulo Adapta\u00e7\u00e3o pela Abordagem de Solu\u00e7\u00f5es Baseadas na Natureza para Medir a Vulnerabilidade e os Riscos na Regi\u00e3o da Am\u00e9rica Latina e Caribe, o encontro debateu como tornar a agricultura mais sustent\u00e1vel e resiliente \u00e0s mudan\u00e7as clim\u00e1ticas.<\/p>\n<\/div>\n<div>\n<p>\u201cO que n\u00f3s queremos \u00e9 ter sustentabilidade. Essa sustentabilidade s\u00f3 acontecer\u00e1 se tivermos uma vis\u00e3o de transformar o setor produtivo agr\u00edcola brasileiro e isso n\u00e3o vai acontecer por gera\u00e7\u00e3o espont\u00e2nea. Isso vai acontecer com uma estrat\u00e9gia de pol\u00edticas p\u00fablicas e de financiamento, que viabilize essa transi\u00e7\u00e3o\u201d, afirmou o ex-diretor geral da Organiza\u00e7\u00e3o Mundial de Com\u00e9rcio (OMC), Roberto Azevedo.<\/p>\n<p>Para ele, a cria\u00e7\u00e3o de um marco regulat\u00f3rio com diversos instrumentos que recompensem financeiramente os investimentos na transi\u00e7\u00e3o para a economia verde \u00e9 uma forma de tornar o setor mais comprometido com formas de produ\u00e7\u00e3o sustent\u00e1veis.<\/p>\n<p>\u201cSe voc\u00ea tem um sistema regulat\u00f3rio que prev\u00ea uma remunera\u00e7\u00e3o m\u00ednima, uma indexa\u00e7\u00e3o do pre\u00e7o do produto final, uma mistura no combust\u00edvel final que atende a um determinado patamar, todos esses elementos s\u00e3o pequenos e parecem independentes, mas n\u00e3o s\u00e3o. Dependendo do marco regulat\u00f3rio que voc\u00ea cria, o investidor vai fazer a transforma\u00e7\u00e3o por ser interessante para ele\u201d, explicou.<\/p>\n<p>Roberto Azevedo acrescentou que tal estrutura serviria como uma complementa\u00e7\u00e3o aos subs\u00eddios e financiamentos estatais.<\/p>\n<p>\u201cEu particularmente n\u00e3o acredito que o incentivo tenha que ser sempre uma despesa do Estado. Porque o Estado n\u00e3o ter\u00e1 dinheiro. Sobretudo em pa\u00edses da regi\u00e3o \u2013 Brasil, Argentina \u2013 n\u00e3o s\u00e3o pa\u00edses com um or\u00e7amento infinito. Essa transi\u00e7\u00e3o tem que ser feita de forma inteligente, com um marco regulat\u00f3rio que ajude e promova, incentive [para que] o investimento venha do pr\u00f3prio produtor\u201d, explicou.<\/p>\n<p>Na viabiliza\u00e7\u00e3o da descarboniza\u00e7\u00e3o da agricultura, Azevedo aponta ainda outro elemento complementar para as formas de financiamento que seria o desenvolvimento tecnol\u00f3gico do setor.<\/p>\n<p>\u201cQuando se fala de sustentabilidade, a tecnologia e a inova\u00e7\u00e3o t\u00eam um papel important\u00edssimo e elas est\u00e3o mudando dia a dia. O que hoje \u00e9 sustent\u00e1vel n\u00e3o \u00e9 que vai passar a n\u00e3o ser. Voc\u00ea encontrar\u00e1 m\u00e9todos de produ\u00e7\u00e3o, tecnologias mais modernas que v\u00e3o melhorar e acelerar essa transi\u00e7\u00e3o. Ent\u00e3o, n\u00e3o \u00e9 um processo est\u00e1tico, \u00e9 um processo din\u00e2mico. A cada momento, a cada dia, aparece uma nova inova\u00e7\u00e3o, uma nova forma de produ\u00e7\u00e3o\u201d, acrescentou.<\/p>\n<h2 class=\"wp-block-heading\">COP30 em Bel\u00e9m<\/h2>\n<p>Segundo Manuel Otero, al\u00e9m da troca de experi\u00eancias, a IICA tamb\u00e9m trabalha para criar conex\u00f5es entre as pessoas que podem promover essa transforma\u00e7\u00e3o da agricultura. Uma reuni\u00e3o com o governador do Par\u00e1, Helder Barbalho, que receber\u00e1 a COP30, em 2025, em Bel\u00e9m, tamb\u00e9m buscou alinhar, em Baku, as agendas para que o pr\u00f3ximo encontro da Junta Interamericana de Agricultura, com os 34 ministros da Agricultura nas Am\u00e9ricas, a cada dois anos, seja realizado em Bel\u00e9m, na agenda pr\u00e9-COP.<\/p>\n<p>Segundo Otero, acelerar a transi\u00e7\u00e3o \u00e9 uma urg\u00eancia que deve ser compreendida pelo setor e fundamentada no bem-estar das pr\u00f3ximas gera\u00e7\u00f5es. \u201cO IICA se considera uma institui\u00e7\u00e3o construtora de pontes. Temos que fortalecer as pontes entre o agro e o meio ambiente, entre as cidades, as zonas rurais. Ent\u00e3o, pequenos agricultores e m\u00e9dios produtores, grandes produtores, todos temos que ir atr\u00e1s da causa do desenvolvimento sustent\u00e1vel. Todos, e ningu\u00e9m pode ficar de fora, ningu\u00e9m pode ficar para tr\u00e1s\u201d, conclui.<\/p>\n<p>Para o governador paraense, a proximidade do setor da agricultura com a pauta ambiental trar\u00e1 novas oportunidades para acelerar a transi\u00e7\u00e3o em dire\u00e7\u00e3o a uma economia mais sustent\u00e1vel.<\/p>\n<p>\u201cO uso da terra representa 96% das emiss\u00f5es em territ\u00f3rio paraense. Portanto, trabalhar para que haja um melhor uso da terra certamente est\u00e1 dentro das estrat\u00e9gias centrais para que o Par\u00e1 possa reduzir as suas emiss\u00f5es\u201d, disse.<\/p>\n<\/p><\/div>\n<p><br \/>\n<br \/><a href=\"https:\/\/www.canalrural.com.br\/agricultura\/agricultura-busca-transformacao-para-enfrentar-mudancas-climaticas\/\">Source link <\/a><\/p>\n","protected":false},"excerpt":{"rendered":"<p>Pelo terceiro ano consecutivo, o Instituto Interamericano de Coopera\u00e7\u00e3o para a Agricultura (IICA) trouxe para a 29\u00aa Confer\u00eancia das Na\u00e7\u00f5es<\/p>\n","protected":false},"author":1,"featured_media":5048,"comment_status":"open","ping_status":"open","sticky":false,"template":"","format":"standard","meta":{"_monsterinsights_skip_tracking":false,"_monsterinsights_sitenote_active":false,"_monsterinsights_sitenote_note":"","_monsterinsights_sitenote_category":0,"_uf_show_specific_survey":0,"_uf_disable_surveys":false,"footnotes":""},"categories":[1],"tags":[],"class_list":["post-5047","post","type-post","status-publish","format-standard","has-post-thumbnail","hentry","category-news"],"_links":{"self":[{"href":"https:\/\/agromt.news\/index.php?rest_route=\/wp\/v2\/posts\/5047"}],"collection":[{"href":"https:\/\/agromt.news\/index.php?rest_route=\/wp\/v2\/posts"}],"about":[{"href":"https:\/\/agromt.news\/index.php?rest_route=\/wp\/v2\/types\/post"}],"author":[{"embeddable":true,"href":"https:\/\/agromt.news\/index.php?rest_route=\/wp\/v2\/users\/1"}],"replies":[{"embeddable":true,"href":"https:\/\/agromt.news\/index.php?rest_route=%2Fwp%2Fv2%2Fcomments&post=5047"}],"version-history":[{"count":0,"href":"https:\/\/agromt.news\/index.php?rest_route=\/wp\/v2\/posts\/5047\/revisions"}],"wp:featuredmedia":[{"embeddable":true,"href":"https:\/\/agromt.news\/index.php?rest_route=\/wp\/v2\/media\/5048"}],"wp:attachment":[{"href":"https:\/\/agromt.news\/index.php?rest_route=%2Fwp%2Fv2%2Fmedia&parent=5047"}],"wp:term":[{"taxonomy":"category","embeddable":true,"href":"https:\/\/agromt.news\/index.php?rest_route=%2Fwp%2Fv2%2Fcategories&post=5047"},{"taxonomy":"post_tag","embeddable":true,"href":"https:\/\/agromt.news\/index.php?rest_route=%2Fwp%2Fv2%2Ftags&post=5047"}],"curies":[{"name":"wp","href":"https:\/\/api.w.org\/{rel}","templated":true}]}}