{"id":5045,"date":"2024-11-15T13:28:55","date_gmt":"2024-11-15T17:28:55","guid":{"rendered":"https:\/\/agromt.news\/?p=5045"},"modified":"2024-11-15T13:28:55","modified_gmt":"2024-11-15T17:28:55","slug":"mala-localizada-proximo-a-camara-nao-tinha-explosivos","status":"publish","type":"post","link":"https:\/\/agromt.news\/?p=5045","title":{"rendered":"Mala localizada pr\u00f3ximo \u00e0 C\u00e2mara n\u00e3o tinha explosivos"},"content":{"rendered":"<p> <br \/>\n<br \/><img decoding=\"async\" src=\"https:\/\/agromt.news\/wp-content\/uploads\/2024\/11\/Mala-localizada-proximo-a-Camara-nao-tinha-explosivos.webp.webp\" \/><\/p>\n<div>\n<p>A Pol\u00edcia Militar do Distrito Federal (PMDF) localizou, na manh\u00e3 desta sexta-feira (15), uma mala considerada suspeita nas proximidades de um dos anexos da C\u00e2mara dos Deputados. Em nota, a corpora\u00e7\u00e3o informou que o Esquadr\u00e3o Antibomba, em meio a um patrulhamento preventivo na \u00e1rea, acionou a Opera\u00e7\u00e3o Petardo, especializada em explosivos, para analisar o objeto.<\/p>\n<p><em>Confira na palma da <\/em>m\u00e3o <em>informa\u00e7\u00f5es quentes sobre agricultura, pecu\u00e1ria, economia e previs\u00e3o do tempo:<\/em><a href=\"https:\/\/www.whatsapp.com\/channel\/0029Va9VnZxGk1FplZjiW43k\"><em> <\/em><strong>siga o Canal Rural no WhatsApp<\/strong><\/a>!<\/p>\n<p>\u201cAp\u00f3s avalia\u00e7\u00e3o t\u00e9cnica, foi constatado que a mala n\u00e3o continha explosivos. A \u00e1rea foi liberada em seguida e a situa\u00e7\u00e3o voltou \u00e0 normalidade\u201d, destacou a PMDF no comunicado.<\/p>\n<\/div>\n<div>\n<p>A Opera\u00e7\u00e3o Petardo define procedimento padr\u00e3o executado pela corpora\u00e7\u00e3o para ocorr\u00eancias onde h\u00e1 suspeita de artefato explosivo.<\/p>\n<p>Na quarta-feira (13), a Pra\u00e7a dos Tr\u00eas Poderes foi alvo de explos\u00f5es, no Supremo Tribunal Federal (STF) e em um dos estacionamentos da C\u00e2mara dos Deputados.<\/p>\n<p>O respons\u00e1vel pelos atentados, identificado como Francisco Wanderley Luiz, morreu no local de uma das explos\u00f5es.<\/p>\n<\/p><\/div>\n<p><br \/>\n<br \/><a href=\"https:\/\/www.canalrural.com.br\/seguranca\/mala-localizada-proximo-a-camara-nao-tinha-explosivos\/\">Source link <\/a><\/p>\n","protected":false},"excerpt":{"rendered":"<p>A Pol\u00edcia Militar do Distrito Federal (PMDF) localizou, na manh\u00e3 desta sexta-feira (15), uma mala considerada suspeita nas proximidades de<\/p>\n","protected":false},"author":1,"featured_media":5046,"comment_status":"open","ping_status":"open","sticky":false,"template":"","format":"standard","meta":{"_monsterinsights_skip_tracking":false,"_monsterinsights_sitenote_active":false,"_monsterinsights_sitenote_note":"","_monsterinsights_sitenote_category":0,"_uf_show_specific_survey":0,"_uf_disable_surveys":false,"footnotes":""},"categories":[1],"tags":[],"class_list":["post-5045","post","type-post","status-publish","format-standard","has-post-thumbnail","hentry","category-news"],"_links":{"self":[{"href":"https:\/\/agromt.news\/index.php?rest_route=\/wp\/v2\/posts\/5045"}],"collection":[{"href":"https:\/\/agromt.news\/index.php?rest_route=\/wp\/v2\/posts"}],"about":[{"href":"https:\/\/agromt.news\/index.php?rest_route=\/wp\/v2\/types\/post"}],"author":[{"embeddable":true,"href":"https:\/\/agromt.news\/index.php?rest_route=\/wp\/v2\/users\/1"}],"replies":[{"embeddable":true,"href":"https:\/\/agromt.news\/index.php?rest_route=%2Fwp%2Fv2%2Fcomments&post=5045"}],"version-history":[{"count":0,"href":"https:\/\/agromt.news\/index.php?rest_route=\/wp\/v2\/posts\/5045\/revisions"}],"wp:featuredmedia":[{"embeddable":true,"href":"https:\/\/agromt.news\/index.php?rest_route=\/wp\/v2\/media\/5046"}],"wp:attachment":[{"href":"https:\/\/agromt.news\/index.php?rest_route=%2Fwp%2Fv2%2Fmedia&parent=5045"}],"wp:term":[{"taxonomy":"category","embeddable":true,"href":"https:\/\/agromt.news\/index.php?rest_route=%2Fwp%2Fv2%2Fcategories&post=5045"},{"taxonomy":"post_tag","embeddable":true,"href":"https:\/\/agromt.news\/index.php?rest_route=%2Fwp%2Fv2%2Ftags&post=5045"}],"curies":[{"name":"wp","href":"https:\/\/api.w.org\/{rel}","templated":true}]}}