{"id":4969,"date":"2024-11-13T20:04:15","date_gmt":"2024-11-14T00:04:15","guid":{"rendered":"https:\/\/agromt.news\/?p=4969"},"modified":"2024-11-13T20:04:15","modified_gmt":"2024-11-14T00:04:15","slug":"paises-questionam-subsidios-da-india-ao-trigo-e-arroz-na-omc","status":"publish","type":"post","link":"https:\/\/agromt.news\/?p=4969","title":{"rendered":"Pa\u00edses questionam subs\u00eddios da \u00cdndia ao trigo e arroz na OMC"},"content":{"rendered":"<p> <br \/>\n<\/p>\n<div>\n<div class=\"row\">\n<div class=\"col-lg col-infos mt-3 mt-lg-0\">\n<div class=\"section-sub-title\">\n<p itemprop=\"description\">&#13;<br \/>\n                                Segundo as regras da OMC, a \u00cdndia deve limitar seus subs\u00eddios&#13;\n                            <\/p>\n<\/p><\/div>\n<div class=\"container\">\n<div class=\"row\">\n<div class=\"col-lg p-0\">\n<div>\n<div class=\"block-news-main-infos mt-3 text-start\">\n<p>                                            <strong class=\"fn\" itemprop=\"author\" style=\"color: rgb(112, 112, 112); \">&#13;<br \/>\n                                                <a href=\"https:\/\/www.agrolink.com.br\/noticias\/javascript:;\" class=\"text-uppercase\" target=\"_blank\" style=\"color: rgb(112, 112, 112); \" rel=\"noopener\">Agrolink<\/a>&#13;<br \/>\n&#13;<br \/>\n                                                    &#8211; Leonardo Gottems&#13;<br \/>\n&#13;<br \/>\n                                            <\/strong><br \/>\n                                        <\/p>\n<p>                                            <abbr><time datetime=\"2024-11-12T17:10\" itemprop=\"datePublished dateModified\">Publicado em 12\/11\/2024 \u00e0s 17:10h.<\/time><\/abbr><br \/>\n                                            <\/p><\/div>\n<\/p><\/div>\n<\/p><\/div>\n<div class=\"col-lg p-0 text-lg-end\">\n<div>\n<div id=\"mdEnviarPagina\" class=\"modal fade\" role=\"dialog\">\n<div class=\"modal-dialog\">\n<div class=\"modal-content\">\n<div class=\"modal-body\">\n<p><strong>Estimado usu\u00e1rio.<\/strong><br \/>Preencha o formul\u00e1rio abaixo para remeter a p\u00e1gina.<\/p>\n<\/p><\/div>\n<\/p><\/div>\n<\/p><\/div>\n<\/div><\/div>\n<\/p><\/div>\n<\/p><\/div>\n<\/p><\/div>\n<\/p><\/div>\n<\/p><\/div>\n<div class=\"row justify-content-md-center mt-3\">\n<div class=\"col-lg-auto col-image  block-news-main-image d-none d-md-block\">\n<p>                            <img decoding=\"async\" src=\"https:\/\/www.agrolink.com.br\/upload\/imagens-resizes\/84c2db7b11d44933b04595ae1e433c9c_858x483.jpg\" class=\"lazyload \" alt=\"Segundo as regras da OMC, a \u00cdndia deve limitar seus subs\u00eddios\"\/><br \/>\n                                            <span class=\"d-block mt-1\">Segundo as regras da OMC, a \u00cdndia deve limitar seus subs\u00eddios &#8211; Foto: Divulga\u00e7\u00e3o<\/span><\/p><\/div>\n<\/p><\/div>\n<div class=\"section-description section-description-noticias mt-3\">\n<p>Estados Unidos, Argentina, Austr\u00e1lia, Canad\u00e1 e Ucr\u00e2nia apresentaram uma contranotifica\u00e7\u00e3o \u00e0 Organiza\u00e7\u00e3o Mundial do Com\u00e9rcio (OMC) sobre os subs\u00eddios da \u00cdndia para <a href=\"https:\/\/www.agrolink.com.br\/culturas\/trigo\/?utm_source=agrolink-detalhe-noticia&amp;utm_medium=detalhe-noticia&amp;utm_campaign=links-internos\" target=\"_blank\" rel=\"noopener\">trigo<\/a> e <a href=\"https:\/\/www.agrolink.com.br\/culturas\/arroz\/?utm_source=agrolink-detalhe-noticia&amp;utm_medium=detalhe-noticia&amp;utm_campaign=links-internos\" target=\"_blank\" rel=\"noopener\">arroz<\/a>. A medida, liderada pelos EUA, aponta a falta de transpar\u00eancia do governo indiano sobre o real n\u00edvel de apoio dado a esses produtos.&#13;\n<\/p>\n<p>Segundo as regras da OMC, a \u00cdndia deve limitar seus subs\u00eddios a 10% do valor total da produ\u00e7\u00e3o agr\u00edcola. No entanto, a contranotifica\u00e7\u00e3o, que cobre os anos de comercializa\u00e7\u00e3o de 2021-22 e 2022-23, alega, com base nos dados do pr\u00f3prio governo indiano, que o pa\u00eds excedeu esse limite. Programas de apoio ao trigo incentivam a superprodu\u00e7\u00e3o, desencorajando o cultivo de outras culturas e resultando em grandes estoques p\u00fablicos. Eventualmente, o governo indiano libera esse excesso no mercado internacional, causando distor\u00e7\u00f5es e prejudicando agricultores de pa\u00edses exportadores.<\/p>\n<p>Vince Peterson, presidente da US Wheat Associates, elogiou o trabalho dos EUA e dos outros pa\u00edses em evidenciar essa distor\u00e7\u00e3o comercial. Segundo ele, o governo indiano continua fora de conformidade e sua insist\u00eancia nos n\u00edveis altos de subs\u00eddios impede avan\u00e7os nas negocia\u00e7\u00f5es agr\u00edcolas da OMC.&#13;\n<\/p>\n<p>Os agricultores dos Estados Unidos entendem a import\u00e2ncia de apoiar os produtores quando necess\u00e1rio. No entanto, a abordagem da \u00cdndia est\u00e1 incorreta, e \u00e9 fundamental que eles honrem seus compromissos&#8221;, ressaltou.<\/p>\n<p>Esta \u00e9 a terceira contra-notifica\u00e7\u00e3o dos EUA contra os subs\u00eddios indianos. A primeira foi em 2018 e a segunda, em 2023, teve apoio de Austr\u00e1lia, Canad\u00e1, Paraguai, Tail\u00e2ndia e Ucr\u00e2nia. Segundo Bobby Hanks, da USA Rice, a press\u00e3o de outros pa\u00edses pode levar a um poss\u00edvel processo de resolu\u00e7\u00e3o de disputas contra a \u00cdndia na OMC.<br \/>&#13;<br \/>\n\u00a0<\/p>\n<\/p><\/div>\n<\/p><\/div>\n<p><script data-cfasync=\"false\">\n    !function (f, b, e, v, n, t, s) {\n        if (f.fbq) return; n = f.fbq = function () {\n            n.callMethod ?\n                n.callMethod.apply(n, arguments) : n.queue.push(arguments)\n        };\n        if (!f._fbq) f._fbq = n; n.push = n; n.loaded = !0; n.version = '2.0';\n        n.queue = []; t = b.createElement(e); t.async = !0;\n        t.src = v; s = b.getElementsByTagName(e)[0];\n        s.parentNode.insertBefore(t, s)\n    }(window, document, 'script',\n        'https:\/\/connect.facebook.net\/en_US\/fbevents.js');\n    fbq('init', '522546078623747');\n    fbq('track', 'PageView');\n<\/script><br \/>\n<br \/><br \/>\n<br \/><a href=\"https:\/\/www.agrolink.com.br\/noticias\/paises-questionam-subsidios-da-india-ao-trigo-e-arroz-na-omc_496774.html\">Source link <\/a><\/p>\n","protected":false},"excerpt":{"rendered":"<p>&#13; Segundo as regras da OMC, a \u00cdndia deve limitar seus subs\u00eddios&#13; &#13; Agrolink&#13; &#13; &#8211; Leonardo Gottems&#13; &#13; Publicado<\/p>\n","protected":false},"author":1,"featured_media":2345,"comment_status":"open","ping_status":"open","sticky":false,"template":"","format":"standard","meta":{"_monsterinsights_skip_tracking":false,"_monsterinsights_sitenote_active":false,"_monsterinsights_sitenote_note":"","_monsterinsights_sitenote_category":0,"_uf_show_specific_survey":0,"_uf_disable_surveys":false,"footnotes":""},"categories":[8,1,14],"tags":[],"class_list":["post-4969","post","type-post","status-publish","format-standard","has-post-thumbnail","hentry","category-agro","category-news","category-politica-agro"],"_links":{"self":[{"href":"https:\/\/agromt.news\/index.php?rest_route=\/wp\/v2\/posts\/4969"}],"collection":[{"href":"https:\/\/agromt.news\/index.php?rest_route=\/wp\/v2\/posts"}],"about":[{"href":"https:\/\/agromt.news\/index.php?rest_route=\/wp\/v2\/types\/post"}],"author":[{"embeddable":true,"href":"https:\/\/agromt.news\/index.php?rest_route=\/wp\/v2\/users\/1"}],"replies":[{"embeddable":true,"href":"https:\/\/agromt.news\/index.php?rest_route=%2Fwp%2Fv2%2Fcomments&post=4969"}],"version-history":[{"count":0,"href":"https:\/\/agromt.news\/index.php?rest_route=\/wp\/v2\/posts\/4969\/revisions"}],"wp:featuredmedia":[{"embeddable":true,"href":"https:\/\/agromt.news\/index.php?rest_route=\/wp\/v2\/media\/2345"}],"wp:attachment":[{"href":"https:\/\/agromt.news\/index.php?rest_route=%2Fwp%2Fv2%2Fmedia&parent=4969"}],"wp:term":[{"taxonomy":"category","embeddable":true,"href":"https:\/\/agromt.news\/index.php?rest_route=%2Fwp%2Fv2%2Fcategories&post=4969"},{"taxonomy":"post_tag","embeddable":true,"href":"https:\/\/agromt.news\/index.php?rest_route=%2Fwp%2Fv2%2Ftags&post=4969"}],"curies":[{"name":"wp","href":"https:\/\/api.w.org\/{rel}","templated":true}]}}