{"id":4965,"date":"2024-11-13T19:25:54","date_gmt":"2024-11-13T23:25:54","guid":{"rendered":"https:\/\/agromt.news\/?p=4965"},"modified":"2024-11-13T19:25:54","modified_gmt":"2024-11-13T23:25:54","slug":"vice-chair-do-fed-diz-que-corte-de-juros-tem-como-objetivo-manter-o-mercado","status":"publish","type":"post","link":"https:\/\/agromt.news\/?p=4965","title":{"rendered":"Vice-chair do Fed diz que corte de juros tem como objetivo manter o mercado&#8230;"},"content":{"rendered":"<p> <br \/>\n<\/p>\n<div>\n<p><img decoding=\"async\" alt=\"Logotipo Reuters\" height=\"22\" src=\"https:\/\/cdn.noticiasagricolas.com.br\/dbimagens\/0f687b0f35da9d220b6477534ce7c667.gif\" width=\"71\"\/><\/p>\n<p><img decoding=\"async\" alt=\"\" src=\"https:\/\/rmb.reuters.com\/rmd\/rss\/content\/tag:reuters.com,2024:newsml_LYNXMPEK980D5:1\/tag:reuters.com,2024:binary_LYNXMPEK980D5-VIEWIMAGE\"\/><\/p>\n<p>(Reuters) &#8211; O vice-chair do Federal Reserve, Philip Jefferson, disse na ter\u00e7a-feira que o corte de 50 pontos b\u00e1sicos na taxa de juros pelo banco central dos Estados Unidos no m\u00eas passado teve como objetivo manter o mercado de trabalho forte, mesmo que a infla\u00e7\u00e3o continue a diminuir.<\/p>\n<p>&#8220;O Fomc ganhou mais confian\u00e7a de que a infla\u00e7\u00e3o est\u00e1 se movendo de forma sustent\u00e1vel em dire\u00e7\u00e3o \u00e0 nossa meta de 2%&#8221;, disse Jefferson, referindo-se ao Comit\u00ea Federal de Mercado Aberto, do qual ele \u00e9 membro.<\/p>\n<p>&#8220;Para manter a for\u00e7a do mercado de trabalho, meus pares do Fomc e eu recalibramos nossa postura de pol\u00edtica monet\u00e1ria no m\u00eas passado.&#8221;<\/p>\n<p>O corte de 50 pontos-base nos juros na reuni\u00e3o de 17 e 18 de setembro do Fed foi maior do que muitos analistas esperavam. Em coment\u00e1rios preparados para evento do Davidson College, na Carolina do Norte, Jefferson explicou o racioc\u00ednio por tr\u00e1s da decis\u00e3o praticamente nos mesmos termos em que o chair do Fed, Jerome Powell, o fez &#8211; como uma tentativa de manter a economia saud\u00e1vel, sem deixar de combater a infla\u00e7\u00e3o.<\/p>\n<p>&#8220;A atividade econ\u00f4mica continua a crescer em um ritmo s\u00f3lido. A infla\u00e7\u00e3o diminuiu substancialmente. O mercado de trabalho esfriou em rela\u00e7\u00e3o ao seu estado anteriormente superaquecido&#8221;, disse Jefferson.<\/p>\n<p>A infla\u00e7\u00e3o segundo a medida visada pelo Fed, a varia\u00e7\u00e3o anual do \u00edndice PCE, foi de 2,2% em agosto, &#8220;muito mais pr\u00f3xima&#8221; da meta de 2% do Fed do que h\u00e1 dois anos, quando era de 6,5%, disse Jefferson.<\/p>\n<p>&#8220;Espero que continuemos a progredir em dire\u00e7\u00e3o a essa meta.&#8221;<\/p>\n<p>Enquanto isso, o desemprego est\u00e1 em 4,1%, um aumento &#8220;limitado&#8221; em rela\u00e7\u00e3o aos 3,8% de um ano atr\u00e1s, disse Jefferson. No entanto, o crescimento do emprego diminuiu. &#8220;O esfriamento do mercado de trabalho \u00e9 percept\u00edvel&#8221;, disse ele.<\/p>\n<p>Em uma linguagem que ecoou o comunicado p\u00f3s-reuni\u00e3o do Fed no m\u00eas passado, Jefferson disse que observar\u00e1 os dados, as perspectivas e o equil\u00edbrio dos riscos ao considerar novos cortes nos juros.<\/p>\n<p>&#8220;Minha abordagem para a formula\u00e7\u00e3o da pol\u00edtica monet\u00e1ria \u00e9 tomar decis\u00f5es reuni\u00e3o a reuni\u00e3o&#8221;, disse Jefferson. &#8220;\u00c0 medida que a economia evolui, continuarei a atualizar meu pensamento para melhor promover o emprego m\u00e1ximo e a estabilidade de pre\u00e7os.&#8221;<\/p>\n<p>(Reportagem de Ann Saphir)<\/p>\n<\/p><\/div>\n<p><script async defer src=\"https:\/\/connect.facebook.net\/en_US\/sdk.js\" type=\"961af14e8547260ee9507d58-text\/javascript\"><\/script><script type=\"961af14e8547260ee9507d58-text\/javascript\">\n  !function(f,b,e,v,n,t,s)\n  {if(f.fbq)return;n=f.fbq=function(){n.callMethod?\n    n.callMethod.apply(n,arguments):n.queue.push(arguments)};\n    if(!f._fbq)f._fbq=n;n.push=n;n.loaded=!0;n.version='2.0';\n    n.queue=[];t=b.createElement(e);t.async=!0;\n    t.src=v;s=b.getElementsByTagName(e)[0];\n    s.parentNode.insertBefore(t,s)}(window, document,'script',\n    'https:\/\/connect.facebook.net\/en_US\/fbevents.js');\n  fbq('init', '153495679422335');\n  fbq('track', 'PageView');\n<\/script><br \/>\n<br \/><br \/>\n<br \/><a href=\"https:\/\/www.noticiasagricolas.com.br\/noticias\/politica-economia\/386411-vice-chair-do-fed-diz-que-corte-de-juros-tem-como-objetivo-manter-o-mercado-de-trabalho-dos-eua-forte.html\">Source link <\/a><\/p>\n","protected":false},"excerpt":{"rendered":"<p>(Reuters) &#8211; O vice-chair do Federal Reserve, Philip Jefferson, disse na ter\u00e7a-feira que o corte de 50 pontos b\u00e1sicos na<\/p>\n","protected":false},"author":1,"featured_media":4966,"comment_status":"open","ping_status":"open","sticky":false,"template":"","format":"standard","meta":{"_monsterinsights_skip_tracking":false,"_monsterinsights_sitenote_active":false,"_monsterinsights_sitenote_note":"","_monsterinsights_sitenote_category":0,"_uf_show_specific_survey":0,"_uf_disable_surveys":false,"footnotes":""},"categories":[8,1,14,16],"tags":[],"class_list":["post-4965","post","type-post","status-publish","format-standard","has-post-thumbnail","hentry","category-agro","category-news","category-politica-agro","category-safra"],"_links":{"self":[{"href":"https:\/\/agromt.news\/index.php?rest_route=\/wp\/v2\/posts\/4965"}],"collection":[{"href":"https:\/\/agromt.news\/index.php?rest_route=\/wp\/v2\/posts"}],"about":[{"href":"https:\/\/agromt.news\/index.php?rest_route=\/wp\/v2\/types\/post"}],"author":[{"embeddable":true,"href":"https:\/\/agromt.news\/index.php?rest_route=\/wp\/v2\/users\/1"}],"replies":[{"embeddable":true,"href":"https:\/\/agromt.news\/index.php?rest_route=%2Fwp%2Fv2%2Fcomments&post=4965"}],"version-history":[{"count":0,"href":"https:\/\/agromt.news\/index.php?rest_route=\/wp\/v2\/posts\/4965\/revisions"}],"wp:featuredmedia":[{"embeddable":true,"href":"https:\/\/agromt.news\/index.php?rest_route=\/wp\/v2\/media\/4966"}],"wp:attachment":[{"href":"https:\/\/agromt.news\/index.php?rest_route=%2Fwp%2Fv2%2Fmedia&parent=4965"}],"wp:term":[{"taxonomy":"category","embeddable":true,"href":"https:\/\/agromt.news\/index.php?rest_route=%2Fwp%2Fv2%2Fcategories&post=4965"},{"taxonomy":"post_tag","embeddable":true,"href":"https:\/\/agromt.news\/index.php?rest_route=%2Fwp%2Fv2%2Ftags&post=4965"}],"curies":[{"name":"wp","href":"https:\/\/api.w.org\/{rel}","templated":true}]}}