{"id":4957,"date":"2024-11-13T17:43:20","date_gmt":"2024-11-13T21:43:20","guid":{"rendered":"https:\/\/agromt.news\/?p=4957"},"modified":"2024-11-13T17:43:20","modified_gmt":"2024-11-13T21:43:20","slug":"mercado-de-acucar-inicia-semana-em-queda","status":"publish","type":"post","link":"https:\/\/agromt.news\/?p=4957","title":{"rendered":"Mercado de a\u00e7\u00facar inicia semana em queda"},"content":{"rendered":"<p> <br \/>\n<\/p>\n<div>\n<p style=\"text-align:justify\">De acordo com os dados da Uni\u00e3o Nacional da Bioenergia (Udop), os contratos futuros do a\u00e7\u00facar abriram a semana em queda nas bolsas internacionais, com investidores aguardando o balan\u00e7o da safra da segunda quinzena de outubro. A Uni\u00e3o da Ind\u00fastria de <a href=\"https:\/\/www.agrolink.com.br\/culturas\/cana-de-acucar\/?utm_source=agrolink-detalhe-noticia&amp;utm_medium=detalhe-noticia&amp;utm_campaign=links-internos\" target=\"_blank\" rel=\"noopener\">Cana-de-a\u00e7\u00facar<\/a> e Bioenergia (Unica) divulgar\u00e1 os dados ao final da manh\u00e3 desta ter\u00e7a-feira, o que deve trazer mais clareza ao mercado sobre os impactos recentes no setor.&#13;\n<\/p>\n<p style=\"text-align:justify\">A estimativa da S&amp;P Global Commodity Insights sugere uma poss\u00edvel queda de 28,3% na produ\u00e7\u00e3o de a\u00e7\u00facar durante o per\u00edodo, devido \u00e0s chuvas intensas na regi\u00e3o Centro-Sul do Brasil, respons\u00e1vel por mais de 90% da produ\u00e7\u00e3o nacional.<\/p>\n<p style=\"text-align:justify\"><a href=\"https:\/\/www.whatsapp.com\/channel\/0029Va6ABTpIHphIQkFBgA12\" target=\"_blank\" rel=\"noopener\">Clique para seguir o canal do Agrolink no WhatsApp<\/a><\/p>\n<p style=\"text-align:justify\">Segundo a UDOP, na ICE Futures, de Nova York, o contrato de a\u00e7\u00facar bruto para mar\u00e7o de 2025 encerrou o dia a 21,36 centavos de d\u00f3lar por libra-peso, uma queda de 2,1% ou 46 pontos em rela\u00e7\u00e3o ao fechamento anterior. O contrato para maio de 2025 recuou 44 pontos, cotado a 19,95 cts\/lb, com demais contratos oscilando entre 21 e 42 pontos negativos. J\u00e1 na ICE Futures Europe, de Londres, o a\u00e7\u00facar branco tamb\u00e9m registrou queda em todos os contratos, com o lote de dezembro de 2024 cotado a US$ 551,80 por tonelada, recuo de 4,80 d\u00f3lares (0,9%) frente aos valores de sexta-feira. O contrato para mar\u00e7o de 2025 caiu 7,90 d\u00f3lares, fechando a US$ 561,30.&#13;\n<\/p>\n<p style=\"text-align:justify\">Por outro lado, o mercado interno apresentou leve alta. O Indicador Cepea\/Esalq para o a\u00e7\u00facar cristal registrou uma valoriza\u00e7\u00e3o de 0,18% na segunda-feira (11), com a saca de 50 quilos negociada a R$ 166,76, acumulando alta de 1,81% em novembro, conforme divulgou a Udop.&#13;\n<\/p>\n<\/p><\/div>\n<p><script data-cfasync=\"false\">\n    !function (f, b, e, v, n, t, s) {\n        if (f.fbq) return; n = f.fbq = function () {\n            n.callMethod ?\n                n.callMethod.apply(n, arguments) : n.queue.push(arguments)\n        };\n        if (!f._fbq) f._fbq = n; n.push = n; n.loaded = !0; n.version = '2.0';\n        n.queue = []; t = b.createElement(e); t.async = !0;\n        t.src = v; s = b.getElementsByTagName(e)[0];\n        s.parentNode.insertBefore(t, s)\n    }(window, document, 'script',\n        'https:\/\/connect.facebook.net\/en_US\/fbevents.js');\n    fbq('init', '522546078623747');\n    fbq('track', 'PageView');\n<\/script><br \/>\n<br \/><br \/>\n<br \/><a href=\"https:\/\/www.agrolink.com.br\/noticias\/mercado-de-acucar-iniciam-semana-em-queda_496775.html\">Source link <\/a><\/p>\n","protected":false},"excerpt":{"rendered":"<p>De acordo com os dados da Uni\u00e3o Nacional da Bioenergia (Udop), os contratos futuros do a\u00e7\u00facar abriram a semana em<\/p>\n","protected":false},"author":1,"featured_media":3867,"comment_status":"open","ping_status":"open","sticky":false,"template":"","format":"standard","meta":{"_monsterinsights_skip_tracking":false,"_monsterinsights_sitenote_active":false,"_monsterinsights_sitenote_note":"","_monsterinsights_sitenote_category":0,"_uf_show_specific_survey":0,"_uf_disable_surveys":false,"footnotes":""},"categories":[8,1,14],"tags":[],"class_list":["post-4957","post","type-post","status-publish","format-standard","has-post-thumbnail","hentry","category-agro","category-news","category-politica-agro"],"_links":{"self":[{"href":"https:\/\/agromt.news\/index.php?rest_route=\/wp\/v2\/posts\/4957"}],"collection":[{"href":"https:\/\/agromt.news\/index.php?rest_route=\/wp\/v2\/posts"}],"about":[{"href":"https:\/\/agromt.news\/index.php?rest_route=\/wp\/v2\/types\/post"}],"author":[{"embeddable":true,"href":"https:\/\/agromt.news\/index.php?rest_route=\/wp\/v2\/users\/1"}],"replies":[{"embeddable":true,"href":"https:\/\/agromt.news\/index.php?rest_route=%2Fwp%2Fv2%2Fcomments&post=4957"}],"version-history":[{"count":0,"href":"https:\/\/agromt.news\/index.php?rest_route=\/wp\/v2\/posts\/4957\/revisions"}],"wp:featuredmedia":[{"embeddable":true,"href":"https:\/\/agromt.news\/index.php?rest_route=\/wp\/v2\/media\/3867"}],"wp:attachment":[{"href":"https:\/\/agromt.news\/index.php?rest_route=%2Fwp%2Fv2%2Fmedia&parent=4957"}],"wp:term":[{"taxonomy":"category","embeddable":true,"href":"https:\/\/agromt.news\/index.php?rest_route=%2Fwp%2Fv2%2Fcategories&post=4957"},{"taxonomy":"post_tag","embeddable":true,"href":"https:\/\/agromt.news\/index.php?rest_route=%2Fwp%2Fv2%2Ftags&post=4957"}],"curies":[{"name":"wp","href":"https:\/\/api.w.org\/{rel}","templated":true}]}}