{"id":4860,"date":"2024-11-12T08:17:56","date_gmt":"2024-11-12T12:17:56","guid":{"rendered":"https:\/\/agromt.news\/?p=4860"},"modified":"2024-11-12T08:17:56","modified_gmt":"2024-11-12T12:17:56","slug":"venda-de-cafe-no-varejo-foi-07-maior-em-setembro","status":"publish","type":"post","link":"https:\/\/agromt.news\/?p=4860","title":{"rendered":"venda de caf\u00e9 no varejo foi 0,7% maior em setembro"},"content":{"rendered":"<p> <br \/>\n<br \/><img decoding=\"async\" src=\"https:\/\/agromt.news\/wp-content\/uploads\/2024\/10\/Precos-do-cafe-no-atacado-devem-aumentar-25-ainda-em.jpg\" \/><\/p>\n<div>\n<p>A venda de caf\u00e9 no varejo registrou leve crescimento em setembro em rela\u00e7\u00e3o ao ano anterior, de 0,70%, de acordo com a Associa\u00e7\u00e3o Brasileira da Ind\u00fastria de Caf\u00e9 (<strong>Abic<\/strong>). O volume total vendido foi de 1.239.489 sacas de 60 kg, frente \u00e0s 1.230.438 sacas registradas em setembro de 2023. Em rela\u00e7\u00e3o ao m\u00eas anterior, as vendas de setembro subiram 3,5%. No acumulado entre janeiro e setembro de 2024, o setor registra crescimento de 1,1% nas vendas, totalizando 10.475.750 sacas, comparadas \u00e0s 10.363.786 sacas do igual per\u00edodo de 2023.<\/p>\n<p><em>Confira na palma da <\/em>m\u00e3o <em>informa\u00e7\u00f5es quentes sobre agricultura, pecu\u00e1ria, economia e previs\u00e3o do tempo:<\/em><a href=\"https:\/\/www.whatsapp.com\/channel\/0029Va9VnZxGk1FplZjiW43k\"><em> <\/em><strong>siga o Canal Rural no WhatsApp<\/strong><\/a>!<\/p>\n<p>Os pre\u00e7os do caf\u00e9 variaram entre as diferentes categorias, com destaque para o caf\u00e9 tradicional\/extraforte, com o maior aumento, de 26,20% na compara\u00e7\u00e3o anual, seguido pelo caf\u00e9 sol\u00favel, com alta de 15,80%. O caf\u00e9 superior teve aumento de 14,81%, enquanto as c\u00e1psulas apresentaram queda de 3,71% no pre\u00e7o m\u00e9dio.<\/p>\n<\/div>\n<div>\n<p>Em termos regionais, o Norte destacou-se com os pre\u00e7os mais altos para o caf\u00e9 tradicional\/extraforte e para o caf\u00e9 especial, de R$ 47,17\/kg e R$ 124,07\/kg, respectivamente. J\u00e1 o Sul teve o caf\u00e9 superior com maior pre\u00e7o, de R$ 75,65\/kg, enquanto o Centro-Oeste liderou no pre\u00e7o do caf\u00e9 gourmet, de R$ 91,24\/kg.<\/p>\n<p>No canal de distribui\u00e7\u00e3o, o atacarejo consolidou-se como o principal ponto de venda, com presen\u00e7a de caf\u00e9 em 18,90% das cestas b\u00e1sicas, em compara\u00e7\u00e3o aos 16% do ano anterior. A classe D, com 14,40%, foi a que mais destinou recursos ao caf\u00e9, seguida pela classe C, com 10,50%. As classes AB apresentaram o maior t\u00edquete m\u00e9dio, de R$ 25,41.<\/p>\n<\/p><\/div>\n<p><br \/>\n<br \/><a href=\"https:\/\/www.canalrural.com.br\/agricultura\/abic-venda-de-cafe-no-varejo-foi-07-maior-em-setembro\/\">Source link <\/a><\/p>\n","protected":false},"excerpt":{"rendered":"<p>A venda de caf\u00e9 no varejo registrou leve crescimento em setembro em rela\u00e7\u00e3o ao ano anterior, de 0,70%, de acordo<\/p>\n","protected":false},"author":1,"featured_media":4161,"comment_status":"open","ping_status":"open","sticky":false,"template":"","format":"standard","meta":{"_monsterinsights_skip_tracking":false,"_monsterinsights_sitenote_active":false,"_monsterinsights_sitenote_note":"","_monsterinsights_sitenote_category":0,"_uf_show_specific_survey":0,"_uf_disable_surveys":false,"footnotes":""},"categories":[1],"tags":[],"class_list":["post-4860","post","type-post","status-publish","format-standard","has-post-thumbnail","hentry","category-news"],"_links":{"self":[{"href":"https:\/\/agromt.news\/index.php?rest_route=\/wp\/v2\/posts\/4860"}],"collection":[{"href":"https:\/\/agromt.news\/index.php?rest_route=\/wp\/v2\/posts"}],"about":[{"href":"https:\/\/agromt.news\/index.php?rest_route=\/wp\/v2\/types\/post"}],"author":[{"embeddable":true,"href":"https:\/\/agromt.news\/index.php?rest_route=\/wp\/v2\/users\/1"}],"replies":[{"embeddable":true,"href":"https:\/\/agromt.news\/index.php?rest_route=%2Fwp%2Fv2%2Fcomments&post=4860"}],"version-history":[{"count":0,"href":"https:\/\/agromt.news\/index.php?rest_route=\/wp\/v2\/posts\/4860\/revisions"}],"wp:featuredmedia":[{"embeddable":true,"href":"https:\/\/agromt.news\/index.php?rest_route=\/wp\/v2\/media\/4161"}],"wp:attachment":[{"href":"https:\/\/agromt.news\/index.php?rest_route=%2Fwp%2Fv2%2Fmedia&parent=4860"}],"wp:term":[{"taxonomy":"category","embeddable":true,"href":"https:\/\/agromt.news\/index.php?rest_route=%2Fwp%2Fv2%2Fcategories&post=4860"},{"taxonomy":"post_tag","embeddable":true,"href":"https:\/\/agromt.news\/index.php?rest_route=%2Fwp%2Fv2%2Ftags&post=4860"}],"curies":[{"name":"wp","href":"https:\/\/api.w.org\/{rel}","templated":true}]}}