{"id":4844,"date":"2024-11-11T19:34:07","date_gmt":"2024-11-11T23:34:07","guid":{"rendered":"https:\/\/agromt.news\/?p=4844"},"modified":"2024-11-11T19:34:07","modified_gmt":"2024-11-11T23:34:07","slug":"fatores-de-alta-e-baixa","status":"publish","type":"post","link":"https:\/\/agromt.news\/?p=4844","title":{"rendered":"Fatores de alta e baixa"},"content":{"rendered":"<p> <br \/>\n<\/p>\n<div>\n<p>A TF Agroecon\u00f4mica recomenda que produtores aproveitem o momento para fixar pre\u00e7os do <a href=\"https:\/\/www.agrolink.com.br\/culturas\/milho?utm_source=agrolink-detalhe-noticia&amp;utm_medium=detalhe-noticia&amp;utm_campaign=links-internos&#9;\" target=\"_blank\" rel=\"noopener\">milho<\/a>, mesmo que o lucro esteja baixo, pois h\u00e1 maior probabilidade de queda nos valores a m\u00e9dio e longo prazos. Al\u00e9m disso, sugere-se que o pr\u00f3ximo inverno seja aproveitado para o plantio de <a href=\"https:\/\/www.agrolink.com.br\/culturas\/trigo\/?utm_source=agrolink-detalhe-noticia&amp;utm_medium=detalhe-noticia&amp;utm_campaign=links-internos\" target=\"_blank\" rel=\"noopener\">trigo<\/a> em vez de <a href=\"https:\/\/www.agrolink.com.br\/culturas\/milho?utm_source=agrolink-detalhe-noticia&amp;utm_medium=detalhe-noticia&amp;utm_campaign=links-internos&#9;\" target=\"_blank\" rel=\"noopener\">milho<\/a>, dado o maior potencial de lucro da cultura do <a href=\"https:\/\/www.agrolink.com.br\/culturas\/trigo\/?utm_source=agrolink-detalhe-noticia&amp;utm_medium=detalhe-noticia&amp;utm_campaign=links-internos\" target=\"_blank\" rel=\"noopener\">trigo<\/a> para 2024.&#13;\n<\/p>\n<p>Entre os fatores de alta para o milho, destaca-se a demanda crescente dos Estados Unidos, impulsionada por compras do M\u00e9xico, que enfrentou seca e aumentou suas importa\u00e7\u00f5es, e pela China, que antecipou compras devido a poss\u00edveis san\u00e7\u00f5es. O USDA reportou vendas de milho acima das expectativas, com o M\u00e9xico adquirindo 1,39 milh\u00e3o de toneladas.\u00a0<\/p>\n<p>Outro ponto de eleva\u00e7\u00e3o foi o ajuste feito pelo USDA no rendimento m\u00e9dio do milho, reduzindo a previs\u00e3o de colheita dos EUA para 384,64 milh\u00f5es de toneladas, abaixo das expectativas de mercado. No Brasil, a forte demanda interna, puxada pelo setor de carnes, tem mantido os pre\u00e7os do milho em patamares levemente lucrativos, uma disputa que pode continuar at\u00e9 a colheita de ver\u00e3o em estados como RS e MG.&#13;\n<\/p>\n<p>J\u00e1 entre os fatores de baixa, um aspecto relevante \u00e9 a diminui\u00e7\u00e3o nas importa\u00e7\u00f5es de milho pela China, que foi ajustada pelo USDA para 16 milh\u00f5es de toneladas, representando uma queda de 30,43% em rela\u00e7\u00e3o a estimativas anteriores. Esse decl\u00ednio poder\u00e1 afetar mais o mercado brasileiro do que o norte-americano, dada a import\u00e2ncia do pa\u00eds sul-americano como fornecedor para a China desde o final de 2022.\u00a0<\/p>\n<p>Outro fator de baixa \u00e9 o clima favor\u00e1vel na Am\u00e9rica do Sul, com chuvas ben\u00e9ficas tanto para as colheitas iniciais quanto para o desenvolvimento da Safrinha. No Brasil, as boas condi\u00e7\u00f5es clim\u00e1ticas permitem que o plantio da soja siga dentro do cronograma ideal, essencial para o sucesso da segunda safra de milho. Por fim, a imin\u00eancia da colheita de ver\u00e3o e o aumento dos pre\u00e7os do milho acima dos custos de produ\u00e7\u00e3o para as ind\u00fastrias de carne podem reduzir a demanda a curto prazo, buscando um equil\u00edbrio nos custos.&#13;\n<\/p>\n<\/p><\/div>\n<p><script data-cfasync=\"false\">\n    !function (f, b, e, v, n, t, s) {\n        if (f.fbq) return; n = f.fbq = function () {\n            n.callMethod ?\n                n.callMethod.apply(n, arguments) : n.queue.push(arguments)\n        };\n        if (!f._fbq) f._fbq = n; n.push = n; n.loaded = !0; n.version = '2.0';\n        n.queue = []; t = b.createElement(e); t.async = !0;\n        t.src = v; s = b.getElementsByTagName(e)[0];\n        s.parentNode.insertBefore(t, s)\n    }(window, document, 'script',\n        'https:\/\/connect.facebook.net\/en_US\/fbevents.js');\n    fbq('init', '522546078623747');\n    fbq('track', 'PageView');\n<\/script><br \/>\n<br \/><br \/>\n<br \/><a href=\"https:\/\/www.agrolink.com.br\/noticias\/precos-do-milho--fatores-de-alta-e-baixa_496705.html\">Source link <\/a><\/p>\n","protected":false},"excerpt":{"rendered":"<p>A TF Agroecon\u00f4mica recomenda que produtores aproveitem o momento para fixar pre\u00e7os do milho, mesmo que o lucro esteja baixo,<\/p>\n","protected":false},"author":1,"featured_media":4845,"comment_status":"open","ping_status":"open","sticky":false,"template":"","format":"standard","meta":{"_monsterinsights_skip_tracking":false,"_monsterinsights_sitenote_active":false,"_monsterinsights_sitenote_note":"","_monsterinsights_sitenote_category":0,"_uf_show_specific_survey":0,"_uf_disable_surveys":false,"footnotes":""},"categories":[8,1,14],"tags":[],"class_list":["post-4844","post","type-post","status-publish","format-standard","has-post-thumbnail","hentry","category-agro","category-news","category-politica-agro"],"_links":{"self":[{"href":"https:\/\/agromt.news\/index.php?rest_route=\/wp\/v2\/posts\/4844"}],"collection":[{"href":"https:\/\/agromt.news\/index.php?rest_route=\/wp\/v2\/posts"}],"about":[{"href":"https:\/\/agromt.news\/index.php?rest_route=\/wp\/v2\/types\/post"}],"author":[{"embeddable":true,"href":"https:\/\/agromt.news\/index.php?rest_route=\/wp\/v2\/users\/1"}],"replies":[{"embeddable":true,"href":"https:\/\/agromt.news\/index.php?rest_route=%2Fwp%2Fv2%2Fcomments&post=4844"}],"version-history":[{"count":0,"href":"https:\/\/agromt.news\/index.php?rest_route=\/wp\/v2\/posts\/4844\/revisions"}],"wp:featuredmedia":[{"embeddable":true,"href":"https:\/\/agromt.news\/index.php?rest_route=\/wp\/v2\/media\/4845"}],"wp:attachment":[{"href":"https:\/\/agromt.news\/index.php?rest_route=%2Fwp%2Fv2%2Fmedia&parent=4844"}],"wp:term":[{"taxonomy":"category","embeddable":true,"href":"https:\/\/agromt.news\/index.php?rest_route=%2Fwp%2Fv2%2Fcategories&post=4844"},{"taxonomy":"post_tag","embeddable":true,"href":"https:\/\/agromt.news\/index.php?rest_route=%2Fwp%2Fv2%2Ftags&post=4844"}],"curies":[{"name":"wp","href":"https:\/\/api.w.org\/{rel}","templated":true}]}}