{"id":4805,"date":"2024-11-11T11:05:11","date_gmt":"2024-11-11T15:05:11","guid":{"rendered":"https:\/\/agromt.news\/?p=4805"},"modified":"2024-11-11T11:05:11","modified_gmt":"2024-11-11T15:05:11","slug":"franca-eleva-nivel-de-risco-com-aumento-de-casos-gripe-aviaria-na-europa","status":"publish","type":"post","link":"https:\/\/agromt.news\/?p=4805","title":{"rendered":"Fran\u00e7a eleva n\u00edvel de risco com aumento de casos gripe avi\u00e1ria na Europa"},"content":{"rendered":"<p> <br \/>\n<br \/><img decoding=\"async\" src=\"https:\/\/agromt.news\/wp-content\/uploads\/2024\/11\/Franca-eleva-nivel-de-risco-com-aumento-de-casos-gripe.jpg\" \/><\/p>\n<div>\n<p>O governo franc\u00eas aumentou o grau de risco para a <a href=\"https:\/\/www.canalrural.com.br\/tag\/gripe-aviaria\/\">gripe avi\u00e1ria<\/a> de alta patogenicidade de \u201cmoderado\u201d para \u201calto\u201d, desde o s\u00e1bado (9), segundo decreto publicado na sexta-feira (8). O <strong>Minist\u00e9rio da Agricultura<\/strong> atribuiu a mudan\u00e7a \u00e0 evolu\u00e7\u00e3o de casos na pecu\u00e1ria e em animais selvagens na Europa.<\/p>\n<p><em>Confira na palma da <\/em>m\u00e3o <em>informa\u00e7\u00f5es quentes sobre agricultura, pecu\u00e1ria, economia e previs\u00e3o do tempo:<\/em><a href=\"https:\/\/www.whatsapp.com\/channel\/0029Va9VnZxGk1FplZjiW43k\"><em> <\/em><strong>siga o Canal Rural no WhatsApp<\/strong><\/a>!<\/p>\n<p>Com a atualiza\u00e7\u00e3o, o minist\u00e9rio refor\u00e7a medidas de preven\u00e7\u00e3o em cria\u00e7\u00f5es, como o isolamento de aves mantidas em estabelecimentos com menos de 50 animais e a proibi\u00e7\u00e3o de aglomera\u00e7\u00f5es entre aves dom\u00e9sticas e aves de cativeiro.<\/p>\n<\/div>\n<div>\n<p>De acordo com o comunicado do minist\u00e9rio, na temporada 2024\/25, os primeiros surtos da doen\u00e7a foram detectados na Fran\u00e7a em agosto.<\/p>\n<p>At\u00e9 o momento, o pa\u00eds registrou seis surtos de gripe avi\u00e1ria na temporada, segundo atualiza\u00e7\u00e3o da Organiza\u00e7\u00e3o Mundial da Sa\u00fade Animal (OMSA).<\/p>\n<\/p><\/div>\n<p><br \/>\n<br \/><a href=\"https:\/\/www.canalrural.com.br\/aves-e-suinos\/franca-eleva-nivel-de-risco-com-aumento-de-casos-gripe-aviaria-na-europa\/\">Source link <\/a><\/p>\n","protected":false},"excerpt":{"rendered":"<p>O governo franc\u00eas aumentou o grau de risco para a gripe avi\u00e1ria de alta patogenicidade de \u201cmoderado\u201d para \u201calto\u201d, desde<\/p>\n","protected":false},"author":1,"featured_media":4806,"comment_status":"open","ping_status":"open","sticky":false,"template":"","format":"standard","meta":{"_monsterinsights_skip_tracking":false,"_monsterinsights_sitenote_active":false,"_monsterinsights_sitenote_note":"","_monsterinsights_sitenote_category":0,"_uf_show_specific_survey":0,"_uf_disable_surveys":false,"footnotes":""},"categories":[1],"tags":[],"class_list":["post-4805","post","type-post","status-publish","format-standard","has-post-thumbnail","hentry","category-news"],"_links":{"self":[{"href":"https:\/\/agromt.news\/index.php?rest_route=\/wp\/v2\/posts\/4805"}],"collection":[{"href":"https:\/\/agromt.news\/index.php?rest_route=\/wp\/v2\/posts"}],"about":[{"href":"https:\/\/agromt.news\/index.php?rest_route=\/wp\/v2\/types\/post"}],"author":[{"embeddable":true,"href":"https:\/\/agromt.news\/index.php?rest_route=\/wp\/v2\/users\/1"}],"replies":[{"embeddable":true,"href":"https:\/\/agromt.news\/index.php?rest_route=%2Fwp%2Fv2%2Fcomments&post=4805"}],"version-history":[{"count":0,"href":"https:\/\/agromt.news\/index.php?rest_route=\/wp\/v2\/posts\/4805\/revisions"}],"wp:featuredmedia":[{"embeddable":true,"href":"https:\/\/agromt.news\/index.php?rest_route=\/wp\/v2\/media\/4806"}],"wp:attachment":[{"href":"https:\/\/agromt.news\/index.php?rest_route=%2Fwp%2Fv2%2Fmedia&parent=4805"}],"wp:term":[{"taxonomy":"category","embeddable":true,"href":"https:\/\/agromt.news\/index.php?rest_route=%2Fwp%2Fv2%2Fcategories&post=4805"},{"taxonomy":"post_tag","embeddable":true,"href":"https:\/\/agromt.news\/index.php?rest_route=%2Fwp%2Fv2%2Ftags&post=4805"}],"curies":[{"name":"wp","href":"https:\/\/api.w.org\/{rel}","templated":true}]}}