{"id":4800,"date":"2024-11-11T09:44:18","date_gmt":"2024-11-11T13:44:18","guid":{"rendered":"https:\/\/agromt.news\/?p=4800"},"modified":"2024-11-11T09:44:18","modified_gmt":"2024-11-11T13:44:18","slug":"exportacao-de-milho-comportamento-de-premios","status":"publish","type":"post","link":"https:\/\/agromt.news\/?p=4800","title":{"rendered":"Exporta\u00e7\u00e3o de milho: Comportamento de pr\u00eamios"},"content":{"rendered":"<p> <br \/>\n<\/p>\n<div>\n<div class=\"row\">\n<div class=\"col-lg col-infos mt-3 mt-lg-0\">\n<div class=\"section-sub-title\">\n<p itemprop=\"description\">&#13;<br \/>\n                                Essa din\u00e2mica de pre\u00e7os e oferta continua a influenciar os mercados internacionais&#13;\n                            <\/p>\n<\/p><\/div>\n<div class=\"container\">\n<div class=\"row\">\n<div class=\"col-lg p-0\">\n<div>\n<div class=\"block-news-main-infos mt-3 text-start\">\n<p>                                            <strong class=\"fn\" itemprop=\"author\" style=\"color: rgb(112, 112, 112); \">&#13;<br \/>\n                                                <a href=\"https:\/\/www.agrolink.com.br\/noticias\/javascript:;\" class=\"text-uppercase\" target=\"_blank\" style=\"color: rgb(112, 112, 112); \" rel=\"noopener\">Agrolink<\/a>&#13;<br \/>\n&#13;<br \/>\n                                                    &#8211; Leonardo Gottems&#13;<br \/>\n&#13;<br \/>\n                                            <\/strong><br \/>\n                                        <\/p>\n<p>                                            <abbr><time datetime=\"2024-11-11T09:40\" itemprop=\"datePublished dateModified\">Publicado em 11\/11\/2024 \u00e0s 09:40h.<\/time><\/abbr><br \/>\n                                            <\/p><\/div>\n<\/p><\/div>\n<\/p><\/div>\n<div class=\"col-lg p-0 text-lg-end\">\n<div>\n<div id=\"mdEnviarPagina\" class=\"modal fade\" role=\"dialog\">\n<div class=\"modal-dialog\">\n<div class=\"modal-content\">\n<div class=\"modal-body\">\n<p><strong>Estimado usu\u00e1rio.<\/strong><br \/>Preencha o formul\u00e1rio abaixo para remeter a p\u00e1gina.<\/p>\n<\/p><\/div>\n<\/p><\/div>\n<\/p><\/div>\n<\/div><\/div>\n<\/p><\/div>\n<\/p><\/div>\n<\/p><\/div>\n<\/p><\/div>\n<\/p><\/div>\n<div class=\"row justify-content-md-center mt-3\">\n<div class=\"col-lg-auto col-image  block-news-main-image d-none d-md-block\">\n<p>                            <img decoding=\"async\" src=\"https:\/\/www.agrolink.com.br\/upload\/imagens-resizes\/ddd74850d63345cdb078658e39d49f8e_858x483.jpg\" class=\"lazyload \" alt=\"Em rela\u00e7\u00e3o ao mercado argentino, o pre\u00e7o do milho dispon\u00edvel se manteve em A$ 180 mil\/t\"\/><br \/>\n                                            <span class=\"d-block mt-1\">Em rela\u00e7\u00e3o ao mercado argentino, o pre\u00e7o do milho dispon\u00edvel se manteve em A$ 180 mil\/t &#8211; Foto: Freepik<\/span><\/p><\/div>\n<\/p><\/div>\n<div class=\"section-description section-description-noticias mt-3\">\n<p>Segundo a TF Agroecon\u00f4mica, o mercado de <a href=\"https:\/\/www.agrolink.com.br\/culturas\/milho?utm_source=agrolink-detalhe-noticia&amp;utm_medium=detalhe-noticia&amp;utm_campaign=links-internos&#9;\" target=\"_blank\" rel=\"noopener\">milho<\/a> no Brasil continua com compradores focados nas exporta\u00e7\u00f5es de janeiro e julho. Os vendedores mantiveram seus pre\u00e7os de pr\u00eamio, enquanto os compradores mostraram interesse em melhorar os pre\u00e7os para janeiro. No Paran\u00e1, os pr\u00eamios de venda para o <a href=\"https:\/\/www.agrolink.com.br\/culturas\/milho?utm_source=agrolink-detalhe-noticia&amp;utm_medium=detalhe-noticia&amp;utm_campaign=links-internos&#9;\" target=\"_blank\" rel=\"noopener\">milho<\/a> de Paranagu\u00e1 se mantiveram est\u00e1veis, com exce\u00e7\u00e3o de um aumento de 5 pontos no pr\u00eamio de janeiro, que passou para 135 (+0) SC, enquanto o pr\u00eamio de julho\/agosto ficou em 88 (+0).&#13;\n<\/p>\n<p>No mercado chin\u00eas, o pre\u00e7o do milho caiu 25 CNY\/t para novembro e 24 CNY\/t para janeiro, refletindo uma retra\u00e7\u00e3o no mercado de gr\u00e3os. J\u00e1 os pre\u00e7os do amido de milho mostraram uma queda de 31 CNY\/t para novembro, mas uma leve alta de 13 CNY\/t para janeiro. Por outro lado, o pre\u00e7o dos ovos teve um aumento de 12 CNY\/500kg para novembro e de 8 CNY\/500kg para dezembro. No entanto, as cota\u00e7\u00f5es de su\u00edno apresentaram uma queda de 45 CNY\/t para novembro e 56 CNY\/t para janeiro, indicando uma press\u00e3o no setor de prote\u00edna animal.&#13;\n<\/p>\n<p>Em rela\u00e7\u00e3o ao mercado argentino, o pre\u00e7o do milho dispon\u00edvel se manteve em A$ 180 mil\/t, enquanto a oferta para entrega contratual aumentou para A$ 185 mil\/t, com algumas negocia\u00e7\u00f5es espec\u00edficas atingindo at\u00e9 A$ 190 mil\/t. O pre\u00e7o do milho no MATBA (Mercado a T\u00e9rmino de Buenos Aires) tamb\u00e9m subiu, passando para US$ 189,30 para abril, um aumento em rela\u00e7\u00e3o aos US$ 188,00 anteriores, mas ainda abaixo do valor registrado em Chicago, que foi de US$ 169,68.&#13;\n<\/p>\n<p>Essa din\u00e2mica de pre\u00e7os e oferta continua a influenciar os mercados internacionais, especialmente com as varia\u00e7\u00f5es nos pre\u00e7os do milho e seus derivados, refletindo as condi\u00e7\u00f5es do mercado interno e as expectativas para os pr\u00f3ximos meses.<br \/>&#13;<br \/>\n\u00a0<\/p>\n<\/p><\/div>\n<\/p><\/div>\n<p><script data-cfasync=\"false\">\n    !function (f, b, e, v, n, t, s) {\n        if (f.fbq) return; n = f.fbq = function () {\n            n.callMethod ?\n                n.callMethod.apply(n, arguments) : n.queue.push(arguments)\n        };\n        if (!f._fbq) f._fbq = n; n.push = n; n.loaded = !0; n.version = '2.0';\n        n.queue = []; t = b.createElement(e); t.async = !0;\n        t.src = v; s = b.getElementsByTagName(e)[0];\n        s.parentNode.insertBefore(t, s)\n    }(window, document, 'script',\n        'https:\/\/connect.facebook.net\/en_US\/fbevents.js');\n    fbq('init', '522546078623747');\n    fbq('track', 'PageView');\n<\/script><br \/>\n<br \/><br \/>\n<br \/><a href=\"https:\/\/www.agrolink.com.br\/noticias\/exportacao-de-milho--comportamento-de-premios_496710.html\">Source link <\/a><\/p>\n","protected":false},"excerpt":{"rendered":"<p>&#13; Essa din\u00e2mica de pre\u00e7os e oferta continua a influenciar os mercados internacionais&#13; &#13; Agrolink&#13; &#13; &#8211; Leonardo Gottems&#13; &#13;<\/p>\n","protected":false},"author":1,"featured_media":2158,"comment_status":"open","ping_status":"open","sticky":false,"template":"","format":"standard","meta":{"_monsterinsights_skip_tracking":false,"_monsterinsights_sitenote_active":false,"_monsterinsights_sitenote_note":"","_monsterinsights_sitenote_category":0,"_uf_show_specific_survey":0,"_uf_disable_surveys":false,"footnotes":""},"categories":[8,1,14],"tags":[],"class_list":["post-4800","post","type-post","status-publish","format-standard","has-post-thumbnail","hentry","category-agro","category-news","category-politica-agro"],"_links":{"self":[{"href":"https:\/\/agromt.news\/index.php?rest_route=\/wp\/v2\/posts\/4800"}],"collection":[{"href":"https:\/\/agromt.news\/index.php?rest_route=\/wp\/v2\/posts"}],"about":[{"href":"https:\/\/agromt.news\/index.php?rest_route=\/wp\/v2\/types\/post"}],"author":[{"embeddable":true,"href":"https:\/\/agromt.news\/index.php?rest_route=\/wp\/v2\/users\/1"}],"replies":[{"embeddable":true,"href":"https:\/\/agromt.news\/index.php?rest_route=%2Fwp%2Fv2%2Fcomments&post=4800"}],"version-history":[{"count":0,"href":"https:\/\/agromt.news\/index.php?rest_route=\/wp\/v2\/posts\/4800\/revisions"}],"wp:featuredmedia":[{"embeddable":true,"href":"https:\/\/agromt.news\/index.php?rest_route=\/wp\/v2\/media\/2158"}],"wp:attachment":[{"href":"https:\/\/agromt.news\/index.php?rest_route=%2Fwp%2Fv2%2Fmedia&parent=4800"}],"wp:term":[{"taxonomy":"category","embeddable":true,"href":"https:\/\/agromt.news\/index.php?rest_route=%2Fwp%2Fv2%2Fcategories&post=4800"},{"taxonomy":"post_tag","embeddable":true,"href":"https:\/\/agromt.news\/index.php?rest_route=%2Fwp%2Fv2%2Ftags&post=4800"}],"curies":[{"name":"wp","href":"https:\/\/api.w.org\/{rel}","templated":true}]}}