{"id":4797,"date":"2024-11-11T09:20:56","date_gmt":"2024-11-11T13:20:56","guid":{"rendered":"https:\/\/agromt.news\/?p=4797"},"modified":"2024-11-11T09:20:56","modified_gmt":"2024-11-11T13:20:56","slug":"cop29-comeca-no-azerbaijao-em-meio-a-incertezas-sobre-financiamento","status":"publish","type":"post","link":"https:\/\/agromt.news\/?p=4797","title":{"rendered":"COP29 come\u00e7a no Azerbaij\u00e3o em meio a incertezas sobre financiamento"},"content":{"rendered":"<p> <br \/>\n<br \/><img decoding=\"async\" src=\"https:\/\/agromt.news\/wp-content\/uploads\/2024\/11\/COP29-comeca-no-Azerbaijao-em-meio-a-incertezas-sobre-financiamento.webp.webp\" \/><\/p>\n<div>\n<p>Come\u00e7a hoje (11), em Baku, no Azerbaij\u00e3o, a 29\u00aa Confer\u00eancia das Na\u00e7\u00f5es Unidas sobre Mudan\u00e7as Clim\u00e1ticas (COP29), dando in\u00edcio \u00e0 nova rodada de negocia\u00e7\u00f5es globais em busca de manter o aumento da temperatura do planeta abaixo de 1,5 grau Celsius (\u00baC), conforme o Acordo de Paris.<\/p>\n<p>A COP29 prossegue at\u00e9 o dia 22 de novembro. Este ano, o encontro, que j\u00e1 \u00e9 considerado a \u201cCOP do financiamento\u201d, tem como um dos principais objetivos estabelecer uma Nova Meta Quantificada Global de Finan\u00e7as (NCQG, na sigla em ingl\u00eas). Na pr\u00e1tica, significa definir um novo valor e de onde vir\u00e3o os recursos em substitui\u00e7\u00e3o ao \u00faltimo acordo, que previa US$ 100 bilh\u00f5es anuais entre 2020 e 2025.<\/p>\n<p><em>Confira na palma da <\/em>m\u00e3o <em>informa\u00e7\u00f5es quentes sobre agricultura, pecu\u00e1ria, economia e previs\u00e3o do tempo:<\/em><a href=\"https:\/\/www.whatsapp.com\/channel\/0029Va9VnZxGk1FplZjiW43k\"><em> <\/em><strong>siga o Canal Rural no WhatsApp<\/strong><\/a>!<\/p>\n<p>Na an\u00e1lise do presidente da institui\u00e7\u00e3o de pesquisa World Resources Institute (WRI), Aniruddha Dasgupta, o que j\u00e1 est\u00e1 claro \u00e9 que h\u00e1 uma demanda por US$ 1 trilh\u00e3o ao ano, que precisa ser transferida dos pa\u00edses mais ricos aos menos ricos, para que ocorra uma transi\u00e7\u00e3o global em busca da seguran\u00e7a clim\u00e1tica. A ideia \u00e9 que metade, US$ 500 bilh\u00f5es, tenha financiamento p\u00fablico internacional e a outra metade, financiamento privado.<\/p>\n<p>\u201cOs pa\u00edses em desenvolvimento n\u00e3o conseguem atender \u00e0 meta de transi\u00e7\u00e3o se n\u00e3o receberem financiamento externo. Isso \u00e9 cr\u00edtico. E, se esses pa\u00edses n\u00e3o fizerem essa transi\u00e7\u00e3o, h\u00e1 um impacto direto para todos no mundo, n\u00e3o somente para esses pa\u00edses\u201d, explica.<\/p>\n<p>Segundo Dasgupta, embora a cifra pare\u00e7a alta, representa menos de 1% do Produto Interno Bruto (PIB) global. Ele acrescenta que o repasse aos pa\u00edses menos desenvolvidos n\u00e3o \u00e9 caridade e sim algo que precisa ser feito pela humanidade e pelo planeta. \u201cNa verdade, os pa\u00edses do Sul Global [menos desenvolvidos] gastaram US$ 1,4 trilh\u00e3o em mudan\u00e7as clim\u00e1ticas de recursos pr\u00f3prios.\u201d<\/p>\n<p>Os debates acerca desse valor apontam que a demanda pelo recurso ocorrer\u00e1 por camadas, e o sucesso das negocia\u00e7\u00f5es em Baku ser\u00e1 apenas o in\u00edcio de um ciclo. Segundo a diretora global de Programa de Clima Economia e Finan\u00e7as da WRI, Melanie Robinson, existe uma lacuna entre a necessidade e a realidade, o que leva \u00e0 condu\u00e7\u00e3o de uma estrat\u00e9gia que prev\u00ea o desenho do financiamento clim\u00e1tico com as seguintes etapas: US$ 200 bilh\u00f5es at\u00e9 2030 e US$ 400 bilh\u00f5es at\u00e9 2035.<\/p>\n<p>Para ser efetivo, esse desenho precisaria ainda do comprometimento s\u00f3lido dos pa\u00edses com medidas de adapta\u00e7\u00e3o e que parte desse financiamento seja \u201cconcessional\u201d, com taxas e condi\u00e7\u00f5es atrativas, explica a diretora. \u201cMaior vontade pol\u00edtica e disposi\u00e7\u00e3o para a\u00e7\u00e3o ser\u00e3o necess\u00e1rias para continuar expandindo esse ciclo, se quisermos encontrar as metas de seguran\u00e7a clim\u00e1tica que estabelecemos no Acordo de Paris.\u201d<\/p>\n<h2 class=\"wp-block-heading\" id=\"h-ambicoes\">Ambi\u00e7\u00f5es<\/h2>\n<p>Nas an\u00e1lises dos especialistas, o avan\u00e7o nas negocia\u00e7\u00f5es financeiras dever\u00e1 refletir na entrega das Contribui\u00e7\u00f5es Nacionalmente Determinadas (NDCs, na sigla em ingl\u00eas), pelos pa\u00edses. O prazo para a terceira atualiza\u00e7\u00e3o das ambi\u00e7\u00f5es dos pa\u00edses, em rela\u00e7\u00e3o \u00e0 redu\u00e7\u00e3o das emiss\u00f5es de gases do efeito estufa, encerra-se em fevereiro de 2025, nove meses antes da COP30, em Bel\u00e9m, no Brasil.<\/p>\n<p>\u201cAs ambi\u00e7\u00f5es e o financiamento s\u00e3o interligados. N\u00e3o d\u00e1 para ter ambi\u00e7\u00f5es maiores sem financiamento e, se voc\u00ea n\u00e3o tem financiamento, n\u00e3o vai se comprometer com ambi\u00e7\u00f5es maiores\u201d, afirma Dasgupta.<\/p>\n<p>Segundo o diretor de Iniciativa Clim\u00e1tica Internacional da WRI, David Waskow, at\u00e9 o momento, Brasil, Reino Unido, Emirados \u00c1rabes Unidos e Azerbaij\u00e3o prometeram antecipar suas metas de emiss\u00f5es para 2035, com entrega prevista ainda na COP29. Os Estados Unidos pretendem concluir at\u00e9 o fim do ano, antes da troca de governo. \u201cA c\u00fapula em Baku \u00e9 um momento cr\u00edtico para estabelecer as expectativas de qual vai ser a pr\u00f3xima gera\u00e7\u00e3o de NDCs, quais devem ser as aspira\u00e7\u00f5es\u201d, explica.<\/p>\n<p>Para o especialista, isso dar\u00e1 ind\u00edcios da trajet\u00f3ria de cada pa\u00eds at\u00e9 as emiss\u00f5es chamadas de net zero \u2013 em que h\u00e1 neutralidade l\u00edquida com equil\u00edbrio entre a remo\u00e7\u00e3o e a emiss\u00e3o de gases do efeito estufa. De acordo com Waskow, mais de 100 pa\u00edses est\u00e3o comprometidos com essa meta a ser alcan\u00e7ada seja em 2050 ou em 2060.<\/p>\n<\/div>\n<div>\n<p>Essa trajet\u00f3ria depender\u00e1 das metas setoriais desenhadas pelos pa\u00edses, como as pol\u00edticas nacionais de transi\u00e7\u00e3o dos combust\u00edveis f\u00f3sseis para essa d\u00e9cada e os comprometimentos com os objetivos de triplicar energia renov\u00e1vel nos pa\u00edses, dobrar a efici\u00eancia energ\u00e9tica global, fortalecer as a\u00e7\u00f5es contra as emiss\u00f5es de transportes e qualificar a gest\u00e3o florestal.<\/p>\n<h2 class=\"wp-block-heading\" id=\"h-incertezas\">Incertezas<\/h2>\n<p>Com o retorno de Donald Trump, que j\u00e1 abandonou o Acordo de Paris em 2017 na sua primeira gest\u00e3o, \u00e0 Presid\u00eancia dos Estados Unidos, o sucesso da COP em Baku ganha mais uma incerteza em rela\u00e7\u00e3o a um dos principais impasses nas negocia\u00e7\u00f5es. Quem pagar\u00e1 pelo financiamento clim\u00e1tico?<\/p>\n<p>At\u00e9 agora, a regra \u00e9 pa\u00edses desenvolvidos pagam aos pa\u00edses em desenvolvimento. Mas a ideia de amplia\u00e7\u00e3o do grupo de pagadores tem ganhado for\u00e7a entre as partes mais ricas do acordo.<\/p>\n<p>De acordo com Melanie Robinson, esse grupo defende a necessidade de incluir os pa\u00edses que agora t\u00eam mais riqueza e mais capacidade de contribuir para que a conta feche. Entre os pa\u00edses cotados para refor\u00e7ar o or\u00e7amento est\u00e3o a China, Singapura, Coreia e os pa\u00edses do Golfo \u2013 Bar\u00e9m, Kuwait, Om\u00e3, Catar, Ar\u00e1bia Saudita e Emirados \u00c1rabes Unidos.<\/p>\n<p>A capacidade de esses pa\u00edses contribu\u00edrem \u00e9 confirmada pelos montantes de investimentos feitos nas iniciativas clim\u00e1ticas de forma volunt\u00e1ria. Segundo a especialista, a China, por exemplo, j\u00e1 fornece US$ 4,5 bilh\u00f5es ao ano aos pa\u00edses em desenvolvimento para as mudan\u00e7as clim\u00e1ticas.<\/p>\n<p>Um poss\u00edvel caminho apontado pelos especialistas \u00e9 garantir que esses aportes continuem ocorrendo, mesmo que n\u00e3o haja mudan\u00e7a nas classifica\u00e7\u00f5es de desenvolvimento. Tamb\u00e9m seriam necess\u00e1rias mais transpar\u00eancia e responsabiliza\u00e7\u00e3o das partes, com a defini\u00e7\u00e3o dos fluxos financeiros.<\/p>\n<p>Na vis\u00e3o de Melanie, alguns caminhos poss\u00edveis seriam o fortalecimento dos bancos multilaterais de desenvolvimento (MDB, na sigla em ingl\u00eas), a constru\u00e7\u00e3o de impostos internacionais e a realoca\u00e7\u00e3o de subs\u00eddios de combust\u00edveis f\u00f3sseis para financiamentos internacionais.<\/p>\n<p>Tamb\u00e9m seria necess\u00e1rio tornar mais atrativo o investimento de capital privado em pa\u00edses em desenvolvimento. \u201cPara que isso seja efetivo precisariam [ser feitas] reformas das pol\u00edticas p\u00fablicas nos pa\u00edses em desenvolvimento\u201d, conclui.<\/p>\n<h2 class=\"wp-block-heading\" id=\"h-saida\">Sa\u00edda<\/h2>\n<p>De acordo com David Waskow, uma nova sa\u00edda dos Estados Unidos do Acordo de Paris ainda n\u00e3o se refletiria nos resultados desta COP29, j\u00e1 que o processo de retirada de apoio de uma parte junto \u00e0s Na\u00e7\u00f5es Unidas leva um ano. Ainda assim, restariam os compromissos dos Estados Unidos em rela\u00e7\u00e3o a pr\u00f3pria conven\u00e7\u00e3o sobre a mudan\u00e7a clim\u00e1tica (UNFCCC, na sigla em ingl\u00eas).<\/p>\n<p>Antes mesmo do resultado das elei\u00e7\u00f5es presidenciais nos Estados Unidos, o atual chefe de Estado norte-americano, Joe Biden, e sua vice, Kamala Harris, j\u00e1 haviam anunciado a aus\u00eancia em Baku. De acordo com comunicado oficial do Departamento de Estado, uma delega\u00e7\u00e3o liderada pelo conselheiro para pol\u00edtica clim\u00e1tica internacional, John Podesta, representar\u00e1 o pa\u00eds nas negocia\u00e7\u00f5es.<\/p>\n<h2 class=\"wp-block-heading\" id=\"h-brasil\">Brasil<\/h2>\n<p>O presidente Luiz In\u00e1cio Lula da Silva tamb\u00e9m estar\u00e1 ausente, por recomenda\u00e7\u00f5es m\u00e9dicas ap\u00f3s um acidente dom\u00e9stico. Em seu lugar, o vice-presidente Geraldo Alckmin vai liderar a delega\u00e7\u00e3o brasileira, composta ainda pela ministra do Meio Ambiente e Mudan\u00e7a do Clima, Marina Silva, e pelo embaixador do Minist\u00e9rio das Rela\u00e7\u00f5es Exteriores, Andr\u00e9 Corr\u00eaa do Lago.<\/p>\n<p>Entre os outros l\u00edderes que j\u00e1 confirmaram a aus\u00eancia est\u00e3o o presidente da China, Xi Jinping, o primeiro-ministro da \u00cdndia, Narendra Modi, e a presidente da Uni\u00e3o Europeia, Ursula von der Leyen.<\/p>\n<\/p><\/div>\n<p><br \/>\n<br \/><a href=\"https:\/\/www.canalrural.com.br\/internacional\/cop29-comeca-no-azerbaijao-em-meio-a-incertezas-sobre-financiamento\/\">Source link <\/a><\/p>\n","protected":false},"excerpt":{"rendered":"<p>Come\u00e7a hoje (11), em Baku, no Azerbaij\u00e3o, a 29\u00aa Confer\u00eancia das Na\u00e7\u00f5es Unidas sobre Mudan\u00e7as Clim\u00e1ticas (COP29), dando in\u00edcio \u00e0<\/p>\n","protected":false},"author":1,"featured_media":4798,"comment_status":"open","ping_status":"open","sticky":false,"template":"","format":"standard","meta":{"_monsterinsights_skip_tracking":false,"_monsterinsights_sitenote_active":false,"_monsterinsights_sitenote_note":"","_monsterinsights_sitenote_category":0,"_uf_show_specific_survey":0,"_uf_disable_surveys":false,"footnotes":""},"categories":[1],"tags":[],"class_list":["post-4797","post","type-post","status-publish","format-standard","has-post-thumbnail","hentry","category-news"],"_links":{"self":[{"href":"https:\/\/agromt.news\/index.php?rest_route=\/wp\/v2\/posts\/4797"}],"collection":[{"href":"https:\/\/agromt.news\/index.php?rest_route=\/wp\/v2\/posts"}],"about":[{"href":"https:\/\/agromt.news\/index.php?rest_route=\/wp\/v2\/types\/post"}],"author":[{"embeddable":true,"href":"https:\/\/agromt.news\/index.php?rest_route=\/wp\/v2\/users\/1"}],"replies":[{"embeddable":true,"href":"https:\/\/agromt.news\/index.php?rest_route=%2Fwp%2Fv2%2Fcomments&post=4797"}],"version-history":[{"count":0,"href":"https:\/\/agromt.news\/index.php?rest_route=\/wp\/v2\/posts\/4797\/revisions"}],"wp:featuredmedia":[{"embeddable":true,"href":"https:\/\/agromt.news\/index.php?rest_route=\/wp\/v2\/media\/4798"}],"wp:attachment":[{"href":"https:\/\/agromt.news\/index.php?rest_route=%2Fwp%2Fv2%2Fmedia&parent=4797"}],"wp:term":[{"taxonomy":"category","embeddable":true,"href":"https:\/\/agromt.news\/index.php?rest_route=%2Fwp%2Fv2%2Fcategories&post=4797"},{"taxonomy":"post_tag","embeddable":true,"href":"https:\/\/agromt.news\/index.php?rest_route=%2Fwp%2Fv2%2Ftags&post=4797"}],"curies":[{"name":"wp","href":"https:\/\/api.w.org\/{rel}","templated":true}]}}