{"id":4795,"date":"2024-11-11T08:55:07","date_gmt":"2024-11-11T12:55:07","guid":{"rendered":"https:\/\/agromt.news\/?p=4795"},"modified":"2024-11-11T08:55:07","modified_gmt":"2024-11-11T12:55:07","slug":"lula-diz-que-nao-e-mais-considerado-o-inimigo-da-bancada-do-agro-no-congresso","status":"publish","type":"post","link":"https:\/\/agromt.news\/?p=4795","title":{"rendered":"Lula diz que n\u00e3o \u00e9 mais considerado o inimigo da bancada do agro no Congresso"},"content":{"rendered":"<p> <br \/>\n<br \/><img decoding=\"async\" src=\"https:\/\/agromt.news\/wp-content\/uploads\/2024\/11\/Lula-diz-que-nao-e-mais-considerado-o-inimigo-da.jpg\" \/><\/p>\n<div>\n<p>O presidente da Rep\u00fablica, Luiz In\u00e1cio Lula da Silva, disse que n\u00e3o \u00e9 mais considerado o inimigo da bancada ruralista no Congresso. \u201cEles est\u00e3o ficando mais sustent\u00e1veis e ambientalistas. Correm o risco de n\u00e3o conseguir vender sua soja, vender sua carne\u201d, afirmou o petista, ao podcast\u00a0<em>PODK Liberados<\/em>, apresentado pelos senadores Jorge Kajuru (PSB-GO) e Leila Barros (PDT-DF).<\/p>\n<p><em>Confira na palma da <\/em>m\u00e3o <em>informa\u00e7\u00f5es quentes sobre agricultura, pecu\u00e1ria, economia e previs\u00e3o do tempo:<\/em><a href=\"https:\/\/www.whatsapp.com\/channel\/0029Va9VnZxGk1FplZjiW43k\"><em> <\/em><strong>siga o Canal Rural no WhatsApp<\/strong><\/a>!<\/p>\n<p>A entrevista foi gravada na quarta-feira (6) e exibida pela RedeTV! e no YouTube na noite deste domingo (10).<\/p>\n<\/div>\n<div>\n<p>\u201cO agroneg\u00f3cio nunca recebeu tanto dinheiro quanto no governo desse \u2018comunista\u2019, que eles tratam assim\u201d, disse Lula.<\/p>\n<p>Al\u00e9m da bancada do agroneg\u00f3cio, a rela\u00e7\u00e3o com o Congresso como um todo melhorou, segundo o presidente. \u201cVoc\u00eas nos ajudaram a chegar onde chegamos\u201d, disse Lula, aos dois senadores. \u201cEstamos aprovando tudo.\u201d<\/p>\n<p>O presidente ressaltou ainda que v\u00ea como normal o fato de algumas propostas serem rejeitadas pelos parlamentares.<\/p>\n<\/p><\/div>\n<p><br \/>\n<br \/><a href=\"https:\/\/www.canalrural.com.br\/agricultura\/agronegocio\/lula-diz-que-nao-e-mais-considerado-o-inimigo-da-bancada-do-agro-no-congresso\/\">Source link <\/a><\/p>\n","protected":false},"excerpt":{"rendered":"<p>O presidente da Rep\u00fablica, Luiz In\u00e1cio Lula da Silva, disse que n\u00e3o \u00e9 mais considerado o inimigo da bancada ruralista<\/p>\n","protected":false},"author":1,"featured_media":4796,"comment_status":"open","ping_status":"open","sticky":false,"template":"","format":"standard","meta":{"_monsterinsights_skip_tracking":false,"_monsterinsights_sitenote_active":false,"_monsterinsights_sitenote_note":"","_monsterinsights_sitenote_category":0,"_uf_show_specific_survey":0,"_uf_disable_surveys":false,"footnotes":""},"categories":[1],"tags":[],"class_list":["post-4795","post","type-post","status-publish","format-standard","has-post-thumbnail","hentry","category-news"],"_links":{"self":[{"href":"https:\/\/agromt.news\/index.php?rest_route=\/wp\/v2\/posts\/4795"}],"collection":[{"href":"https:\/\/agromt.news\/index.php?rest_route=\/wp\/v2\/posts"}],"about":[{"href":"https:\/\/agromt.news\/index.php?rest_route=\/wp\/v2\/types\/post"}],"author":[{"embeddable":true,"href":"https:\/\/agromt.news\/index.php?rest_route=\/wp\/v2\/users\/1"}],"replies":[{"embeddable":true,"href":"https:\/\/agromt.news\/index.php?rest_route=%2Fwp%2Fv2%2Fcomments&post=4795"}],"version-history":[{"count":0,"href":"https:\/\/agromt.news\/index.php?rest_route=\/wp\/v2\/posts\/4795\/revisions"}],"wp:featuredmedia":[{"embeddable":true,"href":"https:\/\/agromt.news\/index.php?rest_route=\/wp\/v2\/media\/4796"}],"wp:attachment":[{"href":"https:\/\/agromt.news\/index.php?rest_route=%2Fwp%2Fv2%2Fmedia&parent=4795"}],"wp:term":[{"taxonomy":"category","embeddable":true,"href":"https:\/\/agromt.news\/index.php?rest_route=%2Fwp%2Fv2%2Fcategories&post=4795"},{"taxonomy":"post_tag","embeddable":true,"href":"https:\/\/agromt.news\/index.php?rest_route=%2Fwp%2Fv2%2Ftags&post=4795"}],"curies":[{"name":"wp","href":"https:\/\/api.w.org\/{rel}","templated":true}]}}