{"id":4792,"date":"2024-11-10T19:05:43","date_gmt":"2024-11-10T23:05:43","guid":{"rendered":"https:\/\/agromt.news\/?p=4792"},"modified":"2024-11-10T19:05:43","modified_gmt":"2024-11-10T23:05:43","slug":"escalas-de-abate-apertadas-continuarao-elevando-arroba-do-boi-analista-responde","status":"publish","type":"post","link":"https:\/\/agromt.news\/?p=4792","title":{"rendered":"Escalas de abate apertadas continuar\u00e3o elevando arroba do boi? Analista responde"},"content":{"rendered":"<p> <br \/>\n<\/p>\n<div>\n<p>O mercado f\u00edsico do boi gordo se deparou com pre\u00e7os em alta no decorrer de toda a semana. Para o analista de Safras &amp; Mercado Fernando Iglesias, o ambiente de neg\u00f3cios ainda sugere por novos reajustes no curto prazo.<\/p>\n<p>De acordo com ele, esse cen\u00e1rio acontece em linha com a posi\u00e7\u00e3o das escalas de abate, que permanecem encurtadas em grande parte do pa\u00eds.<\/p>\n<p>Os <strong><a href=\"https:\/\/www.canalrural.com.br\/tag\/frigorificos\/\">frigor\u00edficos<\/a><\/strong> v\u00eam trabalhando com escalas entre quatro a seis dias \u00fateis, quando a m\u00e9dia normal para o per\u00edodo varia entre oito a nove dias \u00fateis. <\/p>\n<p>Conforme Iglesias, esta \u00e9 a pior m\u00e9dia de abates desde o primeiro semestre de 2022, quando as escalas variavam de tr\u00eas a quatro dias \u00fateis.<\/p>\n<h2 class=\"wp-block-heading\" id=\"h-mercado-interno\">Mercado interno <\/h2>\n<p>No mercado interno os pre\u00e7os da carne bovina seguem em alta, mas \u00e9 importante ressaltar que h\u00e1 limita\u00e7\u00f5es em fun\u00e7\u00e3o do baixo poder de compra da popula\u00e7\u00e3o brasileira, que tende a migrar para prote\u00ednas de menor valor agregado, caso da carne de frango, dos embutidos e do ovo.<\/p>\n<p>De acordo com a Safras, os pre\u00e7os m\u00e9dios da arroba do boi gordo na modalidade a prazo nas principais pra\u00e7as de comercializa\u00e7\u00e3o do pa\u00eds estavam assim no dia 7 de novembro:<\/p>\n<\/div>\n<div>\n<ul class=\"wp-block-list\">\n<li><strong>S\u00e3o Paulo (Capital):<\/strong> R$ 330, alta de 1,54% frente aos R$ 325 registrados na<br \/>semana passada<\/li>\n<li><strong>Goi\u00e1s (Goi\u00e2nia):<\/strong> R$ 320, avan\u00e7o de 1,59% perante os R$ 315 praticados na<br \/>\u00faltima semana<\/li>\n<li><strong>Minas Gerais (Uberaba):<\/strong> R$ 320,00, est\u00e1vel em rela\u00e7\u00e3o ao \u00faltimo per\u00edodo<\/li>\n<li><strong>Mato Grosso do Sul (Dourados):<\/strong> R$ 320, inalterado frente \u00e0 semana anterior<\/li>\n<li><strong>Mato Grosso (Cuiab\u00e1):<\/strong> R$ 315,00, 1,61% acima dos R$ 310 registrados na \u00faltima semana<\/li>\n<li><strong>Rond\u00f4nia (Vilhena):<\/strong> R$ 305, aumento de 1,67% em rela\u00e7\u00e3o aos R$ 300 da semana passada<\/li>\n<\/ul>\n<h2 class=\"wp-block-heading\" id=\"h-mercado-atacadista-do-boi-gordo\">Mercado atacadista do boi gordo<\/h2>\n<figure class=\"wp-block-image size-large\"><img fetchpriority=\"high\" decoding=\"async\" width=\"1024\" height=\"683\" alt=\"carne bovina\" class=\"wp-image-4010509\"  data-lazy- src=\"https:\/\/agromt.news\/wp-content\/uploads\/2024\/09\/Escalas-de-abate-garantem-precos-mais-altos-para-a-arroba.jpg\"\/><img decoding=\"async\" width=\"1024\" height=\"683\" src=\"https:\/\/agromt.news\/wp-content\/uploads\/2024\/09\/Escalas-de-abate-garantem-precos-mais-altos-para-a-arroba.jpg\" alt=\"carne bovina\" class=\"wp-image-4010509\"  \/><figcaption class=\"wp-element-caption\">Foto: Freepik<\/figcaption><\/figure>\n<p>O mercado atacadista voltou a apresentar pre\u00e7os mais altos no decorrer da semana e a perspectiva \u00e9 de continuidade deste movimento no curto prazo, considerando a entrada dos sal\u00e1rios na economia, que motiva a reposi\u00e7\u00e3o ao longo da cadeia produtiva.<\/p>\n<p>O quarto traseiro foi precificado a R$ 24,00 por quilo, alta de 2,56% frente aos R$ 23,40 por quilo registrados na semana passada. O quarto do dianteiro foi cotado a R$ 19,50 por quilo, alta de 5,41% em rela\u00e7\u00e3o aos R$ 18,50 praticados na semana passada.<\/p>\n<h2 class=\"wp-block-heading\" id=\"h-exportacoes-de-carne-bovina\">Exporta\u00e7\u00f5es de carne bovina<\/h2>\n<p>O analista destaca que as exporta\u00e7\u00f5es de carne bovina seguem robustas, com o Brasil j\u00e1 estabelecendo um recorde hist\u00f3rico na atual temporada no m\u00eas de outubro.<\/p>\n<p>As exporta\u00e7\u00f5es de carne bovina fresca, congelada ou refrigerada do Brasil renderam US$ 1,095 bilh\u00e3o em outubro (19 dias \u00fateis), com m\u00e9dia di\u00e1ria de US$ 57,658 milh\u00f5es, de acordo com a Secretaria de Com\u00e9rcio Exterior <strong><a href=\"https:\/\/www.canalrural.com.br\/tag\/secex\/\">(Secex)<\/a><\/strong>. <\/p>\n<p>A quantidade total exportada pelo pa\u00eds chegou a 236,197 mil toneladas, com m\u00e9dia di\u00e1ria de 12,431 mil toneladas. O pre\u00e7o m\u00e9dio da tonelada ficou em US$ 4.638,10.<\/p>\n<p>Em rela\u00e7\u00e3o a outubro de 2023, houve alta de 41,5% no valor m\u00e9dio di\u00e1rio da exporta\u00e7\u00e3o, ganho de 40,2% na quantidade m\u00e9dia di\u00e1ria exportada e avan\u00e7o de 0,9% no pre\u00e7o m\u00e9dio. <\/p>\n<\/p><\/div>\n<p><br \/>\n<br \/><a href=\"https:\/\/www.canalrural.com.br\/pecuaria\/escalas-de-abate-apertadas-continuarao-elevando-arroba-do-boi-analista-responde\/\">Source link <\/a><\/p>\n","protected":false},"excerpt":{"rendered":"<p>O mercado f\u00edsico do boi gordo se deparou com pre\u00e7os em alta no decorrer de toda a semana. Para o<\/p>\n","protected":false},"author":1,"featured_media":1101,"comment_status":"open","ping_status":"open","sticky":false,"template":"","format":"standard","meta":{"_monsterinsights_skip_tracking":false,"_monsterinsights_sitenote_active":false,"_monsterinsights_sitenote_note":"","_monsterinsights_sitenote_category":0,"_uf_show_specific_survey":0,"_uf_disable_surveys":false,"footnotes":""},"categories":[1],"tags":[],"class_list":["post-4792","post","type-post","status-publish","format-standard","has-post-thumbnail","hentry","category-news"],"_links":{"self":[{"href":"https:\/\/agromt.news\/index.php?rest_route=\/wp\/v2\/posts\/4792"}],"collection":[{"href":"https:\/\/agromt.news\/index.php?rest_route=\/wp\/v2\/posts"}],"about":[{"href":"https:\/\/agromt.news\/index.php?rest_route=\/wp\/v2\/types\/post"}],"author":[{"embeddable":true,"href":"https:\/\/agromt.news\/index.php?rest_route=\/wp\/v2\/users\/1"}],"replies":[{"embeddable":true,"href":"https:\/\/agromt.news\/index.php?rest_route=%2Fwp%2Fv2%2Fcomments&post=4792"}],"version-history":[{"count":0,"href":"https:\/\/agromt.news\/index.php?rest_route=\/wp\/v2\/posts\/4792\/revisions"}],"wp:featuredmedia":[{"embeddable":true,"href":"https:\/\/agromt.news\/index.php?rest_route=\/wp\/v2\/media\/1101"}],"wp:attachment":[{"href":"https:\/\/agromt.news\/index.php?rest_route=%2Fwp%2Fv2%2Fmedia&parent=4792"}],"wp:term":[{"taxonomy":"category","embeddable":true,"href":"https:\/\/agromt.news\/index.php?rest_route=%2Fwp%2Fv2%2Fcategories&post=4792"},{"taxonomy":"post_tag","embeddable":true,"href":"https:\/\/agromt.news\/index.php?rest_route=%2Fwp%2Fv2%2Ftags&post=4792"}],"curies":[{"name":"wp","href":"https:\/\/api.w.org\/{rel}","templated":true}]}}