{"id":4786,"date":"2024-11-10T15:20:36","date_gmt":"2024-11-10T19:20:36","guid":{"rendered":"https:\/\/agromt.news\/?p=4786"},"modified":"2024-11-10T15:20:36","modified_gmt":"2024-11-10T19:20:36","slug":"desmatamento-na-amazonia-registra-maior-queda-dos-ultimos-15-anos","status":"publish","type":"post","link":"https:\/\/agromt.news\/?p=4786","title":{"rendered":"Desmatamento na Amaz\u00f4nia registra maior queda dos \u00faltimos 15 anos"},"content":{"rendered":"<p> <br \/>\n<\/p>\n<div>\n<p>Estimativas do sistema Prodes, do Instituto Nacional de Pesquisas Espaciais (<a href=\"https:\/\/www.canalrural.com.br\/tag\/inpe\/\">Inpe<\/a>), mostram que a Amaz\u00f4nia registrou um desmatamento de 6.288 km\u00b2 entre agosto de 2023 e julho de 2024.<\/p>\n<p>O n\u00famero representa redu\u00e7\u00e3o de 30,63% em compara\u00e7\u00e3o ao per\u00edodo anterior, marcando a maior queda percentual em 15 anos.<\/p>\n<p>J\u00e1 no Cerrado, a taxa oficial de desmatamento foi de 8.174 km\u00b2, o que equivale a menor \u00e1rea desmatada desde 2019, com uma redu\u00e7\u00e3o de 25,7%. Este \u00e9 o primeiro sinal de queda no desmatamento desse bioma em quatro anos. <\/p>\n<p>Aproximadamente 76,4% do desmatamento no Cerrado ocorreu em um quadrante conhecido como Matopiba, que abrange os estados de Maranh\u00e3o, Tocantins, Piau\u00ed e Bahia.<\/p>\n<p>Durante o ato do governo federal que anunciou os n\u00fameros, na semana passada, foi assinado um pacto entre a esfera federal e os governadores dos estados do Matopiba, visando \u00e0 preven\u00e7\u00e3o e controle do desmatamento e de inc\u00eandios na regi\u00e3o. O objetivo do governo \u00e9 alcan\u00e7ar desmatamento zero em todos os biomas do Brasil at\u00e9 2030.<\/p>\n<p>O Prodes utiliza imagens de sat\u00e9lite com resolu\u00e7\u00e3o de 10 a 30 metros, mais precisas do que as do sistema Deter, que emite alertas di\u00e1rios para auxiliar na fiscaliza\u00e7\u00e3o. <\/p>\n<p>No per\u00edodo de agosto de 2023 a julho de 2024, foram registrados 3.266 autos de infra\u00e7\u00e3o na Amaz\u00f4nia, totalizando R$ 2,02 bilh\u00f5es em multas, 2.568 embargos de \u00e1rea ou atividade e 316 mil hectares embargados. <\/p>\n<p>Al\u00e9m disso, ocorreram 1.717 apreens\u00f5es de bens e produtos. No Cerrado, foram 731 autos de infra\u00e7\u00e3o, somando R$ 204,4 milh\u00f5es em multas e 451 embargos, al\u00e9m de 309 apreens\u00f5es de bens e produtos.<\/p>\n<\/div>\n<div>\n<h2 class=\"wp-block-heading\" id=\"h-fiscalizacao-do-desmatamento\">Fiscaliza\u00e7\u00e3o do desmatamento<\/h2>\n<figure class=\"wp-block-image size-full\"><img fetchpriority=\"high\" decoding=\"async\" width=\"800\" height=\"534\" alt=\"desmatamento, produtor, sema, mato grosso, lei\" class=\"wp-image-4025953\"  data-lazy- src=\"https:\/\/agromt.news\/wp-content\/uploads\/2024\/10\/desmatamento-fazendeiro-sema-mato-grosso.jpg\"\/><img decoding=\"async\" width=\"800\" height=\"534\" src=\"https:\/\/agromt.news\/wp-content\/uploads\/2024\/10\/desmatamento-fazendeiro-sema-mato-grosso.jpg\" alt=\"desmatamento, produtor, sema, mato grosso, lei\" class=\"wp-image-4025953\"  \/><figcaption class=\"wp-element-caption\">Foto: Divulga\u00e7\u00e3o\/Sema-MT<\/figcaption><\/figure>\n<p>A crescente vigil\u00e2ncia e as linhas de a\u00e7\u00e3o estrat\u00e9gicas de combate aos crimes ambientais desempenhadas pelo Instituto Brasileiro do Meio Ambiente e dos Recursos Naturais Renov\u00e1veis (<a href=\"https:\/\/www.canalrural.com.br\/tag\/Ibama\/\">Ibama<\/a>) e outros \u00f3rg\u00e3os de fiscaliza\u00e7\u00e3o t\u00eam contribu\u00eddo para a redu\u00e7\u00e3o do desmatamento. <\/p>\n<p>Entre as a\u00e7\u00f5es est\u00e3o a fiscaliza\u00e7\u00e3o remota do desmatamento, que abrange cerca de 625 mil hectares, e da cadeia da madeira, onde 2,4 milh\u00f5es de metros c\u00fabicos foram bloqueados. <\/p>\n<p>Segundo o presidente do Ibama, Rodrigo Agostinho, a redu\u00e7\u00e3o no desmatamento registrada nos \u00faltimos anos reflete o esfor\u00e7o e as a\u00e7\u00f5es voltadas a prote\u00e7\u00e3o dos biomas. \u201cA queda nos \u00edndices de desmatamento nos \u00faltimos anos \u00e9 um reflexo do trabalho \u00e1rduo e das a\u00e7\u00f5es determinadas que estamos implementando\u201d, declarou.<\/p>\n<p>O governo anunciou uma s\u00e9rie de iniciativas focadas no desenvolvimento sustent\u00e1vel. Entre elas, destaca-se a ades\u00e3o de 48 munic\u00edpios ao Programa Uni\u00e3o com Munic\u00edpios, destinado a promover a sustentabilidade e combater o desmatamento, alocando <strong>R$ 770 milh\u00f5es<\/strong> para essas a\u00e7\u00f5es.<\/p>\n<h2 class=\"wp-block-heading\" id=\"h-protecao-as-terras-indigenas\">Prote\u00e7\u00e3o \u00e0s terras ind\u00edgenas<\/h2>\n<p>O pacto assinado n\u00e3o s\u00f3 prop\u00f5e aumentar a fiscaliza\u00e7\u00e3o e a transpar\u00eancia em rela\u00e7\u00e3o ao desmatamento ilegal, mas tamb\u00e9m busca a conserva\u00e7\u00e3o dos ativos florestais e da \u00e1gua nos diferentes ecossistemas do Cerrado. <\/p>\n<p>As a\u00e7\u00f5es incluem a reinstala\u00e7\u00e3o de c\u00e2maras t\u00e9cnicas e medidas de prote\u00e7\u00e3o \u00e0s terras ind\u00edgenas, com a homologa\u00e7\u00e3o de 810 mil hectares e a cria\u00e7\u00e3o de novas \u00e1reas de conserva\u00e7\u00e3o.<\/p>\n<p>De acordo com o diretor de Prote\u00e7\u00e3o Ambiental do Ibama, Jair Schmitt, a colabora\u00e7\u00e3o entre os estados e o governo federal aponta para um caminho promissor na luta contra o desmatamento, enquanto as metas para os pr\u00f3ximos anos s\u00e3o reafirmadas, criando uma esperan\u00e7a renovada na preserva\u00e7\u00e3o das nossas riquezas naturais e na recupera\u00e7\u00e3o dos ecossistemas brasileiros.<\/p>\n<p><em>*Sob supervis\u00e3o de Victor Faverin<\/em><\/p>\n<hr class=\"wp-block-separator has-alpha-channel-opacity\"\/>\n<p><em>Saiba em primeira m\u00e3o informa\u00e7\u00f5es sobre agricultura, pecu\u00e1ria, economia e previs\u00e3o do tempo. <a href=\"https:\/\/news.google.com\/publications\/CAAqBwgKMPKZlQswq_mqAw?ceid=BR:pt-419&amp;oc=3&amp;hl=pt-BR&amp;gl=BR\"><strong>Siga o Canal Rural no Google News<\/strong><\/a>.<\/em>\n\t<\/div>\n<p><br \/>\n<br \/><a href=\"https:\/\/www.canalrural.com.br\/sustentabilidade\/desmatamento-na-amazonia-registra-maior-queda-dos-ultimos-15-anos\/\">Source link <\/a><\/p>\n","protected":false},"excerpt":{"rendered":"<p>Estimativas do sistema Prodes, do Instituto Nacional de Pesquisas Espaciais (Inpe), mostram que a Amaz\u00f4nia registrou um desmatamento de 6.288<\/p>\n","protected":false},"author":1,"featured_media":4787,"comment_status":"open","ping_status":"open","sticky":false,"template":"","format":"standard","meta":{"_monsterinsights_skip_tracking":false,"_monsterinsights_sitenote_active":false,"_monsterinsights_sitenote_note":"","_monsterinsights_sitenote_category":0,"_uf_show_specific_survey":0,"_uf_disable_surveys":false,"footnotes":""},"categories":[1],"tags":[],"class_list":["post-4786","post","type-post","status-publish","format-standard","has-post-thumbnail","hentry","category-news"],"_links":{"self":[{"href":"https:\/\/agromt.news\/index.php?rest_route=\/wp\/v2\/posts\/4786"}],"collection":[{"href":"https:\/\/agromt.news\/index.php?rest_route=\/wp\/v2\/posts"}],"about":[{"href":"https:\/\/agromt.news\/index.php?rest_route=\/wp\/v2\/types\/post"}],"author":[{"embeddable":true,"href":"https:\/\/agromt.news\/index.php?rest_route=\/wp\/v2\/users\/1"}],"replies":[{"embeddable":true,"href":"https:\/\/agromt.news\/index.php?rest_route=%2Fwp%2Fv2%2Fcomments&post=4786"}],"version-history":[{"count":0,"href":"https:\/\/agromt.news\/index.php?rest_route=\/wp\/v2\/posts\/4786\/revisions"}],"wp:featuredmedia":[{"embeddable":true,"href":"https:\/\/agromt.news\/index.php?rest_route=\/wp\/v2\/media\/4787"}],"wp:attachment":[{"href":"https:\/\/agromt.news\/index.php?rest_route=%2Fwp%2Fv2%2Fmedia&parent=4786"}],"wp:term":[{"taxonomy":"category","embeddable":true,"href":"https:\/\/agromt.news\/index.php?rest_route=%2Fwp%2Fv2%2Fcategories&post=4786"},{"taxonomy":"post_tag","embeddable":true,"href":"https:\/\/agromt.news\/index.php?rest_route=%2Fwp%2Fv2%2Ftags&post=4786"}],"curies":[{"name":"wp","href":"https:\/\/api.w.org\/{rel}","templated":true}]}}